{"id":41991,"date":"2025-11-06T21:33:07","date_gmt":"2025-11-06T21:33:07","guid":{"rendered":"https:\/\/www.europesays.com\/lv\/41991\/"},"modified":"2025-11-06T21:33:07","modified_gmt":"2025-11-06T21:33:07","slug":"krievija-pec-dronu-trieciena-darbu-aptur-viena-no-lielakajam-naftas-parstrades-rupnicam-raksts","status":"publish","type":"post","link":"https:\/\/www.europesays.com\/lv\/41991\/","title":{"rendered":"Krievij\u0101 p\u0113c dronu trieciena darbu aptur viena no liel\u0101kaj\u0101m naftas p\u0101rstr\u0101des r\u016bpn\u012bc\u0101m \/ Raksts"},"content":{"rendered":"<p>P\u0113c Ukrainas dronu trieciena Volgograd\u0101 darbu p\u0101rtraukusi uz\u0146\u0113muma &#8220;Lukoil&#8221; naftas p\u0101rstr\u0101des r\u016bpn\u012bca, kas ir viena no liel\u0101kaj\u0101m Krievij\u0101, v\u0113sta zi\u0146u a\u0123ent\u016bra &#8220;Reuters&#8221;, atsaucoties uz avotiem.\u00a0<\/p>\n<p>Triecienu rezult\u0101t\u0101 saboj\u0101ta galven\u0101 j\u0113lnaftas p\u0101rstr\u0101des iek\u0101rta, kuras jauda ir 66 700 barelu dien\u0101 (aptuveni 20% no naftas p\u0101rstr\u0101des r\u016bpn\u012bcas kop\u0113j\u0101 ra\u017eo\u0161anas apjoma), saboj\u0101ts ar\u012b hidrokrekinga p\u0101rstr\u0101des komplekss.\u00a0<\/p>\n<p>&#8220;R\u016bpn\u012bca apst\u0101j\u0101s&#8221;, bet viena no iek\u0101rt\u0101m aizdeg\u0101s, teiku\u0161i &#8220;Reuters&#8221; sarunbiedri.\u00a0<\/p>\n<p>2024. gad\u0101 Volgogradas naftas p\u0101rstr\u0101des r\u016bpn\u012bcas ra\u017eo\u0161anas apjoms bija 13,7 miljoni tonnu naftas, kas ir aptuveni 5,1% no visu Krievijas naftas p\u0101rstr\u0101des r\u016bpn\u012bcu jaudas, nor\u0101da &#8220;Reuters&#8221;.\u00a0<\/p>\n<p>Iepriek\u0161 Ukrainas armijas \u0123ener\u0101l\u0161t\u0101bs zi\u0146oja par triecienu Volgogradas naftas p\u0101rstr\u0101des r\u016bpn\u012bcai.\u00a0<\/p>\n<p>Volgogradas apgabala varasiest\u0101des v\u0113st\u012bja, ka drona atl\u016bzu kri\u0161ana izrais\u012bjusi ugunsgr\u0113ku Volgogradas Krasnoarmeiskas rajona industri\u0101l\u0101s zonas teritorij\u0101. \u0160aj\u0101 teritorij\u0101 atrodas &#8220;Lukoil&#8221; naftas p\u0101rstr\u0101des r\u016bpn\u012bca.<\/p>\n<p>                    Valodas k\u013c\u016bda rakst\u0101?<\/p>\n<p class=\"d-none d-md-block\">Iez\u012bm\u0113jiet tekstu un spiediet Ctrl+Enter, lai nos\u016bt\u012btu labojamo teksta fragmentu redaktoram! Par faktu k\u013c\u016bd\u0101m l\u016bdzam zi\u0146ot e-past\u0101 <a href=\"https:\/\/www.lsm.lv\/cdn-cgi\/l\/email-protection\" class=\"__cf_email__\" data-cfemail=\"91e3f4f5f0faf2f8fbf0d1fde2fcbffde7\" rel=\"nofollow noopener\" target=\"_blank\">[email\u00a0protected]<\/a>.<\/p>\n<p class=\"d-md-none\">Iez\u012bm\u0113jiet tekstu un spiediet uz Zi\u0146ot par k\u013c\u016bdu pogas, lai nos\u016bt\u012btu labojamo teksta fragmentu redaktoram!<\/p>\n<p>\n                    Zi\u0146ot par k\u013c\u016bdu\n                <\/p>\n","protected":false},"excerpt":{"rendered":"P\u0113c Ukrainas dronu trieciena Volgograd\u0101 darbu p\u0101rtraukusi uz\u0146\u0113muma &#8220;Lukoil&#8221; naftas p\u0101rstr\u0101des r\u016bpn\u012bca, kas ir viena no liel\u0101kaj\u0101m Krievij\u0101,&hellip;\n","protected":false},"author":2,"featured_media":41992,"comment_status":"","ping_status":"","sticky":false,"template":"","format":"standard","meta":{"footnotes":""},"categories":[14],"tags":[23,57,28,29,32,33,22,30,31,35,39,38,36,37,34,40,20,26,27,24,25,54,55,56,21,58],"class_list":{"0":"post-41991","1":"post","2":"type-post","3":"status-publish","4":"format-standard","5":"has-post-thumbnail","7":"category-zinas-no-arvalstim","8":"tag-aktualitates","9":"tag-arvalstim","10":"tag-breaking-news","11":"tag-breakingnews","12":"tag-featured-news","13":"tag-featurednews","14":"tag-headlines","15":"tag-latest-news","16":"tag-latestnews","17":"tag-latvia","18":"tag-latvian","19":"tag-latviesu","20":"tag-latviesu-valoda","21":"tag-latviesuvaloda","22":"tag-latvija","23":"tag-lv","24":"tag-news","25":"tag-popularakas-zinas","26":"tag-popularakaszinas","27":"tag-top-stories","28":"tag-topstories","29":"tag-world","30":"tag-world-news","31":"tag-worldnews","32":"tag-zinas","33":"tag-zinas-no-arvalstim"},"share_on_mastodon":{"url":"https:\/\/pubeurope.com\/@lv\/115504899838571343","error":""},"_links":{"self":[{"href":"https:\/\/www.europesays.com\/lv\/wp-json\/wp\/v2\/posts\/41991","targetHints":{"allow":["GET"]}}],"collection":[{"href":"https:\/\/www.europesays.com\/lv\/wp-json\/wp\/v2\/posts"}],"about":[{"href":"https:\/\/www.europesays.com\/lv\/wp-json\/wp\/v2\/types\/post"}],"author":[{"embeddable":true,"href":"https:\/\/www.europesays.com\/lv\/wp-json\/wp\/v2\/users\/2"}],"replies":[{"embeddable":true,"href":"https:\/\/www.europesays.com\/lv\/wp-json\/wp\/v2\/comments?post=41991"}],"version-history":[{"count":0,"href":"https:\/\/www.europesays.com\/lv\/wp-json\/wp\/v2\/posts\/41991\/revisions"}],"wp:featuredmedia":[{"embeddable":true,"href":"https:\/\/www.europesays.com\/lv\/wp-json\/wp\/v2\/media\/41992"}],"wp:attachment":[{"href":"https:\/\/www.europesays.com\/lv\/wp-json\/wp\/v2\/media?parent=41991"}],"wp:term":[{"taxonomy":"category","embeddable":true,"href":"https:\/\/www.europesays.com\/lv\/wp-json\/wp\/v2\/categories?post=41991"},{"taxonomy":"post_tag","embeddable":true,"href":"https:\/\/www.europesays.com\/lv\/wp-json\/wp\/v2\/tags?post=41991"}],"curies":[{"name":"wp","href":"https:\/\/api.w.org\/{rel}","templated":true}]}}