{"id":4204,"date":"2025-09-24T22:40:21","date_gmt":"2025-09-24T22:40:21","guid":{"rendered":"https:\/\/www.europesays.com\/lv\/4204\/"},"modified":"2025-09-24T22:40:21","modified_gmt":"2025-09-24T22:40:21","slug":"latvijas-veselibas-aprupes-nakotne-uz-izskirsanas-slieksna-lente-lv","status":"publish","type":"post","link":"https:\/\/www.europesays.com\/lv\/4204\/","title":{"rendered":"Latvijas vesel\u012bbas apr\u016bpes n\u0101kotne uz iz\u0161\u0137ir\u0161an\u0101s sliek\u0161\u0146a\u00a0\u2014\u00a0Lente.lv"},"content":{"rendered":"<p>Latvijas medi\u0137i arvien ska\u013c\u0101k pau\u017e neapmierin\u0101t\u012bbu ar sist\u0113misko nepietiekamo finans\u0113jumu, kas draud ar vesel\u012bbas apr\u016bpes nozares sabrukumu. Lai gan vald\u012bba uzsver vesel\u012bbas apr\u016bpes priorit\u0101ti, re\u0101laj\u0101 bud\u017eet\u0101 \u0161\u012b priorit\u0101te bie\u017ei vien atspogu\u013cojas nepietiekami, liekot medi\u0137iem apsv\u0113rt pat streika iesp\u0113ju. Situ\u0101cija ir sasniegusi kritisku punktu, kur\u0101 nepiecie\u0161ami steidzami un radik\u0101li risin\u0101jumi.<\/p>\n<p>Finansi\u0101l\u0101 plaisa un t\u0101s sekas<\/p>\n<p>K\u0101 nor\u0101d\u012bts, vesel\u012bbas apr\u016bpes nozar\u0113 iztr\u016bkst vismaz 650 miljoni eiro, lai nodro\u0161in\u0101tu adekv\u0101tu t\u0101s darb\u012bbu. Lai gan saprotams, ka \u0161\u0101du summu nevar nodro\u0161in\u0101t viena gada laik\u0101, tom\u0113r vald\u012bbas pie\u0161\u0137irtais finans\u0113jums nav bijis pietiekami augo\u0161s, lai segtu pieaugo\u0161\u0101s izmaksas un nodro\u0161in\u0101tu konkur\u0113tsp\u0113j\u012bgu atalgojumu. Sal\u012bdzin\u0101jum\u0101 ar 2023. gadu, 2024. gad\u0101 vesel\u012bbas apr\u016bpei atv\u0113l\u0113tais finans\u0113jums k\u0101 procentu\u0101l\u0101 da\u013ca no IKP ir pat samazin\u0101jies, un tiek prognoz\u0113ts, ka tas turpin\u0101s samazin\u0101ties. \u0160\u0101da tendence ir \u012bpa\u0161i satrauco\u0161a, jo citas nozares, piem\u0113ram, dro\u0161\u012bba, sa\u0146em iev\u0113rojami liel\u0101ku finans\u0113jumu.<\/p>\n<p>Neadekv\u0101tais finans\u0113jums rada virkni negat\u012bvu seku. Pacientiem ir j\u0101gaida gar\u0101s rind\u0101s uz izmekl\u0113jumiem un speci\u0101listu konsult\u0101cij\u0101m, kas bie\u017ei vien beidzas jau septembr\u012b. Daudzas oper\u0101cijas tiek p\u0101rceltas uz n\u0101kamo gadu, radot milz\u012bgus zaud\u0113jumus un apdraudot vesel\u012bbas apr\u016bpes sist\u0113mas ilgtsp\u0113ju. Slimn\u012bcas saskaras ar finans\u0113juma tr\u016bkumu, un da\u017e\u0101m pat draud bankrots. Vair\u0101k nek\u0101 700 miljoni eiro, kas tiek t\u0113r\u0113ti slimn\u012bcu uztur\u0113\u0161anai, nenodro\u0161ina kvalitat\u012bvu apr\u016bpi, liekot sist\u0113mu d\u0113v\u0113t par d\u0101rgu \u201cbutaforiju\u201d.<\/p>\n<p>\u0160\u012b situ\u0101cija tie\u0161i ietekm\u0113 iedz\u012bvot\u0101jus, kuriem vesel\u012bbas apr\u016bpes pieejam\u012bba k\u013c\u016bst arvien apgr\u016btino\u0161\u0101ka. Gandr\u012bz puse Latvijas iedz\u012bvot\u0101ju p\u0113d\u0113j\u0101 gada laik\u0101 ir atteiku\u0161ies no \u0101rsta viz\u012btes vai nepiecie\u0161am\u0101s \u0101rst\u0113\u0161anas finansi\u0101lu apsv\u0113rumu d\u0113\u013c. Tas rada netaisn\u012bgu un nesolid\u0101ru apr\u016bpi, palielinot iedz\u012bvot\u0101ju priv\u0101tos izdevumus un ziedojumus dz\u012bv\u012bbas gl\u0101b\u0161anai.<\/p>\n<p>Medi\u0137u pras\u012bbas un vald\u012bbas reakcija<\/p>\n<p>Latvijas Vesel\u012bbas un soci\u0101l\u0101s apr\u016bpes darbinieku arodbiedr\u012bba (LVSADA) jau ilgsto\u0161i pieprasa adekv\u0101tu finans\u0113jumu nozarei un medi\u0137u atalgojuma palielin\u0101\u0161anu. S\u0101kotn\u0113ji tika pras\u012bts 15% pieaugums, bet p\u0113c tam nedaudz piek\u0101pjoties, pras\u012bba tika samazin\u0101ta l\u012bdz 13,5%. Tas valstij izmaks\u0101tu aptuveni 133 miljonus eiro papildus. Arodbiedr\u012bba uzsver, ka \u0161\u0101ds atalgojuma pieaugums ir nepiecie\u0161ams, lai nodro\u0161in\u0101tu nozares konkur\u0113tsp\u0113ju un nov\u0113rstu speci\u0101listu tr\u016bkumu. Latvij\u0101 \u0101rstu un m\u0101su skaits uz iedz\u012bvot\u0101ju skaitu ir viens no zem\u0101kajiem Eiropas Savien\u012bb\u0101.<\/p>\n<p>Tom\u0113r vald\u012bbas reakcija uz \u0161\u012bm pras\u012bb\u0101m ir attur\u012bga. Finan\u0161u ministrijas pied\u0101v\u0101jums paredz papildu finans\u0113jumu vesel\u012bbas apr\u016bpei aptuveni 34 miljonus eiro gad\u0101, ta\u010du LVSADA nor\u0101da, ka \u0161aj\u0101s summ\u0101s nav paredz\u0113ti l\u012bdzek\u013ci algu palielin\u0101jumam. Vesel\u012bbas ministrs Hosams Abu Meri atzinis, ka 133 miljoni eiro \u0161obr\u012bd nav re\u0101li \u012bstenojami, jo Latvijas fisk\u0101l\u0101 telpa ir ierobe\u017eota un l\u012bdzek\u013ci nepiecie\u0161ami ar\u012b cit\u0101m svar\u012bg\u0101m nozar\u0113m, piem\u0113ram, dro\u0161\u012bbai un demogr\u0101fijai. Vi\u0146\u0161 gan piebildis, ka, radoties papildu iesp\u0113j\u0101m, priorit\u0101ri tiks celti zem\u0101kie atalgojumi, \u012bpa\u0161i m\u0101s\u0101m.<\/p>\n<p>Nesaska\u0146u d\u0113\u013c medi\u0137u arodbiedr\u012bba ir uzs\u0101kusi kolekt\u012bv\u0101 intere\u0161u str\u012bda proced\u016bru. Ja vieno\u0161an\u0101s netiks pan\u0101kta, medi\u0137i neizsl\u0113dz protestus un pat streiku. Tas ir nopietns sign\u0101ls par kr\u012bzes dzi\u013cumu un nepiecie\u0161am\u012bbu p\u0113c radik\u0101liem risin\u0101jumiem.<\/p>\n<p>N\u0101kotnes perspekt\u012bvas un risin\u0101jumi<\/p>\n<p>Situ\u0101cija vesel\u012bbas apr\u016bpes nozar\u0113 ir smaga, un t\u0101 pieprasa ne tikai papildu finans\u0113jumu, bet ar\u012b sist\u0113misku pieeju probl\u0113mu risin\u0101\u0161anai. Latvijas \u0100rstu biedr\u012bba (L\u0100B) atk\u0101rtoti prasa vesel\u012bbas apr\u016bpei atv\u0113l\u0113t vismaz 6% no iek\u0161zemes kopprodukta (IKP) vai 13% l\u012bdz 14% no valsts konsolid\u0113t\u0101 bud\u017eeta. Tas ir sal\u012bdzin\u0101ms ar vid\u0113jo r\u0101d\u012bt\u0101ju Eiropas Savien\u012bb\u0101, kur Latvijas izdevumi medic\u012bnai sv\u0101rst\u0101s ap 4% no IKP un ir zem\u0101kie Baltijas valst\u012bs.<\/p>\n<p>Nepiecie\u0161ams ar\u012b stiprin\u0101t prim\u0101ro apr\u016bpi un \u0123imenes \u0101rstu instit\u016bciju, nodro\u0161inot tarifus, kas atbilst re\u0101laj\u0101m izmaks\u0101m. Ir svar\u012bgi ar\u012b risin\u0101t apr\u016bpes person\u0101la tr\u016bkumu, kas jau sasniedz kritisku l\u012bmeni. Jaunie speci\u0101listi bie\u017ei vien dod priek\u0161roku darbam \u0101rzem\u0113s zem\u0101 atalgojuma d\u0113\u013c.<\/p>\n<p>Lai gan vald\u012bba ir apzin\u0101jusies probl\u0113mu, pie\u0146emtie l\u0113mumi un bud\u017eeta priorit\u0101tes liecina par nepietiekamu prioritiz\u0101ciju vesel\u012bbas apr\u016bpei. Probl\u0113mas risin\u0101\u0161an\u0101 nepiecie\u0161ama visu iesaist\u012bto pu\u0161u \u2013 vald\u012bbas, medi\u0137u, pacientu un sabiedr\u012bbas \u2013 kop\u012bga r\u012bc\u012bba. Tikai ar vienotu pieeju un adekv\u0101tu finans\u0113jumu var cer\u0113t uz vesel\u012bbas apr\u016bpes sist\u0113mas stabiliz\u0101ciju un uzlabo\u0161anu, nodro\u0161inot kvalitat\u012bvu un pieejamu medic\u012bnisko pal\u012bdz\u012bbu visiem Latvijas iedz\u012bvot\u0101jiem.<\/p>\n","protected":false},"excerpt":{"rendered":"Latvijas medi\u0137i arvien ska\u013c\u0101k pau\u017e neapmierin\u0101t\u012bbu ar sist\u0113misko nepietiekamo finans\u0113jumu, kas draud ar vesel\u012bbas apr\u016bpes nozares sabrukumu. Lai&hellip;\n","protected":false},"author":2,"featured_media":4205,"comment_status":"","ping_status":"","sticky":false,"template":"","format":"standard","meta":{"footnotes":""},"categories":[5],"tags":[23,2024,28,29,32,33,22,30,31,35,39,38,36,37,34,40,2026,258,20,26,27,24,25,387,2025,21],"class_list":{"0":"post-4204","1":"post","2":"type-post","3":"status-publish","4":"format-standard","5":"has-post-thumbnail","7":"category-aktualitates","8":"tag-aktualitates","9":"tag-arstu-streiks","10":"tag-breaking-news","11":"tag-breakingnews","12":"tag-featured-news","13":"tag-featurednews","14":"tag-headlines","15":"tag-latest-news","16":"tag-latestnews","17":"tag-latvia","18":"tag-latvian","19":"tag-latviesu","20":"tag-latviesu-valoda","21":"tag-latviesuvaloda","22":"tag-latvija","23":"tag-lv","24":"tag-medicinas-nozares-problemas","25":"tag-mediku-algas","26":"tag-news","27":"tag-popularakas-zinas","28":"tag-popularakaszinas","29":"tag-top-stories","30":"tag-topstories","31":"tag-veselibas-aprupes-finansejums","32":"tag-veselibas-aprupes-krize-latvija","33":"tag-zinas"},"share_on_mastodon":{"url":"","error":""},"_links":{"self":[{"href":"https:\/\/www.europesays.com\/lv\/wp-json\/wp\/v2\/posts\/4204","targetHints":{"allow":["GET"]}}],"collection":[{"href":"https:\/\/www.europesays.com\/lv\/wp-json\/wp\/v2\/posts"}],"about":[{"href":"https:\/\/www.europesays.com\/lv\/wp-json\/wp\/v2\/types\/post"}],"author":[{"embeddable":true,"href":"https:\/\/www.europesays.com\/lv\/wp-json\/wp\/v2\/users\/2"}],"replies":[{"embeddable":true,"href":"https:\/\/www.europesays.com\/lv\/wp-json\/wp\/v2\/comments?post=4204"}],"version-history":[{"count":0,"href":"https:\/\/www.europesays.com\/lv\/wp-json\/wp\/v2\/posts\/4204\/revisions"}],"wp:featuredmedia":[{"embeddable":true,"href":"https:\/\/www.europesays.com\/lv\/wp-json\/wp\/v2\/media\/4205"}],"wp:attachment":[{"href":"https:\/\/www.europesays.com\/lv\/wp-json\/wp\/v2\/media?parent=4204"}],"wp:term":[{"taxonomy":"category","embeddable":true,"href":"https:\/\/www.europesays.com\/lv\/wp-json\/wp\/v2\/categories?post=4204"},{"taxonomy":"post_tag","embeddable":true,"href":"https:\/\/www.europesays.com\/lv\/wp-json\/wp\/v2\/tags?post=4204"}],"curies":[{"name":"wp","href":"https:\/\/api.w.org\/{rel}","templated":true}]}}