{"id":42041,"date":"2025-11-06T22:53:12","date_gmt":"2025-11-06T22:53:12","guid":{"rendered":"https:\/\/www.europesays.com\/lv\/42041\/"},"modified":"2025-11-06T22:53:12","modified_gmt":"2025-11-06T22:53:12","slug":"somijas-klubs-izmanto-iespeju-un-lidz-2028-gadam-pagarina-ligumu-ar-smitu-hokejs-sportacentrs-com","status":"publish","type":"post","link":"https:\/\/www.europesays.com\/lv\/42041\/","title":{"rendered":"Somijas klubs izmanto iesp\u0113ju un l\u012bdz 2028. gadam pagarina l\u012bgumu ar \u0160mitu \u2013 Hokejs \u2013 Sportacentrs.com"},"content":{"rendered":"<p>Alberts \u0160mits \u0161aj\u0101 sezon\u0101 k\u013cuvis par Somijas \u010dempion\u0101ta uzleco\u0161o zvaigzni. Aizsargs 19 sp\u0113l\u0113s izc\u0113lies ar se\u0161iem v\u0101rtiem un desmit punktiem, vid\u0113ji uz ledus pavadot pie 20 min\u016bt\u0113m. Lai gan pirms sezonas tika prognoz\u0113ta p\u0113d\u0113j\u0101 vieta, Mikeli &#8220;Jukurit&#8221; turn\u012bra tabul\u0101 iek\u0101rtojusies \u0113rtaj\u0101 ceturtaj\u0101 viet\u0101.<\/p>\n<p>\u0160mits ar\u012b piedal\u012bjies piec\u0101s sp\u0113l\u0113s Somijas U20 l\u012bg\u0101, g\u016bstot se\u0161us v\u0101rtus un sakr\u0101jot desmit punktus un visnota\u013c \u0101tri pier\u0101dot, ka \u0161aj\u0101 l\u012bmen\u012b neiederas.<\/p>\n<p>&#8220;Alberts \u0161eit sp\u0113ris lielus so\u013cus uz priek\u0161u. Vi\u0146\u0161 aizvada lielisku sezonu, un viens no atalgojumiem ir pirmais uzaicin\u0101jums uz Latvijas valstsvien\u012bbu. Ir skaidrs, ka m\u0113s grib\u0113j\u0101m izmantot iesp\u0113ju un pagarin\u0101t l\u012bgumu. Vi\u0146am ir milzu v\u0113lme k\u013c\u016bt lab\u0101kam un vi\u0146\u0161 ieguld\u012bjis daudz darba. Darbs turpin\u0101s, un vi\u0146u sagaida liel\u0101kas ar\u0113nas. Vi\u0146\u0161 ir izcils talants,&#8221; teica &#8220;Jukurit&#8221; sporta direktors Miko Hakarainens.<\/p>\n<p>\u0160mits ir Somijas \u010dempion\u0101ta rezultat\u012bv\u0101kais debitantu ieskait\u0113. Latvijas izlase \u0161ovakar aizvad\u012bs p\u0101rbaudes sp\u0113li pret V\u0101ciju, un 17 gadus vecajam aizsargam tas b\u016bs pirmais ma\u010ds valstsvien\u012bbas krekl\u0101. \u0160mits treni\u0146os darboj\u0101s vien\u0101 p\u0101r\u012b ar 37 gadus veco Oskaru Cibu\u013cski.<\/p>\n<p>Izmantotie resursi:<br \/><a target=\"_blank\" href=\"https:\/\/jukurit.fi\/fi-fi\/article\/uutiset\/optio-kaytetty-alberts-smits-jatkaa-jukureissa\/5653\/\" rel=\"nofollow noopener\">https:\/\/jukurit.fi\/fi-fi\/article\/uu&#8230;<\/a><\/p>\n","protected":false},"excerpt":{"rendered":"Alberts \u0160mits \u0161aj\u0101 sezon\u0101 k\u013cuvis par Somijas \u010dempion\u0101ta uzleco\u0161o zvaigzni. Aizsargs 19 sp\u0113l\u0113s izc\u0113lies ar se\u0161iem v\u0101rtiem un&hellip;\n","protected":false},"author":2,"featured_media":36505,"comment_status":"","ping_status":"","sticky":false,"template":"","format":"standard","meta":{"footnotes":""},"categories":[5],"tags":[23,28,29,32,33,22,394,30,31,35,39,38,36,37,34,40,20,26,27,24,25,21],"class_list":{"0":"post-42041","1":"post","2":"type-post","3":"status-publish","4":"format-standard","5":"has-post-thumbnail","7":"category-aktualitates","8":"tag-aktualitates","9":"tag-breaking-news","10":"tag-breakingnews","11":"tag-featured-news","12":"tag-featurednews","13":"tag-headlines","14":"tag-hokejs","15":"tag-latest-news","16":"tag-latestnews","17":"tag-latvia","18":"tag-latvian","19":"tag-latviesu","20":"tag-latviesu-valoda","21":"tag-latviesuvaloda","22":"tag-latvija","23":"tag-lv","24":"tag-news","25":"tag-popularakas-zinas","26":"tag-popularakaszinas","27":"tag-top-stories","28":"tag-topstories","29":"tag-zinas"},"share_on_mastodon":{"url":"https:\/\/pubeurope.com\/@lv\/115505214494282846","error":""},"_links":{"self":[{"href":"https:\/\/www.europesays.com\/lv\/wp-json\/wp\/v2\/posts\/42041","targetHints":{"allow":["GET"]}}],"collection":[{"href":"https:\/\/www.europesays.com\/lv\/wp-json\/wp\/v2\/posts"}],"about":[{"href":"https:\/\/www.europesays.com\/lv\/wp-json\/wp\/v2\/types\/post"}],"author":[{"embeddable":true,"href":"https:\/\/www.europesays.com\/lv\/wp-json\/wp\/v2\/users\/2"}],"replies":[{"embeddable":true,"href":"https:\/\/www.europesays.com\/lv\/wp-json\/wp\/v2\/comments?post=42041"}],"version-history":[{"count":0,"href":"https:\/\/www.europesays.com\/lv\/wp-json\/wp\/v2\/posts\/42041\/revisions"}],"wp:featuredmedia":[{"embeddable":true,"href":"https:\/\/www.europesays.com\/lv\/wp-json\/wp\/v2\/media\/36505"}],"wp:attachment":[{"href":"https:\/\/www.europesays.com\/lv\/wp-json\/wp\/v2\/media?parent=42041"}],"wp:term":[{"taxonomy":"category","embeddable":true,"href":"https:\/\/www.europesays.com\/lv\/wp-json\/wp\/v2\/categories?post=42041"},{"taxonomy":"post_tag","embeddable":true,"href":"https:\/\/www.europesays.com\/lv\/wp-json\/wp\/v2\/tags?post=42041"}],"curies":[{"name":"wp","href":"https:\/\/api.w.org\/{rel}","templated":true}]}}