{"id":42050,"date":"2025-11-06T23:01:07","date_gmt":"2025-11-06T23:01:07","guid":{"rendered":"https:\/\/www.europesays.com\/lv\/42050\/"},"modified":"2025-11-06T23:01:07","modified_gmt":"2025-11-06T23:01:07","slug":"foto-%e2%9f%a9-iecienijusi-bmw-ar-kadiem-spekratiem-uz-treninu-atbraukusi-latvijas-izlases-hokejisti","status":"publish","type":"post","link":"https:\/\/www.europesays.com\/lv\/42050\/","title":{"rendered":"FOTO \u27e9 Iecien\u012bju\u0161i BMW \u2013 ar k\u0101diem sp\u0113kratiem uz treni\u0146u atbrauku\u0161i Latvijas izlases hokejisti?"},"content":{"rendered":"<p>Jau p\u0113c nedaudz vair\u0101k k\u0101 90 dien\u0101m s\u0101ksies 2026. gada Mil\u0101nas un Kort\u012bnas ziemas olimpisk\u0101s sp\u0113l\u0113s. T\u0101m gatavojas ar\u012b Latvijas v\u012brie\u0161u hokeja izlase, kura \u0161aj\u0101 ned\u0113\u013cas nogal\u0113 piedal\u012bsies turn\u012br\u0101 V\u0101cij\u0101. Tre\u0161dien, 5. novembr\u012b, m\u016bsu v\u012bri aizvad\u012bja p\u0113d\u0113jo treni\u0146u pirms do\u0161an\u0101s uz V\u0101ciju, t\u0101p\u0113c tie\u0161saistes \u017eurn\u0101ls TVNET+ dev\u0101s uz Daugavas ledus halli, lai apl\u016bkotu, ar k\u0101diem sp\u0113kratiem hokejisti atbrauku\u0161i.<\/p>\n","protected":false},"excerpt":{"rendered":"Jau p\u0113c nedaudz vair\u0101k k\u0101 90 dien\u0101m s\u0101ksies 2026. gada Mil\u0101nas un Kort\u012bnas ziemas olimpisk\u0101s sp\u0113l\u0113s. T\u0101m gatavojas&hellip;\n","protected":false},"author":2,"featured_media":42051,"comment_status":"","ping_status":"","sticky":false,"template":"","format":"standard","meta":{"footnotes":""},"categories":[17],"tags":[1494,1144,35,39,38,36,37,34,1532,40,67,6074],"class_list":{"0":"post-42050","1":"post","2":"type-post","3":"status-publish","4":"format-standard","5":"has-post-thumbnail","7":"category-sports","8":"tag-automasinas","9":"tag-bmw","10":"tag-latvia","11":"tag-latvian","12":"tag-latviesu","13":"tag-latviesu-valoda","14":"tag-latviesuvaloda","15":"tag-latvija","16":"tag-latvijas-hokeja-izlase","17":"tag-lv","18":"tag-sports","19":"tag-tvnet-auto"},"share_on_mastodon":{"url":"https:\/\/pubeurope.com\/@lv\/115505245930736005","error":""},"_links":{"self":[{"href":"https:\/\/www.europesays.com\/lv\/wp-json\/wp\/v2\/posts\/42050","targetHints":{"allow":["GET"]}}],"collection":[{"href":"https:\/\/www.europesays.com\/lv\/wp-json\/wp\/v2\/posts"}],"about":[{"href":"https:\/\/www.europesays.com\/lv\/wp-json\/wp\/v2\/types\/post"}],"author":[{"embeddable":true,"href":"https:\/\/www.europesays.com\/lv\/wp-json\/wp\/v2\/users\/2"}],"replies":[{"embeddable":true,"href":"https:\/\/www.europesays.com\/lv\/wp-json\/wp\/v2\/comments?post=42050"}],"version-history":[{"count":0,"href":"https:\/\/www.europesays.com\/lv\/wp-json\/wp\/v2\/posts\/42050\/revisions"}],"wp:featuredmedia":[{"embeddable":true,"href":"https:\/\/www.europesays.com\/lv\/wp-json\/wp\/v2\/media\/42051"}],"wp:attachment":[{"href":"https:\/\/www.europesays.com\/lv\/wp-json\/wp\/v2\/media?parent=42050"}],"wp:term":[{"taxonomy":"category","embeddable":true,"href":"https:\/\/www.europesays.com\/lv\/wp-json\/wp\/v2\/categories?post=42050"},{"taxonomy":"post_tag","embeddable":true,"href":"https:\/\/www.europesays.com\/lv\/wp-json\/wp\/v2\/tags?post=42050"}],"curies":[{"name":"wp","href":"https:\/\/api.w.org\/{rel}","templated":true}]}}