{"id":42065,"date":"2025-11-07T00:26:10","date_gmt":"2025-11-07T00:26:10","guid":{"rendered":"https:\/\/www.europesays.com\/lv\/42065\/"},"modified":"2025-11-07T00:26:10","modified_gmt":"2025-11-07T00:26:10","slug":"vaicaju-vai-vins-nesaprot-ka-ta-sieviete-ir-sabojajusi-vina-dzivi","status":"publish","type":"post","link":"https:\/\/www.europesays.com\/lv\/42065\/","title":{"rendered":"Vaic\u0101ju, vai vi\u0146\u0161 nesaprot, ka t\u0101 sieviete ir saboj\u0101jusi vi\u0146a dz\u012bvi?"},"content":{"rendered":"<p>P\u0113rn boj\u0101 g\u0101ju\u0161\u0101 Latvijas basketbola sp\u012bdek\u013ca J\u0101\u0146a Timmas t\u0113vs Raitis Timma emocion\u0101l\u0101 sarun\u0101 &#8220;VEF R\u012bga&#8221; podk\u0101st\u0101 ar Edgaru Jaunupu dal\u012bjies atmi\u0146\u0101s par J\u0101ni, ce\u013cu basketbol\u0101, Kr\u0101slavu un br\u012bdi, kad d\u0113ls p\u0101rr\u0101va attiec\u012bbas ar draugiem un tuviniekiem. <\/p>\n<p>&#8220;Viss notika tad, kad ar\u012b ar mani \u0161\u0137\u012br\u0101s attiec\u012bbas,&#8221; par attiec\u012bbu izjuk\u0161anu ar d\u0113lu st\u0101st\u012bja Raitis. &#8220;Nojuka attiec\u012bbas ar visiem draugiem, visiem tiem cilv\u0113kiem, kas bija labu dar\u012bju\u0161i&#8230; T\u0101 sieviete vi\u0146am samain\u012bja galvu gal\u012bgi uz otru pusi, un vi\u0146\u0161 sp\u0113ra gal\u012bgi neapdom\u012bgus so\u013cus, j\u0101saka k\u0101 ir.&#8221;<\/p>\n<p>Raitis ar\u012b atzina, ka vi\u0146a d\u0113ls glob\u0101li bija zvaig\u017e\u0146ots basketbolists, kur\u0161 naudu netaup\u012bja. &#8220;Es redz\u0113ju, k\u0101 l\u012bdzjut\u0113ji vi\u0146u atbalsta. J\u0101nis ar\u012b mani materi\u0101li atbalst\u012bja l\u012bdz noteiktam mirklim, kad ka\u0137is vai ka\u0137ene p\u0101rskr\u0113ja p\u0101ri ce\u013cam un redziet, k\u0101 dz\u012bv\u0113 notiek&#8230;. Naudu vi\u0146\u0161 nekad ze\u0137\u0113 netur\u0113ja un to nebaid\u012bj\u0101s t\u0113r\u0113t.&#8221;<\/p>\n<blockquote><p>Es nezinu, par ko m\u0113s tagad c\u012bn\u0101mies par k\u0101diem mantojumiem, jo  nezinu cik t\u0101s naudas tur. <\/p><\/blockquote>\n<p>&#8220;Neesmu pieradis l\u012bst sve\u0161\u0101s kabat\u0101s, kaut ar\u012b t\u0101 nebija sve\u0161a, bet, god\u012bgi sakot, nepiev\u0113rsu tam uzman\u012bbu. Zinu, ka vi\u0146am bija pietiekami daudz, ja paskat\u0101s uz ma\u0161\u012bn\u0101m un dz\u012bvok\u013ciem, ko var\u0113ja at\u013cauties nopirkt. Bija ar\u012b bizness kaut k\u0101ds Latvij\u0101 un ar\u012b tas nesa naudu. Ta\u010du vien\u0101 mirkl\u012b ar\u012b ar to sar\u0101va saites. Tas mani uztraucas, bet man jau vairs tad nebija nek\u0101das piek\u013cuves.&#8221;<\/p>\n<p>Raitis atmin\u0113j\u0101s, kad un k\u0101 notika sai\u0161u p\u0101rrau\u0161ana ar d\u0113lu. <\/p>\n<p>&#8220;Tas bija 2021. gada 12. novembr\u012b. Man taj\u0101 laik\u0101 bija diezgan \u0161vaki ar ce\u013cgaliem un pats knapi staig\u0101ju,&#8221; atkl\u0101ja Raitis, kur\u0161 st\u0101sta, ka tolaik pie vi\u0146a esot dz\u012bvojis J\u0101\u0146a suns. &#8220;Bij\u0101m pastaig\u0101t pa me\u017eu un palaid\u0101m va\u013c\u0101 paskraid\u012bt, bet laikam t\u0101 nevajadz\u0113ja dar\u012bt. Vi\u0146u nobrauca ma\u0161\u012bna. S\u0101kum\u0101 \u0101rsti Daugavpil\u012b teica, ka viss b\u016bs labi un es J\u0101nim v\u0113l neko neteicu, bet n\u0101kamaj\u0101 r\u012bt\u0101 zvan\u012bja un teica, ka suns diem\u017e\u0113l ir nomiris.&#8221; <\/p>\n<blockquote><p>J\u0101nis vainoja mani \u0161aj\u0101 notikum\u0101. P\u0113c t\u0101 notikuma m\u016bsu attiec\u012bbas izbeidz\u0101s.<\/p><\/blockquote>\n<p>&#8220;Kaut kad oktobr\u012b [2024. gad\u0101] mums izdev\u0101s sazvan\u012bties tad, kad vi\u0146\u0161 [soci\u0101lajos t\u012bklos] draud\u0113ja lekt lej\u0101 no balkon. Bet notika v\u0113l slikt\u0101k, jo sab\u0101r\u0101mies v\u0113l vair\u0101k. Jaut\u0101ju, vai vi\u0146\u0161 nesaprot, ka t\u0101 sieviete ir saboj\u0101jusi visu karjeru? Visi, kas tev pal\u012bdz\u0113ju\u0161i, tu esi aizmirsis un ir tikai vi\u0146a, vi\u0146a, vi\u0146a. Tas viss aizg\u0101ja piln\u012bgi, man to v\u0101rdu negribas teikt&#8230; Visa vi\u0146a forma g\u0101ja uz leju un ar\u012b sapratu, ka vairs tik daudz netren\u0113j\u0101s.&#8221;<\/p>\n<p>&#8220;Ac\u012bmredzot [nepr\u0101t\u012bgi] m\u012bl\u0113ja. Kad visi lam\u0101ja vi\u0146u, ka vi\u0146\u0161 brauc uz Krieviju peln\u012bt asi\u0146aino naudu, es teicu, ka t\u0101 nav taisn\u012bba, jo vi\u0146\u0161 brauc tur, kur ir cilv\u0113ks, kuru m\u012bl. Vi\u0146\u0161 grib b\u016bt tuvum\u0101.&#8221;<\/p>\n<blockquote><p>Tagad jau vairs neko nevar pamain\u012bt. M\u0113s varam tikai aizbraukt, sagr\u0101bt lapas pie kapa, nolikt pu\u0137i un pievest suni kl\u0101t.<\/p><\/blockquote>\n<p>&#8220;Man ir pat t\u0101das domas n\u0101ku\u0161as pr\u0101t\u0101, ka esmu ar savu basketbolu samait\u0101jis vi\u0146am dz\u012bvi, bet saprotu, ka tas nav pareizi. Vi\u0146am t\u0101 dz\u012bve bija laba un vi\u0146\u0161 dar\u012bja to, kas vi\u0146am visvair\u0101k patika. \u017d\u0113l, ko dar\u012bsi. Diem\u017e\u0113l vi\u0146\u0161 satika to, ko nevajadz\u0113ja satikt,&#8221; st\u0101sta Raitis.<\/p>\n<p><img decoding=\"async\" src=\"https:\/\/www.europesays.com\/lv\/wp-content\/uploads\/2025\/11\/0dbad403b1eb5f1d7025f991a45d80c8.png\" title=\"Raitis Timma un Edgars Jaunups pie J\u0101\u0146a Timmas kapa vietas. Foto: Ekr\u0101n\u0161\u0101vi\u0146\u0161 no &quot;VEF R\u012bga&quot; podk\u0101sta\" alt=\"Raitis Timma un Edgars Jaunups pie J\u0101\u0146a Timmas kapa vietas. Foto: Ekr\u0101n\u0161\u0101vi\u0146\u0161 no &quot;VEF R\u012bga&quot; podk\u0101sta\"\/><\/p>\n<p class=\"article-img-desc\">Raitis Timma un Edgars Jaunups pie J\u0101\u0146a Timmas kapa vietas. Foto: Ekr\u0101n\u0161\u0101vi\u0146\u0161 no &#8220;VEF R\u012bga&#8221; podk\u0101sta<\/p>\n","protected":false},"excerpt":{"rendered":"P\u0113rn boj\u0101 g\u0101ju\u0161\u0101 Latvijas basketbola sp\u012bdek\u013ca J\u0101\u0146a Timmas t\u0113vs Raitis Timma emocion\u0101l\u0101 sarun\u0101 &#8220;VEF R\u012bga&#8221; podk\u0101st\u0101 ar Edgaru&hellip;\n","protected":false},"author":2,"featured_media":42066,"comment_status":"","ping_status":"","sticky":false,"template":"","format":"standard","meta":{"footnotes":""},"categories":[17],"tags":[129,6912,126,35,39,38,36,37,34,40,6913,127,67,6914,128],"class_list":{"0":"post-42065","1":"post","2":"type-post","3":"status-publish","4":"format-standard","5":"has-post-thumbnail","7":"category-sports","8":"tag-__typenameadvicekeyword","9":"tag-id1383","10":"tag-id770","11":"tag-latvia","12":"tag-latvian","13":"tag-latviesu","14":"tag-latviesu-valoda","15":"tag-latviesuvaloda","16":"tag-latvija","17":"tag-lv","18":"tag-slugjanis-timma","19":"tag-slugsports","20":"tag-sports","21":"tag-titlejanis-timma","22":"tag-titlesports"},"share_on_mastodon":{"url":"https:\/\/pubeurope.com\/@lv\/115505580190064153","error":""},"_links":{"self":[{"href":"https:\/\/www.europesays.com\/lv\/wp-json\/wp\/v2\/posts\/42065","targetHints":{"allow":["GET"]}}],"collection":[{"href":"https:\/\/www.europesays.com\/lv\/wp-json\/wp\/v2\/posts"}],"about":[{"href":"https:\/\/www.europesays.com\/lv\/wp-json\/wp\/v2\/types\/post"}],"author":[{"embeddable":true,"href":"https:\/\/www.europesays.com\/lv\/wp-json\/wp\/v2\/users\/2"}],"replies":[{"embeddable":true,"href":"https:\/\/www.europesays.com\/lv\/wp-json\/wp\/v2\/comments?post=42065"}],"version-history":[{"count":0,"href":"https:\/\/www.europesays.com\/lv\/wp-json\/wp\/v2\/posts\/42065\/revisions"}],"wp:featuredmedia":[{"embeddable":true,"href":"https:\/\/www.europesays.com\/lv\/wp-json\/wp\/v2\/media\/42066"}],"wp:attachment":[{"href":"https:\/\/www.europesays.com\/lv\/wp-json\/wp\/v2\/media?parent=42065"}],"wp:term":[{"taxonomy":"category","embeddable":true,"href":"https:\/\/www.europesays.com\/lv\/wp-json\/wp\/v2\/categories?post=42065"},{"taxonomy":"post_tag","embeddable":true,"href":"https:\/\/www.europesays.com\/lv\/wp-json\/wp\/v2\/tags?post=42065"}],"curies":[{"name":"wp","href":"https:\/\/api.w.org\/{rel}","templated":true}]}}