{"id":42069,"date":"2025-11-07T00:38:10","date_gmt":"2025-11-07T00:38:10","guid":{"rendered":"https:\/\/www.europesays.com\/lv\/42069\/"},"modified":"2025-11-07T00:38:10","modified_gmt":"2025-11-07T00:38:10","slug":"brali-reisuli-apvienojas-yamaha-mx2-rupnicas-komanda-motoru-sports-sportacentrs-com","status":"publish","type":"post","link":"https:\/\/www.europesays.com\/lv\/42069\/","title":{"rendered":"Br\u0101\u013ci Rei\u0161u\u013ci apvienojas &#8220;Yamaha&#8221; MX2 r\u016bpn\u012bcas komand\u0101 \u2013 Motoru sports \u2013 Sportacentrs.com"},"content":{"rendered":"<p>Jap\u0101nas ra\u017eot\u0101js un N\u012bderland\u0113 b\u0101z\u0113t\u0101 &#8220;Monster Energy Yamaha Factory MX2&#8221; komanda ir apstiprin\u0101jusi sadarb\u012bbu ar abiem Latvijas talantiem. K\u0101rlis Alberts Rei\u0161ulis paliek komand\u0101, kur\u0101 start\u0113ja jau l\u012bdz \u0161im, savuk\u0101rt tikko par Eiropas \u010dempionu EMX250 klas\u0113 kron\u0113tais J\u0101nis M\u0101rti\u0146\u0161 Rei\u0161ulis tiek paaugstin\u0101ts uz MX2 r\u016bpn\u012bcas vien\u012bbu. Abi br\u0101\u013ci 2026. gad\u0101 veidos jaunu un dinamisku duetu.<\/p>\n<p>20 gadus vecais K.Rei\u0161ulis \u0161ogad aizvad\u012bja savu pirmo pilno sezonu MX2 klas\u0113, regul\u0101ri c\u012bn\u012bj\u0101s par punktiem un nereti fini\u0161\u0113ja pirmaj\u0101 desmitniek\u0101. M\u0113r\u0137is ir rezult\u0101tu zi\u0146\u0101 progres\u0113t.<\/p>\n<p>&#8220;Es priec\u0101jos, ka var\u0113\u0161u palikt komand\u0101 v\u0113l vienu gadu,&#8221; saka K\u0101rlis. &#8220;\u0160eit visi str\u0101d\u0101 ar vienotu m\u0113r\u0137i, un m\u0113s tie\u0161\u0101m cen\u0161amies k\u013c\u016bt lab\u0101ki. N\u0101kamgad mans galvenais uzdevums ir b\u016bt sevis lab\u0101kai versijai, regul\u0101ri iek\u013c\u016bt lab\u0101ko desmitniek\u0101 un c\u012bn\u012bties par vado\u0161o piecinieku.&#8221;<\/p>\n<p>Savuk\u0101rt 17 gadus vecais J.Rei\u0161ulis turpina savu straujo k\u0101pumu &#8220;Yamaha Racing&#8221; sist\u0113m\u0101. P\u0113c iespaid\u012bga pan\u0101kuma EMX125 klas\u0113 2023. gad\u0101, \u0161ogad vi\u0146\u0161 k\u013cuva par EMX250 \u010dempionu, izc\u012bnot uzvaras desmit braucienos, piecas uzvaras posmos un septi\u0146us pjedest\u0101lus. \u0160ie rezult\u0101ti nodro\u0161in\u0101ja vi\u0146am peln\u012btu vietu r\u016bpn\u012bcas komand\u0101.<\/p>\n<p>&#8220;P\u0101reja uz MX2 ir solis tuv\u0101k manam sapnim, un dar\u012bt to ar r\u016bpn\u012bcas komandu ir v\u0113l jo \u012bpa\u0161\u0101k,&#8221; sac\u012bja J\u0101nis. &#8220;Komanda ir \u013coti profesion\u0101la, m\u0113s visi smagi str\u0101d\u0101jam, un es zinu, ka varam par\u0101d\u012bt lielas lietas. Mans m\u0113r\u0137is ir pabeigt visas sezonas sac\u012bkstes un turpin\u0101t c\u012bn\u012bties. Es vienm\u0113r start\u0113ju, lai uzvar\u0113tu.&#8221;<\/p>\n<p>&#8220;Yamaha&#8221; motokrosa programmas vad\u012bt\u0101js Torsens Lentinks nor\u0101da, ka abiem br\u0101\u013ciem tiek uztic\u0113ta liela atbild\u012bba, ta\u010du tiem ir liels potenci\u0101ls.<\/p>\n<p>&#8220;M\u0113s ar prieku turpin\u0101m sadarb\u012bbu ar K\u0101rli un J\u0101ni. K\u0101rlis kop\u0161 pievieno\u0161an\u0101s komandai 2024. gada vid\u016b ir par\u0101d\u012bjis milz\u012bgu izaugsmi un peln\u012bti paliek v\u0113l vienu gadu, savuk\u0101rt J\u0101\u0146a paaugstin\u0101\u0161ana bija lo\u0123isks solis p\u0113c uzvar\u0101m EMX klas\u0113s,&#8221; atzina Lentinks. &#8220;Lai ar\u012b st\u0101sts par br\u0101\u013ciem vien\u0101 komand\u0101 ir skaists, m\u016bsu galvenais fokuss ir talants un rezult\u0101ti. Abi ir motiv\u0113ti un \u0101tri brauc\u0113ji, kuri viens otru virz\u012bs uz priek\u0161u, un m\u0113s esam p\u0101rliecin\u0101ti, ka vi\u0146i k\u013c\u016bs par sp\u0113c\u012bgu p\u0101ri &#8220;Yamaha&#8221; sast\u0101v\u0101 2026. gad\u0101.&#8221;<\/p>\n<p>Izmantotie resursi:<br \/><a target=\"_blank\" href=\"http:\/\/www.yamaha-racing.com\" rel=\"nofollow noopener\">Home | Yamaha Racing<\/a><\/p>\n","protected":false},"excerpt":{"rendered":"Jap\u0101nas ra\u017eot\u0101js un N\u012bderland\u0113 b\u0101z\u0113t\u0101 &#8220;Monster Energy Yamaha Factory MX2&#8221; komanda ir apstiprin\u0101jusi sadarb\u012bbu ar abiem Latvijas talantiem.&hellip;\n","protected":false},"author":2,"featured_media":42070,"comment_status":"","ping_status":"","sticky":false,"template":"","format":"standard","meta":{"footnotes":""},"categories":[17],"tags":[35,39,38,36,37,34,40,165,67],"class_list":{"0":"post-42069","1":"post","2":"type-post","3":"status-publish","4":"format-standard","5":"has-post-thumbnail","7":"category-sports","8":"tag-latvia","9":"tag-latvian","10":"tag-latviesu","11":"tag-latviesu-valoda","12":"tag-latviesuvaloda","13":"tag-latvija","14":"tag-lv","15":"tag-motoru-sports","16":"tag-sports"},"share_on_mastodon":{"url":"https:\/\/pubeurope.com\/@lv\/115505627324647928","error":""},"_links":{"self":[{"href":"https:\/\/www.europesays.com\/lv\/wp-json\/wp\/v2\/posts\/42069","targetHints":{"allow":["GET"]}}],"collection":[{"href":"https:\/\/www.europesays.com\/lv\/wp-json\/wp\/v2\/posts"}],"about":[{"href":"https:\/\/www.europesays.com\/lv\/wp-json\/wp\/v2\/types\/post"}],"author":[{"embeddable":true,"href":"https:\/\/www.europesays.com\/lv\/wp-json\/wp\/v2\/users\/2"}],"replies":[{"embeddable":true,"href":"https:\/\/www.europesays.com\/lv\/wp-json\/wp\/v2\/comments?post=42069"}],"version-history":[{"count":0,"href":"https:\/\/www.europesays.com\/lv\/wp-json\/wp\/v2\/posts\/42069\/revisions"}],"wp:featuredmedia":[{"embeddable":true,"href":"https:\/\/www.europesays.com\/lv\/wp-json\/wp\/v2\/media\/42070"}],"wp:attachment":[{"href":"https:\/\/www.europesays.com\/lv\/wp-json\/wp\/v2\/media?parent=42069"}],"wp:term":[{"taxonomy":"category","embeddable":true,"href":"https:\/\/www.europesays.com\/lv\/wp-json\/wp\/v2\/categories?post=42069"},{"taxonomy":"post_tag","embeddable":true,"href":"https:\/\/www.europesays.com\/lv\/wp-json\/wp\/v2\/tags?post=42069"}],"curies":[{"name":"wp","href":"https:\/\/api.w.org\/{rel}","templated":true}]}}