{"id":42075,"date":"2025-11-07T00:54:08","date_gmt":"2025-11-07T00:54:08","guid":{"rendered":"https:\/\/www.europesays.com\/lv\/42075\/"},"modified":"2025-11-07T00:54:08","modified_gmt":"2025-11-07T00:54:08","slug":"maxima-sanem-sodu-par-iepirkuma-cenu-diktatu-piegadatajiem-draudets-ar-precu-iznemsanu-no-sortimenta","status":"publish","type":"post","link":"https:\/\/www.europesays.com\/lv\/42075\/","title":{"rendered":"&#8220;Maxima&#8221; sa\u0146em sodu par iepirkuma cenu dikt\u0101tu \u2014 pieg\u0101d\u0101t\u0101jiem draud\u0113ts ar pre\u010du iz\u0146em\u0161anu no sortimenta"},"content":{"rendered":"<p>Pre\u010du pieg\u0101d\u0101t\u0101ji, kuri nav pak\u013c\u0101vu\u0161ies &#8220;Maxima&#8221; iepirkuma cenu samazin\u0101\u0161anas spiedienam, tiku\u0161i br\u012bdin\u0101ti, ka vi\u0146u produkti tiks iz\u0146emti no sortimenta, netiks realiz\u0113tas jau saska\u0146ot\u0101s akcijas un turpm\u0101k vairs pas\u016bt\u012bta vi\u0146u prece, konstat\u0113jusi Konkurences padome.<\/p>\n<p>Turkl\u0101t pirc\u0113jiem no t\u0101 neesot bijis labuma, jo veikalu t\u012bkls zem\u0101kas cenas esot izmantojis liel\u0101ka piecenojuma veido\u0161anai un pe\u013c\u0146as g\u016b\u0161anai.<\/p>\n<p>&#8220;Latvijas Av\u012bze&#8221; jau zi\u0146oja, ka Konkurences padome (KP) par konstat\u0113tajiem Negod\u012bgas tirdzniec\u012bbas prakses aizlieguma likuma p\u0101rk\u0101pumiem piem\u0113rojusi mazumtirgot\u0101jam SIA &#8220;Maxima Latvija&#8221; naudas sodu 1,873 miljonu eiro apm\u0113r\u0101 un uzlikusi vair\u0101kus tiesiskos pien\u0101kumus. Savuk\u0101rt uz\u0146\u0113mums \u0161im l\u0113mumam nepiekr\u012bt un pl\u0101no to apstr\u012bd\u0113t.<\/p>\n<p>&#8220;&#8221;Maxima Latvija&#8221; sistem\u0101tiski un ilgi ir izmantojusi savu tirgus varu, vienpus\u0113ji nosakot pre\u010du iepirkuma cenas vair\u0101kiem lauksaimniec\u012bbas un p\u0101rtikas pre\u010du pieg\u0101d\u0101t\u0101jiem. Izdar\u012bt\u0101 spiediena rezult\u0101t\u0101 uz\u0146\u0113mums ir pan\u0101cis sev lab\u0101ku iepirkuma cenu, tam bija iesp\u0113ja veidot liel\u0101ku piecenojumu un g\u016bt liel\u0101ku pe\u013c\u0146u,&#8221; ceturtdien preses konferenc\u0113 teica KP priek\u0161s\u0113d\u0113t\u0101ja Ieva \u0160mite, uzsverot, ka pat\u0113r\u0113t\u0101ji no t\u0101 nav guvu\u0161i nek\u0101du labumu. Tie pieg\u0101d\u0101t\u0101ji, kuri nepak\u013c\u0101v\u0101s spiedienam, tiku\u0161i br\u012bdin\u0101ti, ka vi\u0146u produkti tiks iz\u0146emti no sortimenta, netiks realiz\u0113tas jau saska\u0146ot\u0101s akcijas un turpm\u0101k vairs pas\u016bt\u012bta vi\u0146u prece. KP neizpau\u017e tos pieg\u0101d\u0101t\u0101jus, uz kuriem izdar\u012bts spiediens, vi\u0146u interes\u0113s saglab\u0101jot anonimit\u0101ti. &#8220;Nav nosl\u0113pums, ka tirg\u016b past\u0101v \u013coti liels bai\u013cu faktors, jo visiem ir b\u016btiski atrasties lielajos mazumtirdzniec\u012bbas t\u012bklos,&#8221; secina I. \u0160mite.<\/p>\n<p>V\u0113t\u012b ar\u012b citus<\/p>\n","protected":false},"excerpt":{"rendered":"Pre\u010du pieg\u0101d\u0101t\u0101ji, kuri nav pak\u013c\u0101vu\u0161ies &#8220;Maxima&#8221; iepirkuma cenu samazin\u0101\u0161anas spiedienam, tiku\u0161i br\u012bdin\u0101ti, ka vi\u0146u produkti tiks iz\u0146emti no&hellip;\n","protected":false},"author":2,"featured_media":42076,"comment_status":"","ping_status":"","sticky":false,"template":"","format":"standard","meta":{"footnotes":""},"categories":[5],"tags":[23,28,29,32,33,22,30,31,35,39,38,36,37,34,40,20,26,27,24,25,21],"class_list":{"0":"post-42075","1":"post","2":"type-post","3":"status-publish","4":"format-standard","5":"has-post-thumbnail","7":"category-aktualitates","8":"tag-aktualitates","9":"tag-breaking-news","10":"tag-breakingnews","11":"tag-featured-news","12":"tag-featurednews","13":"tag-headlines","14":"tag-latest-news","15":"tag-latestnews","16":"tag-latvia","17":"tag-latvian","18":"tag-latviesu","19":"tag-latviesu-valoda","20":"tag-latviesuvaloda","21":"tag-latvija","22":"tag-lv","23":"tag-news","24":"tag-popularakas-zinas","25":"tag-popularakaszinas","26":"tag-top-stories","27":"tag-topstories","28":"tag-zinas"},"share_on_mastodon":{"url":"https:\/\/pubeurope.com\/@lv\/115505690222172055","error":""},"_links":{"self":[{"href":"https:\/\/www.europesays.com\/lv\/wp-json\/wp\/v2\/posts\/42075","targetHints":{"allow":["GET"]}}],"collection":[{"href":"https:\/\/www.europesays.com\/lv\/wp-json\/wp\/v2\/posts"}],"about":[{"href":"https:\/\/www.europesays.com\/lv\/wp-json\/wp\/v2\/types\/post"}],"author":[{"embeddable":true,"href":"https:\/\/www.europesays.com\/lv\/wp-json\/wp\/v2\/users\/2"}],"replies":[{"embeddable":true,"href":"https:\/\/www.europesays.com\/lv\/wp-json\/wp\/v2\/comments?post=42075"}],"version-history":[{"count":0,"href":"https:\/\/www.europesays.com\/lv\/wp-json\/wp\/v2\/posts\/42075\/revisions"}],"wp:featuredmedia":[{"embeddable":true,"href":"https:\/\/www.europesays.com\/lv\/wp-json\/wp\/v2\/media\/42076"}],"wp:attachment":[{"href":"https:\/\/www.europesays.com\/lv\/wp-json\/wp\/v2\/media?parent=42075"}],"wp:term":[{"taxonomy":"category","embeddable":true,"href":"https:\/\/www.europesays.com\/lv\/wp-json\/wp\/v2\/categories?post=42075"},{"taxonomy":"post_tag","embeddable":true,"href":"https:\/\/www.europesays.com\/lv\/wp-json\/wp\/v2\/tags?post=42075"}],"curies":[{"name":"wp","href":"https:\/\/api.w.org\/{rel}","templated":true}]}}