{"id":42077,"date":"2025-11-07T01:00:08","date_gmt":"2025-11-07T01:00:08","guid":{"rendered":"https:\/\/www.europesays.com\/lv\/42077\/"},"modified":"2025-11-07T01:00:08","modified_gmt":"2025-11-07T01:00:08","slug":"vairak-neka-tikai-muzika-eksperti-dalas-ar-padomiem-musdienu-skatuves-maksliniekiem-sejas-lv","status":"publish","type":"post","link":"https:\/\/www.europesays.com\/lv\/42077\/","title":{"rendered":"Vair\u0101k nek\u0101 &quot;tikai&quot; m\u016bzika: eksperti dal\u0101s ar padomiem m\u016bsdienu skatuves m\u0101ksliniekiem &#8211; Sejas.lv"},"content":{"rendered":"<ol>\n<li><a href=\"https:\/\/news.google.com\/rss\/articles\/CBMitAFBVV95cUxNS01jWmxuSGhwOVVmcDhSUlRSbjdTRkF4bWNUaWtuRFF4d0REbWczemxEam5LUzJscUQ3WEdSVzg5ZTkxTFdnNW9haC1NeFZuZzg1cHUtUkV6LTZUc1VvWldyUlFsY1d4TG1HTkUtYXNNVXVmNUlvWGhtZVNFNFVPZmNwU0VuWERYbG0wZk9JVldkS2o0MHllbGxDWnR5aEVQU1FwaXJIWXNCREdoVTJQRV9oM3k?oc=5\" target=\"_blank\" rel=\"nofollow noopener\">Vair\u0101k nek\u0101 &#8220;tikai&#8221; m\u016bzika: eksperti dal\u0101s ar padomiem m\u016bsdienu skatuves m\u0101ksliniekiem<\/a>&nbsp;&nbsp;Sejas.lv<\/li>\n<li><a href=\"https:\/\/news.google.com\/rss\/articles\/CBMiqgFBVV95cUxPbGx2dTVKZTRjOGVBSVVZcS1xaU1QN014V3JGMFlrQmdkUDQ3N1hUdW81UUJ6TGx0WTBTbzdwOUY3SlhmMTYxSkZzMHV2RTk2eW11VzZNM2xqQzRqbDhmS2ZSQVdSX1dTeDMydEdTeDk2RVh2VDVULVdvSnhKZy1pZnhhZXZTZU9wOTNsS0RHbzl0dFNHN0poTnhTTXNCVmVOTkFtc3Zfdnl4UQ?oc=5\" target=\"_blank\" rel=\"nofollow noopener\">FOTO \u27e9 Viss m\u016bzikas zieds vienuviet! V\u0113rien\u012bgi atkl\u0101ts pirmais &#8220;Riga Music Week&#8221;<\/a>&nbsp;&nbsp;Sejas.lv<\/li>\n<li><a href=\"https:\/\/news.google.com\/rss\/articles\/CBMi3wFBVV95cUxOaHhhM1FCUWFKazJoQkhXa1FVOG9sbl9PTGtoQjNkbV9BT1IwNVVNekVTN0luclcycHN2Y1NaWm5aZ1N3SnV3S0NhSzVVMGc2Nm9WMUluR1liUGlBZGhyTkp1S2lpSGZ5cVZpZXRvX09fc2kzRl96THpNbG9PcTZJVjdtZWk0aWF1czlTeXB3d2hVMFNJd1cwQWtSRVo4RndUNXlwWVIyLUlrZVJGX0Y5R3N5SDJqaGtncE1jem1xU3ZaT2xHRWRTdThFQkFRdGJQa1pkMlUzbWVuZEVQR0Fv?oc=5\" target=\"_blank\" rel=\"nofollow noopener\">\u00abKult\u016brdeva\u00bb raidierakst\u0101. M\u016bzikas producentes Guna Zu\u010dika un Agnese Cimu\u0161ka-Rekke \/ Raksts<\/a>&nbsp;&nbsp;LSM<\/li>\n<li><a href=\"https:\/\/news.google.com\/rss\/articles\/CBMirAFBVV95cUxQdjlCbjJiZ0F1bGNmdjhleGlOaV9hOW12SjRmaXM0bVYyOWVHTzJjY3lyMDBFY0tDNFd3SGRUZm9PQzJCN3gtVi1DWW4zV3VQMnZfZUFwUXE5UFcxWkpIbVFsamJkU05feTkwbmdUUU4tYWxISUctOGhkdGZKNzRYS1NfQ2ZiUFVoOUlxTE5WdFItcDhyZ0UxenJjLVZWcU5WLWV6Z2lSRHU4QjFT?oc=5\" target=\"_blank\" rel=\"nofollow noopener\">&#8220;Riga Music Week&#8221; ietvaros pasniegti zelta, plat\u012bna un dubultplat\u012bna sertifik\u0101ti<\/a>&nbsp;&nbsp;Sejas.lv<\/li>\n<li><a href=\"https:\/\/news.google.com\/rss\/articles\/CBMi_AFBVV95cUxONm1fMGQ4dmxYa0pPYmtsa0x3aDNXLUlFZ3B4b193aGM0bTFvRzdLMFNsUGc4ZlBneFdZZlNCWDZpd3hCWGhaaG9qVERMS0o5UFo1V2dJQXVsSWpOMzktem1qMExxclN5V0R4Q1BrOXM4R19iN2NDaEpKX1RTVk44UmFDTk1IUWZWNEo1QXZENTB0UmdsYy1xQzRSWGlDelZOU29xWUVNbm9rZ2RVUWZFODVieklDVDVvSlctbmJOcWw0UXBqWTZOVS05b2dFanV3YjVWMTFxN1Q5X3k4bk11ZWV3aEdaYTFyWXhNamdKTE9sam1YZVlqVzB1RVM?oc=5\" target=\"_blank\" rel=\"nofollow noopener\">R\u012bg\u0101 s\u0101kas pirmais &#8220;Riga Music Week&#8221;: M\u016bzikas profesion\u0101\u013ci un vair\u0101k nek\u0101 50 m\u0101kslinieki satiekas uz vienas skatuves<\/a>&nbsp;&nbsp;Lente.lv<\/li>\n<\/ol>\n","protected":false},"excerpt":{"rendered":"Vair\u0101k nek\u0101 &#8220;tikai&#8221; m\u016bzika: eksperti dal\u0101s ar padomiem m\u016bsdienu skatuves m\u0101ksliniekiem&nbsp;&nbsp;Sejas.lv FOTO \u27e9 Viss m\u016bzikas zieds vienuviet! V\u0113rien\u012bgi&hellip;\n","protected":false},"author":2,"featured_media":42078,"comment_status":"","ping_status":"","sticky":false,"template":"","format":"standard","meta":{"footnotes":""},"categories":[5],"tags":[23,1341,11958,28,29,32,33,22,11959,30,31,35,39,38,36,37,34,40,9257,468,11960,20,26,27,11368,3684,24,25,21],"class_list":{"0":"post-42077","1":"post","2":"type-post","3":"status-publish","4":"format-standard","5":"has-post-thumbnail","7":"category-aktualitates","8":"tag-aktualitates","9":"tag-angara-koncertzale","10":"tag-artis-volfs","11":"tag-breaking-news","12":"tag-breakingnews","13":"tag-featured-news","14":"tag-featurednews","15":"tag-headlines","16":"tag-kexp","17":"tag-latest-news","18":"tag-latestnews","19":"tag-latvia","20":"tag-latvian","21":"tag-latviesu","22":"tag-latviesu-valoda","23":"tag-latviesuvaloda","24":"tag-latvija","25":"tag-lv","26":"tag-marketings","27":"tag-muzikas-industrija","28":"tag-muzikas-tirgus","29":"tag-news","30":"tag-popularakas-zinas","31":"tag-popularakaszinas","32":"tag-radio-swh","33":"tag-riga-music-week","34":"tag-top-stories","35":"tag-topstories","36":"tag-zinas"},"share_on_mastodon":{"url":"https:\/\/pubeurope.com\/@lv\/115505713737989298","error":""},"_links":{"self":[{"href":"https:\/\/www.europesays.com\/lv\/wp-json\/wp\/v2\/posts\/42077","targetHints":{"allow":["GET"]}}],"collection":[{"href":"https:\/\/www.europesays.com\/lv\/wp-json\/wp\/v2\/posts"}],"about":[{"href":"https:\/\/www.europesays.com\/lv\/wp-json\/wp\/v2\/types\/post"}],"author":[{"embeddable":true,"href":"https:\/\/www.europesays.com\/lv\/wp-json\/wp\/v2\/users\/2"}],"replies":[{"embeddable":true,"href":"https:\/\/www.europesays.com\/lv\/wp-json\/wp\/v2\/comments?post=42077"}],"version-history":[{"count":0,"href":"https:\/\/www.europesays.com\/lv\/wp-json\/wp\/v2\/posts\/42077\/revisions"}],"wp:featuredmedia":[{"embeddable":true,"href":"https:\/\/www.europesays.com\/lv\/wp-json\/wp\/v2\/media\/42078"}],"wp:attachment":[{"href":"https:\/\/www.europesays.com\/lv\/wp-json\/wp\/v2\/media?parent=42077"}],"wp:term":[{"taxonomy":"category","embeddable":true,"href":"https:\/\/www.europesays.com\/lv\/wp-json\/wp\/v2\/categories?post=42077"},{"taxonomy":"post_tag","embeddable":true,"href":"https:\/\/www.europesays.com\/lv\/wp-json\/wp\/v2\/tags?post=42077"}],"curies":[{"name":"wp","href":"https:\/\/api.w.org\/{rel}","templated":true}]}}