{"id":42079,"date":"2025-11-07T01:06:08","date_gmt":"2025-11-07T01:06:08","guid":{"rendered":"https:\/\/www.europesays.com\/lv\/42079\/"},"modified":"2025-11-07T01:06:08","modified_gmt":"2025-11-07T01:06:08","slug":"lietuva-iesniedz-krievijai-notu-nra-lv","status":"publish","type":"post","link":"https:\/\/www.europesays.com\/lv\/42079\/","title":{"rendered":"Lietuva iesniedz Krievijai notu &#8211; nra.lv"},"content":{"rendered":"<p class=\"descr\">Lietuvas \u0100rlietu ministrija iesniegusi Krievijas pagaidu pilnvarotajam lietvedim k\u0101rt\u0113jo notu par Krievijas pla\u0161o uzbrukumu Ukrain\u0101 turpin\u0101\u0161anu.<\/p>\n<p>Not\u0101 nosod\u012bti uzbrukumi Ukrainas ener\u0123\u0113tikas infrastrukt\u016brai, kas ir izrais\u012bju\u0161i elektroener\u0123ijas un \u016bdens apg\u0101des trauc\u0113jumus,&#8221; pazi\u0146oja ministrija.<\/p>\n<p>Krievijas uzbrukumi civiliedz\u012bvot\u0101jiem un civilajiem objektiem, piem\u0113ram, b\u0113rnu slimn\u012bcai Herson\u0101, liecina, ka agresors Ukrainas apgabalos, kas atrodas tuvu frontes l\u012bnijai, cen\u0161as padar\u012bt dz\u012bvi neiesp\u0113jamu, nor\u0101d\u012bja Lietuvas \u0100rlietu ministrija.<\/p>\n<p>&#8220;Fakts, ka Krievijas iest\u0101des veic koordin\u0113tus pas\u0101kumus, lai izdz\u012btu Ukrainas civiliedz\u012bvot\u0101jus no vi\u0146u m\u0101j\u0101m, ir nor\u0101d\u012bts ar\u012b pag\u0101ju\u0161\u0101s ned\u0113\u013cas ANO neatkar\u012bg\u0101s starptautisk\u0101s izmekl\u0113\u0161anas komisijas zi\u0146ojum\u0101 par Ukrainu,&#8221; piebilsts pazi\u0146ojum\u0101.<\/p>\n<p>Lietuva aicin\u0101ja Krieviju nekav\u0113joties p\u0101rtraukt dronu un ra\u0137e\u0161u uzbrukumus un citas Ukrainas civiliedz\u012bvot\u0101jus teroriz\u0113jo\u0161as darb\u012bbas, piem\u0113ram, deport\u0101cijas, un iev\u0113rot starptautisk\u0101s humanit\u0101r\u0101s ties\u012bbas.<\/p>\n<p>Vi\u013c\u0146a ar\u012b atk\u0101rtoti piepras\u012bja, lai Maskava izbeidz agresiju pret Ukrainu, izved savus okup\u0101cijas sp\u0113kus no visas starptautiski atz\u012bt\u0101s Ukrainas teritorijas un atl\u012bdzina Ukrainai visus kara rad\u012btos zaud\u0113jumus.<\/p>\n<p>Kop\u0161 2022. gada pilna m\u0113roga iebrukuma s\u0101kuma Lietuva ir iesniegusi Krievijai vair\u0101kas protesta notas, p\u0113d\u0113jo reizi tas notika oktobra beig\u0101s.<\/p>\n<p>\t\t\t\t\t\tinfo<\/p>\n<p>Uzzini pirmais<br \/>kas interesants noticis Latvij\u0101 un pasaul\u0113,<br \/>pievienojoties mums <a href=\"https:\/\/t.me\/neatkariga\" rel=\"nofollow\">Telegram<\/a> vai <a href=\"https:\/\/whatsapp.com\/channel\/0029VaMLFUH5K3zLU5s4wm3y\" rel=\"nofollow noopener\" target=\"_blank\">Whatsapp<\/a> kan\u0101l\u0101<\/p>\n","protected":false},"excerpt":{"rendered":"Lietuvas \u0100rlietu ministrija iesniegusi Krievijas pagaidu pilnvarotajam lietvedim k\u0101rt\u0113jo notu par Krievijas pla\u0161o uzbrukumu Ukrain\u0101 turpin\u0101\u0161anu. Not\u0101 nosod\u012bti&hellip;\n","protected":false},"author":2,"featured_media":42080,"comment_status":"","ping_status":"","sticky":false,"template":"","format":"standard","meta":{"footnotes":""},"categories":[5],"tags":[23,28,29,32,33,22,30,31,35,39,38,36,37,34,40,20,26,27,24,25,21],"class_list":{"0":"post-42079","1":"post","2":"type-post","3":"status-publish","4":"format-standard","5":"has-post-thumbnail","7":"category-aktualitates","8":"tag-aktualitates","9":"tag-breaking-news","10":"tag-breakingnews","11":"tag-featured-news","12":"tag-featurednews","13":"tag-headlines","14":"tag-latest-news","15":"tag-latestnews","16":"tag-latvia","17":"tag-latvian","18":"tag-latviesu","19":"tag-latviesu-valoda","20":"tag-latviesuvaloda","21":"tag-latvija","22":"tag-lv","23":"tag-news","24":"tag-popularakas-zinas","25":"tag-popularakaszinas","26":"tag-top-stories","27":"tag-topstories","28":"tag-zinas"},"share_on_mastodon":{"url":"https:\/\/pubeurope.com\/@lv\/115505737447964262","error":""},"_links":{"self":[{"href":"https:\/\/www.europesays.com\/lv\/wp-json\/wp\/v2\/posts\/42079","targetHints":{"allow":["GET"]}}],"collection":[{"href":"https:\/\/www.europesays.com\/lv\/wp-json\/wp\/v2\/posts"}],"about":[{"href":"https:\/\/www.europesays.com\/lv\/wp-json\/wp\/v2\/types\/post"}],"author":[{"embeddable":true,"href":"https:\/\/www.europesays.com\/lv\/wp-json\/wp\/v2\/users\/2"}],"replies":[{"embeddable":true,"href":"https:\/\/www.europesays.com\/lv\/wp-json\/wp\/v2\/comments?post=42079"}],"version-history":[{"count":0,"href":"https:\/\/www.europesays.com\/lv\/wp-json\/wp\/v2\/posts\/42079\/revisions"}],"wp:featuredmedia":[{"embeddable":true,"href":"https:\/\/www.europesays.com\/lv\/wp-json\/wp\/v2\/media\/42080"}],"wp:attachment":[{"href":"https:\/\/www.europesays.com\/lv\/wp-json\/wp\/v2\/media?parent=42079"}],"wp:term":[{"taxonomy":"category","embeddable":true,"href":"https:\/\/www.europesays.com\/lv\/wp-json\/wp\/v2\/categories?post=42079"},{"taxonomy":"post_tag","embeddable":true,"href":"https:\/\/www.europesays.com\/lv\/wp-json\/wp\/v2\/tags?post=42079"}],"curies":[{"name":"wp","href":"https:\/\/api.w.org\/{rel}","templated":true}]}}