{"id":42091,"date":"2025-11-07T01:36:15","date_gmt":"2025-11-07T01:36:15","guid":{"rendered":"https:\/\/www.europesays.com\/lv\/42091\/"},"modified":"2025-11-07T01:36:15","modified_gmt":"2025-11-07T01:36:15","slug":"dace-melbarde-nonak-soctiklu-krustugunis","status":"publish","type":"post","link":"https:\/\/www.europesays.com\/lv\/42091\/","title":{"rendered":"Dace Melb\u0101rde non\u0101k soct\u012bklu krustugun\u012bs"},"content":{"rendered":"<p class=\"descr\">Saist\u012bb\u0101 ar Valmieras Valsts \u0123imn\u0101zijas audz\u0113k\u0146u realiz\u0113to aicin\u0101jumu pirmdien skol\u0101 ierasties s\u0113ru dr\u0113b\u0113s, t\u0101d\u0113j\u0101di pau\u017eot atbalstu Stambulas konvencijai, sabiedr\u012bb\u0101 izc\u0113l\u0101s pla\u0161as un visai ska\u013cas diskusijas.<\/p>\n<p>Cita starp\u0101 tika kritiz\u0113ta <a href=\"https:\/\/nra.lv\/tautaruna\/nebusanas\/505755-valmiera-gimnazija-skoleni-sodien-aicinati-ierasties-seru-dranas.htm\" data-item-link=\"true\" data-item-id=\"505755\" rel=\"nofollow noopener\" target=\"_blank\">skolas <\/a>ofici\u0101l\u0101s lapas izmanto\u0161ana \u0161\u0101dam aicin\u0101jumam, kas skol\u0113niem nepastarpin\u0101ti liek dom\u0101t, ka t\u0101 ir ofici\u0101l\u0101 skolas nost\u0101ja un preto\u0161an\u0101s aicin\u0101jumam var nel\u0101gi ietekm\u0113t turpm\u0101k\u0101s skolas gaitas.<\/p>\n<p>Otrdien izgl\u012bt\u012bbas un zin\u0101tnes ministre Dace Melb\u0101rde sav\u0101 X kont\u0101 public\u0113ja savu redz\u0113jumu uz notiku\u0161o <a href=\"https:\/\/nra.lv\/tautaruna\/nebusanas\/505755-valmiera-gimnazija-skoleni-sodien-aicinati-ierasties-seru-dranas.htm\" data-item-link=\"true\" data-item-id=\"505755\" rel=\"nofollow noopener\" target=\"_blank\">Valmieras Valsts \u0123imn\u0101zij\u0101<\/a>: &#8220;Es stingri iest\u0101jos par jaunie\u0161u ties\u012bb\u0101m br\u012bvi paust savu viedokli un izmantot Satversm\u0113 garant\u0113to izteik\u0161an\u0101s un pulc\u0113\u0161an\u0101s br\u012bv\u012bbu. Piln\u012bb\u0101 pie\u0146emu un apzinos, ka ar\u012b pedagogu un skol\u0113nu vid\u016b viedok\u013ci ir da\u017e\u0101di. Skola, skol\u0113ni un skolot\u0101ji ir da\u013ca no \u0161\u012bs sabiedr\u012bbas. (..)&#8221;<\/p>\n<p>Liel\u0101k\u0101 da\u013ca koment\u0113t\u0101ju neatbalsta Melb\u0101rdes pausto. Krista Medne: &#8220;Es no t\u0101das skolas savu b\u0113rnu ar steigu iz\u0146emtu, jo \u013coti labi zin\u0101ms, kas ir cancel culture, ko b\u012bda j\u016bs\u0113jie.&#8221;<\/p>\n<p>Elita Veidemane: &#8220;K\u0101ds var b\u016bt viedoklis pusaud\u017eiem, kuri ne ac\u012bs nav redz\u0113ju\u0161i to stambulas konvenciju? T\u0101 ir skol\u0113nu smadze\u0146u skalo\u0161ana ar m\u0113r\u0137i padar\u012bt vi\u0146us par neko nej\u0113dzo\u0161iem mankurtiem un progresistiem.&#8221;<\/p>\n<p>Jolanta Kublinska: &#8220;M\u016bs padomij\u0101 ar\u012b &#8220;br\u012bvpr\u0101t\u012bgi&#8221; dzina uz protestiem &#8220;Br\u012bv\u012bbu And\u017eelai Deivisai&#8221; &#8211; neviens \u012bsti nezin\u0101ja, kas t\u0101 t\u0101da, un turpin\u0101ja tikpat &#8220;br\u012bvpr\u0101t\u012bgi&#8221; no alg\u0101m ziedot (atvilka) naudu okupek\u013ca b\u016bvniec\u012bbai&#8230; pareizi saka, ka 2. v\u0113sture atk\u0101rtojas farsa veid\u0101&#8221;<\/p>\n<p>greya2: &#8220;\u0160eit nu gan neizskat\u0101s p\u0113c &#8211; br\u012bvi paust savu viedokli!&#8221;<\/p>\n<p>VPP: &#8220;Dace, ar \u0161\u0101du soli m\u0113s ejam Krievijas virzien\u0101. Vai t\u0101 konvencija ir to v\u0113rta? Kad skola uzspie\u017e savu redz\u0113jumu, tas nav, ko jaunie\u0161i dom\u0101. Skola var r\u012bkot debates.&#8221;<\/p>\n<blockquote class=\"twitter-tweet\">\n<p lang=\"lv\" dir=\"ltr\">Es stingri iest\u0101jos par jaunie\u0161u ties\u012bb\u0101m br\u012bvi paust savu viedokli un izmantot Satversm\u0113 garant\u0113to izteik\u0161an\u0101s un pulc\u0113\u0161an\u0101s br\u012bv\u012bbu. Piln\u012bb\u0101 pie\u0146emu un apzinos, ka ar\u012b pedagogu un skol\u0113nu vid\u016b viedok\u013ci ir da\u017e\u0101di. Skola, skol\u0113ni un skolot\u0101ji ir da\u013ca no \u0161\u012bs sabiedr\u012bbas. <a href=\"https:\/\/t.co\/0UY3xY2G3i\" rel=\"nofollow\">pic.twitter.com\/0UY3xY2G3i<\/a><\/p>\n<p>\u2014 Dace Melb\u0101rde (@dacemelbarde) <a href=\"https:\/\/twitter.com\/dacemelbarde\/status\/1985349841703375351?ref_src=twsrc%5Etfw\" rel=\"nofollow noopener\" target=\"_blank\">November 3, 2025<\/a><\/p><\/blockquote>\n<p>\t\t\t\t\t\tinfo<\/p>\n<p>Uzzini pirmais<br \/>kas interesants noticis Latvij\u0101 un pasaul\u0113,<br \/>pievienojoties mums <a href=\"https:\/\/t.me\/neatkariga\" rel=\"nofollow\">Telegram<\/a> vai <a href=\"https:\/\/whatsapp.com\/channel\/0029VaMLFUH5K3zLU5s4wm3y\" rel=\"nofollow noopener\" target=\"_blank\">Whatsapp<\/a> kan\u0101l\u0101<\/p>\n<p>\t\t\t\t\t\t\t\t\t<script async src=\"https:\/\/platform.twitter.com\/widgets.js\" charset=\"utf-8\"><\/script><\/p>\n","protected":false},"excerpt":{"rendered":"Saist\u012bb\u0101 ar Valmieras Valsts \u0123imn\u0101zijas audz\u0113k\u0146u realiz\u0113to aicin\u0101jumu pirmdien skol\u0101 ierasties s\u0113ru dr\u0113b\u0113s, t\u0101d\u0113j\u0101di pau\u017eot atbalstu Stambulas konvencijai,&hellip;\n","protected":false},"author":2,"featured_media":42092,"comment_status":"","ping_status":"","sticky":false,"template":"","format":"standard","meta":{"footnotes":""},"categories":[5],"tags":[23,28,29,32,33,22,30,31,35,39,38,36,37,34,40,20,26,27,24,25,21],"class_list":{"0":"post-42091","1":"post","2":"type-post","3":"status-publish","4":"format-standard","5":"has-post-thumbnail","7":"category-aktualitates","8":"tag-aktualitates","9":"tag-breaking-news","10":"tag-breakingnews","11":"tag-featured-news","12":"tag-featurednews","13":"tag-headlines","14":"tag-latest-news","15":"tag-latestnews","16":"tag-latvia","17":"tag-latvian","18":"tag-latviesu","19":"tag-latviesu-valoda","20":"tag-latviesuvaloda","21":"tag-latvija","22":"tag-lv","23":"tag-news","24":"tag-popularakas-zinas","25":"tag-popularakaszinas","26":"tag-top-stories","27":"tag-topstories","28":"tag-zinas"},"share_on_mastodon":{"url":"https:\/\/pubeurope.com\/@lv\/115505855413307227","error":""},"_links":{"self":[{"href":"https:\/\/www.europesays.com\/lv\/wp-json\/wp\/v2\/posts\/42091","targetHints":{"allow":["GET"]}}],"collection":[{"href":"https:\/\/www.europesays.com\/lv\/wp-json\/wp\/v2\/posts"}],"about":[{"href":"https:\/\/www.europesays.com\/lv\/wp-json\/wp\/v2\/types\/post"}],"author":[{"embeddable":true,"href":"https:\/\/www.europesays.com\/lv\/wp-json\/wp\/v2\/users\/2"}],"replies":[{"embeddable":true,"href":"https:\/\/www.europesays.com\/lv\/wp-json\/wp\/v2\/comments?post=42091"}],"version-history":[{"count":0,"href":"https:\/\/www.europesays.com\/lv\/wp-json\/wp\/v2\/posts\/42091\/revisions"}],"wp:featuredmedia":[{"embeddable":true,"href":"https:\/\/www.europesays.com\/lv\/wp-json\/wp\/v2\/media\/42092"}],"wp:attachment":[{"href":"https:\/\/www.europesays.com\/lv\/wp-json\/wp\/v2\/media?parent=42091"}],"wp:term":[{"taxonomy":"category","embeddable":true,"href":"https:\/\/www.europesays.com\/lv\/wp-json\/wp\/v2\/categories?post=42091"},{"taxonomy":"post_tag","embeddable":true,"href":"https:\/\/www.europesays.com\/lv\/wp-json\/wp\/v2\/tags?post=42091"}],"curies":[{"name":"wp","href":"https:\/\/api.w.org\/{rel}","templated":true}]}}