{"id":42095,"date":"2025-11-07T02:45:08","date_gmt":"2025-11-07T02:45:08","guid":{"rendered":"https:\/\/www.europesays.com\/lv\/42095\/"},"modified":"2025-11-07T02:45:08","modified_gmt":"2025-11-07T02:45:08","slug":"roja-trauceta-lmt-tikla-darbiba-modernizacijas-darbu-del-solits-atjaunojums-lidz-vakaram-lente-lv","status":"publish","type":"post","link":"https:\/\/www.europesays.com\/lv\/42095\/","title":{"rendered":"Roj\u0101 trauc\u0113ta LMT t\u012bkla darb\u012bba moderniz\u0101cijas darbu d\u0113\u013c; sol\u012bts atjaunojums l\u012bdz vakaram\u00a0\u2014\u00a0Lente.lv"},"content":{"rendered":"<p>LMT t\u012bkla trauc\u0113jumi Roj\u0101 moderniz\u0101cijas d\u0113\u013c<\/p>\n<p>Roj\u0101 \u0161odien, 7. novembr\u012b, tiek nov\u0113roti b\u016btiski trauc\u0113jumi mobilo sakaru operatora LMT t\u012bkla darb\u012bb\u0101. \u0160ie ne\u0113rt\u012bbas radu\u0161\u0101s pl\u0101noto Rojas b\u0101zes stacijas moderniz\u0101cijas darbu d\u0113\u013c, par ko inform\u0113ju\u0161i LMT p\u0101rst\u0101vji. Lai gan ir paredzami \u012bslaic\u012bgi p\u0101rtraukumi, uz\u0146\u0113mums sola, ka visi moderniz\u0101cijas darbi tiks pabeigti l\u012bdz \u0161\u012b vakara beig\u0101m, atjaunojot pilnv\u0113rt\u012bgu pakalpojumu pieejam\u012bbu.<\/p>\n<p>Iemesli un prognozes<\/p>\n<p>Moderniz\u0101cijas procesi ir nepiecie\u0161ami, lai nodro\u0161in\u0101tu LMT t\u012bkla efektivit\u0101ti, \u0101trumu un stabilit\u0101ti n\u0101kotn\u0113. Lai gan \u0161\u0101du darbu laik\u0101 klienti var saskarties ar \u012bslaic\u012bgiem sign\u0101la zudumiem vai pakalpojumu p\u0101rtraukumiem, uz\u0146\u0113mums ir ap\u0146\u0113mies tos minimiz\u0113t un p\u0113c iesp\u0113jas \u0101tr\u0101k atgriezties pie ierast\u0101 darba re\u017e\u012bma. LMT sola, ka visa darbu programma tiks realiz\u0113ta l\u012bdz \u0161odienas vakaram, sniedzot cer\u012bbu uz \u0101tru atg\u016b\u0161anos.<\/p>\n<p>LMT grupas finan\u0161u rezult\u0101ti un \u012bpa\u0161umties\u012bbas<\/p>\n<p>Neatkar\u012bgi no ikdienas operacion\u0101lajiem izaicin\u0101jumiem, LMT grupas finan\u0161u st\u0101voklis \u0161\u0137iet stabils. P\u0113c provizoriskiem datiem, pag\u0101ju\u0161aj\u0101 gad\u0101 grupas apgroz\u012bjums sasniedzis 309,6 miljonus eiro, kas ir neliels pieaugums \u2013 0,5% \u2013 sal\u012bdzin\u0101jum\u0101 ar 2023. gadu. \u0160ie skait\u013ci liecina par uz\u0146\u0113muma sp\u0113ju notur\u0113t savas poz\u012bcijas dinamiskaj\u0101 tirg\u016b. LMT kapit\u0101l\u0101 da\u013cas pieder vair\u0101kiem noz\u012bm\u012bgiem akcion\u0101riem: Zviedrijas &#8220;Telia Company&#8221; un t\u0101s meitasuz\u0146\u0113mumam &#8220;Sonera Holding&#8221; kop\u0101 ir 49% akciju. Pa 23% pieder SIA &#8220;Tet&#8221; un VAS &#8220;Latvijas Valsts radio un telev\u012bzijas centrs&#8221; (LVRTC), savuk\u0101rt 5% akciju kontrol\u0113 SIA &#8220;Publisko akt\u012bvu p\u0101rvald\u012bt\u0101js &#8220;Possessor&#8221;&#8221;. \u0160\u0101da akcion\u0101ru strukt\u016bra atspogu\u013co stabilu un diversific\u0113tu \u012bpa\u0161umties\u012bbu modeli.<\/p>\n","protected":false},"excerpt":{"rendered":"LMT t\u012bkla trauc\u0113jumi Roj\u0101 moderniz\u0101cijas d\u0113\u013c Roj\u0101 \u0161odien, 7. novembr\u012b, tiek nov\u0113roti b\u016btiski trauc\u0113jumi mobilo sakaru operatora LMT&hellip;\n","protected":false},"author":2,"featured_media":42096,"comment_status":"","ping_status":"","sticky":false,"template":"","format":"standard","meta":{"footnotes":""},"categories":[16],"tags":[9853,77,76,35,39,38,36,37,34,1168,9850,40,9852,11632],"class_list":{"0":"post-42095","1":"post","2":"type-post","3":"status-publish","4":"format-standard","5":"has-post-thumbnail","7":"category-bizness","8":"tag-bazes-stacijas-modernizacija","9":"tag-bizness","10":"tag-business","11":"tag-latvia","12":"tag-latvian","13":"tag-latviesu","14":"tag-latviesu-valoda","15":"tag-latviesuvaloda","16":"tag-latvija","17":"tag-latvijas-mobilais-telefons","18":"tag-lmt-tikls","19":"tag-lv","20":"tag-mobilo-sakaru-traucejumi","21":"tag-roja"},"share_on_mastodon":{"url":"https:\/\/pubeurope.com\/@lv\/115506126739124467","error":""},"_links":{"self":[{"href":"https:\/\/www.europesays.com\/lv\/wp-json\/wp\/v2\/posts\/42095","targetHints":{"allow":["GET"]}}],"collection":[{"href":"https:\/\/www.europesays.com\/lv\/wp-json\/wp\/v2\/posts"}],"about":[{"href":"https:\/\/www.europesays.com\/lv\/wp-json\/wp\/v2\/types\/post"}],"author":[{"embeddable":true,"href":"https:\/\/www.europesays.com\/lv\/wp-json\/wp\/v2\/users\/2"}],"replies":[{"embeddable":true,"href":"https:\/\/www.europesays.com\/lv\/wp-json\/wp\/v2\/comments?post=42095"}],"version-history":[{"count":0,"href":"https:\/\/www.europesays.com\/lv\/wp-json\/wp\/v2\/posts\/42095\/revisions"}],"wp:featuredmedia":[{"embeddable":true,"href":"https:\/\/www.europesays.com\/lv\/wp-json\/wp\/v2\/media\/42096"}],"wp:attachment":[{"href":"https:\/\/www.europesays.com\/lv\/wp-json\/wp\/v2\/media?parent=42095"}],"wp:term":[{"taxonomy":"category","embeddable":true,"href":"https:\/\/www.europesays.com\/lv\/wp-json\/wp\/v2\/categories?post=42095"},{"taxonomy":"post_tag","embeddable":true,"href":"https:\/\/www.europesays.com\/lv\/wp-json\/wp\/v2\/tags?post=42095"}],"curies":[{"name":"wp","href":"https:\/\/api.w.org\/{rel}","templated":true}]}}