{"id":42097,"date":"2025-11-07T02:50:15","date_gmt":"2025-11-07T02:50:15","guid":{"rendered":"https:\/\/www.europesays.com\/lv\/42097\/"},"modified":"2025-11-07T02:50:15","modified_gmt":"2025-11-07T02:50:15","slug":"kad-skan-latvijas-himna-laimes-asaras-nevar-noturet-citi-sporta-veidi-sportacentrs-com","status":"publish","type":"post","link":"https:\/\/www.europesays.com\/lv\/42097\/","title":{"rendered":"&#8220;Kad skan Latvijas himna, laimes asaras nevar notur\u0113t&#8221; \u2013 Citi sporta veidi \u2013 Sportacentrs.com"},"content":{"rendered":"<p>Gunda ikdien\u0101 str\u0101d\u0101 par Valsts policijas Kinolo\u0123ijas noda\u013cas priek\u0161nieci un ce\u013c\u0161 l\u012bdz lielajiem sasniegumiem bijis m\u0113r\u0137tiec\u012bgs, str\u0101d\u0101jot gan darb\u0101, gan ar\u012b br\u012bvaj\u0101 laik\u0101 ar su\u0146iem. Gunda Valsts policij\u0101 par kinologu str\u0101d\u0101 jau 20 gadus un p\u0113d\u0113jos devi\u0146us gadus vi\u0146a ir Kinolo\u0123ijas noda\u013cas priek\u0161niece.<\/p>\n<p>Sapnis k\u013c\u016bt par kinologu tie\u0161i policij\u0101 Gundai jau bija no b\u0113rn\u012bbas, kad iedvesmu \u0161ai profesijai sm\u0113l\u0101s no seri\u0101la \u201cKomis\u0101rs Reksis\u201d. Savu sapni Gunda neatlaida un m\u0113r\u0137tiec\u012bgi uz to tiec\u0101s jau b\u0113rn\u012bb\u0101, apm\u0101cot savus \u0123imenes m\u012blu\u013cus, k\u0101 ar\u012b piedaloties ar vi\u0146iem sacens\u012bb\u0101s pati b\u016bdama v\u0113l b\u0113rns.<\/p>\n<p>Pirmaj\u0101s nopietna l\u012bme\u0146a kinologu sacens\u012bb\u0101s, kur bija j\u0101p\u0101rvar da\u017e\u0101di \u0161\u0137\u0113r\u0161\u013ci vair\u0101ku kilometru garum\u0101, Gunda piedal\u012bj\u0101s, kad tikko bija s\u0101kusi str\u0101d\u0101t par kinologu Valsts policij\u0101. P\u0113c \u0161\u012bm sacens\u012bb\u0101m Gunda saprata, ka tas vi\u0146ai \u013coti pat\u012bk, t\u0101d\u0113\u013c turpin\u0101ja savi pilnveidot un piedal\u012bties da\u017e\u0101d\u0101s sacens\u012bb\u0101s ar dienesta su\u0146iem. Gunda st\u0101sta: \u201cDaudzu gadu garum\u0101 piedaloties da\u017e\u0101da l\u012bme\u0146a sacens\u012bb\u0101s Eirop\u0101, \u0161\u0137ita, ka esmu augst\u0101ko lati\u0146u sasniegusi tie\u0161i ar dienesta su\u0146iem, t\u0101d\u0113\u013c izmantoju iesp\u0113ju, ko pamain\u012bt un p\u0101rg\u0101ju tie\u0161i uz skrie\u0161anas sacens\u012bb\u0101m. S\u0101kotn\u0113ji piedal\u012bjos ar policijas dienestam ierastaj\u0101m \u0161\u0137irn\u0113m, bet, kad paman\u012bju, ka sporta su\u0146iem \u0101trums ir nesal\u012bdzin\u0101ms, tad nol\u0113mu ar\u012b ieg\u0101d\u0101ties \u0161\u0101das \u0161\u0137irnes suni un t\u0101 es satiku Thoru.\u201d<\/p>\n<p>Ar Thoru Gundai izveidojusies \u012bpa\u0161a saikne \u2013 jau, kad vi\u0146u ieraudz\u012bja, saprata, ka tas ir vi\u0146as suns un, var teikt, ka \u0161obr\u012bd vi\u0146i abi saprotas no pusv\u0101rda. Gunda uzsver: \u201cV\u0113l tik pat \u012bpa\u0161a saikne man bija ar manu dienesta suni Nato, kur\u0161 jau vair\u0101kus gadus ir citos med\u012bbu laukos, bet reiz bija uztic\u012bgs p\u0101rinieks gan darb\u0101, gan sacens\u012bb\u0101s, gan ikdienas dz\u012bv\u0113. Saj\u016bta, ka Thor\u0101 ir k\u0101da da\u013ci\u0146a no Nato.\u201d K\u0101 Gunda saka, Thors \u0161aj\u0101 pasaules \u010dempion\u0101t\u0101 bija \u012bsts \u201czv\u0113rs\u201d, jo aizvad\u012bja \u010detrus startus p\u0113c k\u0101rtas \u2013 divas dienas kanikros\u0101 un divas sk\u016btera discipl\u012bn\u0101. At\u0161\u0137ir\u012bb\u0101 no citiem sportistiem, kuri katrai discipl\u012bnai izmantoja da\u017e\u0101dus su\u0146us, Thors visu paveica viens.<\/p>\n<p>Lai g\u016btu pasaules l\u012bme\u0146a pan\u0101kumus, Gunda ieguld\u012bja daudz darba gan sev\u012b, gan Thor\u0101, jo gatavo\u0161an\u0101s \u0161\u0101da l\u012bme\u0146a sacens\u012bb\u0101m nav viegla, t\u0101 prasa gan fiziskus treni\u0146us, gan darbu ar sevi ment\u0101li. Liel\u0101 pieredze darb\u0101 policij\u0101 noteikti pal\u012bdz sagatavot sevi, ta\u010du t\u0101pat \u0161\u0101dam \u010dempion\u0101tam gatavo\u0161an\u0101s notika pastiprin\u0101ti. P\u0113d\u0113jais gads Gundai bija sapl\u0101nots burtiski pa stund\u0101m, lai pasp\u0113tu apvienot gan \u0123imeni, gan darbu, gan treni\u0146us \u2013 nereti r\u012bts s\u0101k\u0101s ar treni\u0146u saull\u0113kt\u0101, lai p\u0113c tam pasp\u0113tu mazos \u0123imenes locek\u013cus aizvest uz d\u0101rzi\u0146u un p\u0113c tam pati uz darbu. T\u0101pat treni\u0146i tika iepl\u0101noti p\u0113c darba, pirms do\u0161an\u0101s pie \u0123imenes. Gunda \u0161im tren\u0113j\u0101s \u013coti m\u0113r\u0137tiec\u012bgi, kopum\u0101 ned\u0113\u013c\u0101 bija ap devi\u0146iem, desmit treni\u0146iem.<\/p>\n<p>K\u0101 Gunda pati saka: \u201c\u0160o \u010dempion\u0101tu \u013coti gaid\u012bju, jo darbs bija ieguld\u012bts milz\u012bgs un esmu neizsak\u0101mi laim\u012bga par saviem un Thora sasniegumiem.\u201d Gunda ir Latvijas valsts patriots un vi\u0146as lielais sapnis bija, lai Amerik\u0101 Pasaules \u010dempion\u0101t\u0101 skan\u0113tu Latvijas himna. L\u012bdz sap\u0146a sasnieg\u0161anai, diem\u017e\u0113l Gundai n\u0101c\u0101s saskarties ar\u012b ar negat\u012bviem viedok\u013ciem, ka uz \u0161\u0101du sap\u0146a piepild\u012bjumu pat var necer\u0113t, bet tas esot bijis v\u0113l liel\u0101ks dzinulis par\u0101d\u012bt, ka savus sap\u0146us var sasniegt. T\u0101pat liels motiv\u0101tors bija Gundas d\u0113li\u0146i, \u012bpa\u0161i maz\u0101kais: \u201cVi\u0146\u0161 ir mans mazais supervaronis, mans iedvesmas avots. Katru reizi, kad tras\u0113 man k\u013cuva gr\u016bti, es dom\u0101ju par vi\u0146u. Un tad sapratu \u2013 man nav gr\u016bti. Es varu. Man ir sp\u0113ks. Jo vi\u0146\u0161 tic man, un es ticu vi\u0146am,\u201d st\u0101sta Gunda. Liels atbalsts un motiv\u0101tori bija ar\u012b Gundas \u0123imene, draugi un ar\u012b p\u0101r\u0113jie pieci m\u0101j\u0101s paliku\u0161ie su\u0146i \u2013 Trojs, Odins, Elbars, Leiks un Nasu.<\/p>\n<p>Par saj\u016bt\u0101m, uzk\u0101pjot uz pjedest\u0101la, Gunda, atceroties ar prieka asar\u0101m, st\u0101sta: \u201cKad dzird\u0113ju ska\u013cru\u0146os savu v\u0101rdu, p\u0101r\u0146\u0113ma savi\u013c\u0146ojo\u0161as emocijas, bija asaras ac\u012bs, atceroties visu p\u0113d\u0113j\u0101 gada laik\u0101 piedz\u012bvoto un visu ieguld\u012bto darbu, tad ieraudz\u012bju Latvijas karogu un emocijas \u0146\u0113ma virsroku. Draugi p\u0113c tam jau smejoties teica, k\u0101p\u0113c nevien\u0101 bild\u0113 nevar\u0113ju pasmaid\u012bt, bet k\u0101 gan var\u0113tu, ja Amerik\u0101 skan Latvijas himna, tad laimes asaras nevar notur\u0113t. Tas bija \u012bsts sap\u0146a piepild\u012bjums.\u201d<\/p>\n<p>Gunda pie sasniegt\u0101 neapst\u0101sies, vi\u0146as m\u0113r\u0137i ir turpin\u0101t tren\u0113ties, piem\u0113ram, sk\u016btera klas\u0113 skriet ar diviem su\u0146iem.<\/p>\n<p>Gunda ir pirm\u0101 latviete, kur\u0101 \u0161\u0101d\u0101 pasaules l\u012bme\u0146a \u010dempion\u0101t\u0101 guva augst\u0101kos pan\u0101kumus, t\u0101d\u0113\u013c tas ir ne tikai sasniegums pa\u0161ai Gundai un Thoram, bet ar\u012b visai Latvijai.<\/p>\n<p>Inform\u0101ciju sagatavoja<br \/>Valsts policija<\/p>\n","protected":false},"excerpt":{"rendered":"Gunda ikdien\u0101 str\u0101d\u0101 par Valsts policijas Kinolo\u0123ijas noda\u013cas priek\u0161nieci un ce\u013c\u0161 l\u012bdz lielajiem sasniegumiem bijis m\u0113r\u0137tiec\u012bgs, str\u0101d\u0101jot gan&hellip;\n","protected":false},"author":2,"featured_media":42098,"comment_status":"","ping_status":"","sticky":false,"template":"","format":"standard","meta":{"footnotes":""},"categories":[17],"tags":[1303,35,39,38,36,37,34,40,67],"class_list":{"0":"post-42097","1":"post","2":"type-post","3":"status-publish","4":"format-standard","5":"has-post-thumbnail","7":"category-sports","8":"tag-citi-sporta-veidi","9":"tag-latvia","10":"tag-latvian","11":"tag-latviesu","12":"tag-latviesu-valoda","13":"tag-latviesuvaloda","14":"tag-latvija","15":"tag-lv","16":"tag-sports"},"share_on_mastodon":{"url":"https:\/\/pubeurope.com\/@lv\/115506146424263639","error":""},"_links":{"self":[{"href":"https:\/\/www.europesays.com\/lv\/wp-json\/wp\/v2\/posts\/42097","targetHints":{"allow":["GET"]}}],"collection":[{"href":"https:\/\/www.europesays.com\/lv\/wp-json\/wp\/v2\/posts"}],"about":[{"href":"https:\/\/www.europesays.com\/lv\/wp-json\/wp\/v2\/types\/post"}],"author":[{"embeddable":true,"href":"https:\/\/www.europesays.com\/lv\/wp-json\/wp\/v2\/users\/2"}],"replies":[{"embeddable":true,"href":"https:\/\/www.europesays.com\/lv\/wp-json\/wp\/v2\/comments?post=42097"}],"version-history":[{"count":0,"href":"https:\/\/www.europesays.com\/lv\/wp-json\/wp\/v2\/posts\/42097\/revisions"}],"wp:featuredmedia":[{"embeddable":true,"href":"https:\/\/www.europesays.com\/lv\/wp-json\/wp\/v2\/media\/42098"}],"wp:attachment":[{"href":"https:\/\/www.europesays.com\/lv\/wp-json\/wp\/v2\/media?parent=42097"}],"wp:term":[{"taxonomy":"category","embeddable":true,"href":"https:\/\/www.europesays.com\/lv\/wp-json\/wp\/v2\/categories?post=42097"},{"taxonomy":"post_tag","embeddable":true,"href":"https:\/\/www.europesays.com\/lv\/wp-json\/wp\/v2\/tags?post=42097"}],"curies":[{"name":"wp","href":"https:\/\/api.w.org\/{rel}","templated":true}]}}