{"id":42123,"date":"2025-11-07T04:46:07","date_gmt":"2025-11-07T04:46:07","guid":{"rendered":"https:\/\/www.europesays.com\/lv\/42123\/"},"modified":"2025-11-07T04:46:07","modified_gmt":"2025-11-07T04:46:07","slug":"kur-isti-atrodas-iesaldeta-krievijas-nauda-ar-kuru-planots-palidzet-ukrainai","status":"publish","type":"post","link":"https:\/\/www.europesays.com\/lv\/42123\/","title":{"rendered":"Kur \u012bsti atrodas iesald\u0113t\u0101 Krievijas nauda, ar kuru pl\u0101nots pal\u012bdz\u0113t Ukrainai?"},"content":{"rendered":"<p>Pag\u0101ju\u0161aj\u0101 m\u0113nes\u012b Be\u013c\u0123ijas premjers Barts de Vevers Eiropas Savien\u012bbas samit\u0101 blo\u0137\u0113ja \u0161o ambiciozo ieceri, uzsverot, ka viss projekts balst\u0101s tikai uz l\u012bdzek\u013ciem, kas glab\u0101jas \u201cEuroclear\u201d \u2013 centr\u0101laj\u0101 v\u0113rtspap\u012bru depozit\u0101rij\u0101 Brisel\u0113.<\/p>\n<p>Lai gan G7 valstis ir atk\u0101rtoti apgalvoju\u0161as, ka t\u0101m kop\u0101 ir ap 300 miljardiem eiro iesald\u0113tu Krievijas akt\u012bvu, liel\u0101k\u0101 da\u013ca joproj\u0101m atrodas Be\u013c\u0123ij\u0101. \u201cResn\u0101k\u0101 vista ir Be\u013c\u0123ij\u0101, bet ar\u012b citur ir da\u017eas vistas,\u201d ironiz\u0113ja de Vevers, nor\u0101dot uz p\u0101r\u0113jo sabiedroto klusumu.<\/p>\n<p>Euronews, m\u0113\u0123inot noskaidrot prec\u012bzus datus, v\u0113rs\u0101s pie vair\u0101k\u0101m valst\u012bm, tostarp Francijas, V\u0101cijas, \u0160veices, Jap\u0101nas, Kan\u0101das un ASV.<\/p>\n<p>Atbildes liel\u0101koties bija izvair\u012bgas. Iz\u0146\u0113mums bija Luksemburga un \u0160veice, kuras sniedza konkr\u0113t\u0101kus skait\u013cus \u2013 Luksemburga pazi\u0146oja, ka t\u0101s teritorij\u0101 ir maz\u0101k nek\u0101 10 t\u016bksto\u0161i eiro Krievijas centr\u0101l\u0101s bankas l\u012bdzek\u013cu, bet \u0160veice atzina, ka t\u0101s bank\u0101s atrodas apm\u0113ram 8 miljardi eiro.<\/p>\n<p>P\u0101r\u0113jie \u201cklus\u0113 k\u0101 partiz\u0101ni\u201d<\/p>\n<p>V\u0101cija atteic\u0101s atkl\u0101t jebk\u0101dus datus, atsaucoties uz datu aizsardz\u012bbas un sankciju noteikumiem.<\/p>\n<p>Jap\u0101na apstiprin\u0101ja, ka nesniedz nek\u0101du inform\u0101ciju par akt\u012bvu apjomu vai atra\u0161an\u0101s vietu, lai gan tiek uzskat\u012bts, ka tur var\u0113tu atrasties 25\u201330 miljardi eiro.<\/p>\n<p class=\"ad-desc ad-desc-main\">Saturs turpin\u0101s p\u0113c rekl\u0101mas<\/p>\n<p class=\"ad-desc ad-desc-sec\">Rekl\u0101ma<\/p>\n<p>Francija un ASV atteic\u0101s koment\u0113t visp\u0101r.<\/p>\n<p>Tikm\u0113r Lielbrit\u0101nij\u0101 iesald\u0113ti akt\u012bvi 32,6 miljardu eiro v\u0113rt\u012bb\u0101, bet \u0161is skaitlis izsl\u0113dz valsts l\u012bme\u0146a akt\u012bvus, t\u0101p\u0113c nav zin\u0101ms, cik liela da\u013ca faktiski pieder Krievijas Centr\u0101lajai bankai.<\/p>\n<p>Kan\u0101da zi\u0146oja par 114 miljonu eiro iesald\u0113tiem akt\u012bviem, bet ar\u012b \u0161eit nav zin\u0101ms, vai tie ir valsts vai priv\u0101ti l\u012bdzek\u013ci.<\/p>\n<p>Austr\u0101lija sniedza l\u012bdz\u012bgi izvair\u012bgu atbildi.<\/p>\n<p>Vien\u012bg\u0101 caursp\u012bd\u012bg\u0101 sist\u0113ma \u2013 Be\u013c\u0123ij\u0101<\/p>\n<p>At\u0161\u0137ir\u012bb\u0101 no cit\u0101m valst\u012bm \u201cEuroclear\u201d regul\u0101ri publisko p\u0101rskatus par Krievijas akt\u012bviem, to val\u016btu sast\u0101vu un uzkr\u0101to pe\u013c\u0146u. \u0160\u012b p\u0101rredzam\u012bba kontrast\u0113 ar p\u0101r\u0113jo Rietumvalstu klus\u0113\u0161anu.<\/p>\n<p>Ta\u010du, k\u0101 uzsver eksperti, \u201cEuroclear\u201d k\u0101 centr\u0101lais depozit\u0101rijs ir pak\u013cauts daudz stingr\u0101k\u0101m p\u0101rraudz\u012bbas pras\u012bb\u0101m nek\u0101 priv\u0101t\u0101s bankas, kur\u0101s klientu konfidencialit\u0101te ir priorit\u0101te.<\/p>\n<p>Milz\u012bgs juridisks un politisks risks<\/p>\n<p>Eiropas Komisija, kas izstr\u0101d\u0101ja repar\u0101ciju aizdevuma priek\u0161likumu, l\u012bdz \u0161im ir izvair\u012bjusies skaidrot, vai t\u0101 apsver iesp\u0113ju izmantot ar\u012b akt\u012bvus \u0101rpus Be\u013c\u0123ijas.<\/p>\n","protected":false},"excerpt":{"rendered":"Pag\u0101ju\u0161aj\u0101 m\u0113nes\u012b Be\u013c\u0123ijas premjers Barts de Vevers Eiropas Savien\u012bbas samit\u0101 blo\u0137\u0113ja \u0161o ambiciozo ieceri, uzsverot, ka viss projekts&hellip;\n","protected":false},"author":2,"featured_media":42124,"comment_status":"","ping_status":"","sticky":false,"template":"","format":"standard","meta":{"footnotes":""},"categories":[14],"tags":[23,57,28,29,11968,32,33,22,30,31,35,39,38,36,37,34,40,20,26,27,24,25,54,55,56,21,58],"class_list":{"0":"post-42123","1":"post","2":"type-post","3":"status-publish","4":"format-standard","5":"has-post-thumbnail","7":"category-zinas-no-arvalstim","8":"tag-aktualitates","9":"tag-arvalstim","10":"tag-breaking-news","11":"tag-breakingnews","12":"tag-eiropas-savienibaiesaldetie-aktivikrievija","13":"tag-featured-news","14":"tag-featurednews","15":"tag-headlines","16":"tag-latest-news","17":"tag-latestnews","18":"tag-latvia","19":"tag-latvian","20":"tag-latviesu","21":"tag-latviesu-valoda","22":"tag-latviesuvaloda","23":"tag-latvija","24":"tag-lv","25":"tag-news","26":"tag-popularakas-zinas","27":"tag-popularakaszinas","28":"tag-top-stories","29":"tag-topstories","30":"tag-world","31":"tag-world-news","32":"tag-worldnews","33":"tag-zinas","34":"tag-zinas-no-arvalstim"},"share_on_mastodon":{"url":"https:\/\/pubeurope.com\/@lv\/115506602524914729","error":""},"_links":{"self":[{"href":"https:\/\/www.europesays.com\/lv\/wp-json\/wp\/v2\/posts\/42123","targetHints":{"allow":["GET"]}}],"collection":[{"href":"https:\/\/www.europesays.com\/lv\/wp-json\/wp\/v2\/posts"}],"about":[{"href":"https:\/\/www.europesays.com\/lv\/wp-json\/wp\/v2\/types\/post"}],"author":[{"embeddable":true,"href":"https:\/\/www.europesays.com\/lv\/wp-json\/wp\/v2\/users\/2"}],"replies":[{"embeddable":true,"href":"https:\/\/www.europesays.com\/lv\/wp-json\/wp\/v2\/comments?post=42123"}],"version-history":[{"count":0,"href":"https:\/\/www.europesays.com\/lv\/wp-json\/wp\/v2\/posts\/42123\/revisions"}],"wp:featuredmedia":[{"embeddable":true,"href":"https:\/\/www.europesays.com\/lv\/wp-json\/wp\/v2\/media\/42124"}],"wp:attachment":[{"href":"https:\/\/www.europesays.com\/lv\/wp-json\/wp\/v2\/media?parent=42123"}],"wp:term":[{"taxonomy":"category","embeddable":true,"href":"https:\/\/www.europesays.com\/lv\/wp-json\/wp\/v2\/categories?post=42123"},{"taxonomy":"post_tag","embeddable":true,"href":"https:\/\/www.europesays.com\/lv\/wp-json\/wp\/v2\/tags?post=42123"}],"curies":[{"name":"wp","href":"https:\/\/api.w.org\/{rel}","templated":true}]}}