{"id":42137,"date":"2025-11-07T04:58:11","date_gmt":"2025-11-07T04:58:11","guid":{"rendered":"https:\/\/www.europesays.com\/lv\/42137\/"},"modified":"2025-11-07T04:58:11","modified_gmt":"2025-11-07T04:58:11","slug":"martins-verdins-par-pokrovsku-murkskis-melo","status":"publish","type":"post","link":"https:\/\/www.europesays.com\/lv\/42137\/","title":{"rendered":"M\u0101rti\u0146\u0161 V\u0113rdi\u0146\u0161: Par Pokrovsku. Murk\u0161\u0137is melo"},"content":{"rendered":"<p>Ja gribat saprast, kas \u0161obr\u012bd notiek <a rel=\"noopener nofollow\" target=\"_blank\" href=\"https:\/\/www.delfi.lv\/temas\/35467179\/ukraina\" data-rel-date-range=\"[]\">Ukrainas<\/a> pils\u0113t\u0101 Pokrovsk\u0101 un t\u0101s &#8220;satel\u012bt\u0101&#8221; Mirnohrad\u0101, vispirms b\u016btu j\u0101\u0146em v\u0113r\u0101, ka visi ofici\u0101lie un pusofici\u0101lie mediji melo. Tas ir saprotami, attaisnojami un pat nepiecie\u0161ami no milit\u0101r\u0101 viedok\u013ca, jo oper\u0101cijas turpin\u0101s, bet pretinieka dezinform\u0113\u0161ana ir da\u013ca no abu pu\u0161u akt\u012bvo oper\u0101ciju pl\u0101niem. Neviens izdevums nerisk\u0113s atkl\u0101t paties\u012bbu, kas var kait\u0113t karav\u012briem lauk\u0101.<\/p>\n<p>L\u0113n\u0101s uzkr\u0101\u0161an\u0101s taktika<\/p>\n<p>Kop\u0161 2024. gada augusta l\u012bdz 2025. gada oktobra vidum Pokrovskas aizst\u0101vji bija neapskau\u017eam\u0101 taktiskaj\u0101 situ\u0101cij\u0101, jo, no vienas puses, piesaistot svaigus papildsp\u0113kus, palielin\u0101j\u0101s pretinieka spiediens (2. armijas un 51. armijas vien\u012bbas), kas sa\u0161aurin\u0101ja Pokrovskas apg\u0101des koridoru zieme\u013crietumos, no otras puses, pa\u0161iem aizst\u0101vjiem (25. gaisa desanta brig\u0101de un 38. j\u016bras k\u0101jnieku brig\u0101de) papildu rezerves netika pie\u0161\u0137irtas. <\/p>\n<p>Person\u0101la tr\u016bkuma d\u0113\u013c Pokrovskas aizst\u0101vji nesp\u0113ja nodro\u0161in\u0101t nepiecie\u0161amo aizsardz\u012bbas poz\u012bciju bl\u012bvumu, ko<\/p>\n<p>Lai turpin\u0101tu las\u012bt, ieg\u0101d\u0101jies abonementu.<\/p>\n<p class=\"fs-4\">L\u016bdzu, uzgaidi!<\/p>\n<p class=\"fs-5\">Piel\u0101gojam Tev piem\u0113rot\u0101ko abon\u0113\u0161anas pied\u0101v\u0101jumu&#8230;<\/p>\n<p class=\"lh-1 fs-6 text-muted pt-3 mt-5\">Abon\u0113\u0161anas pied\u0101v\u0101jums nav redzams? L\u016bdzu, izsl\u0113dz rekl\u0101mu blo\u0137\u0113t\u0101ju vai  p\u0101rl\u0101d\u0113 lapu.<br \/>Jaut\u0101jumu gad\u012bjum\u0101 raksti <a href=\"https:\/\/www.delfi.lv\/46713439\/arzemes\/120094205\/mailto:konts@delfi.lv\" class=\"text-primary\" rel=\"nofollow noopener\" target=\"_blank\">konts@delfi.lv<\/a><\/p>\n<p class=\"m-0\">Seko &#8220;Delfi&#8221; ar\u012b  <a target=\"_blank\" href=\"https:\/\/www.instagram.com\/delfi.lv\/\" rel=\"nofollow noopener\">Instagram<\/a>  un <a target=\"_blank\" href=\"https:\/\/www.youtube.com\/channel\/UCw5foWtcJvAbUm64rv7jwUQ\" rel=\"nofollow noopener\">YouTube<\/a>  profil\u0101 \u2013 pievienojies, lai uzzin\u0101tu svar\u012bg\u0101ko un interesant\u0101ko pirmais!<\/p>\n<p>Publik\u0101cijas saturs vai t\u0101s jebk\u0101da apjoma da\u013ca ir aizsarg\u0101ts autorties\u012bbu objekts Autorties\u012bbu likuma izpratn\u0113, un t\u0101 izmanto\u0161ana bez izdev\u0113ja at\u013caujas ir aizliegta. Vair\u0101k lasi  <a target=\"_blank\" href=\"https:\/\/www.delfi.lv\/noteikumi#autortiesibas\" rel=\"nofollow noopener\">\u0161eit<\/a><script async src=\"\/\/www.instagram.com\/embed.js\"><\/script><\/p>\n","protected":false},"excerpt":{"rendered":"Ja gribat saprast, kas \u0161obr\u012bd notiek Ukrainas pils\u0113t\u0101 Pokrovsk\u0101 un t\u0101s &#8220;satel\u012bt\u0101&#8221; Mirnohrad\u0101, vispirms b\u016btu j\u0101\u0146em v\u0113r\u0101, ka&hellip;\n","protected":false},"author":2,"featured_media":42138,"comment_status":"","ping_status":"","sticky":false,"template":"","format":"standard","meta":{"footnotes":""},"categories":[14],"tags":[4188,23,57,28,29,5728,32,33,22,234,74,30,31,35,39,38,36,37,34,40,20,26,27,24,25,276,54,55,56,21,58],"class_list":{"0":"post-42137","1":"post","2":"type-post","3":"status-publish","4":"format-standard","5":"has-post-thumbnail","7":"category-zinas-no-arvalstim","8":"tag-aizkadra","9":"tag-aktualitates","10":"tag-arvalstim","11":"tag-breaking-news","12":"tag-breakingnews","13":"tag-delfi-plus","14":"tag-featured-news","15":"tag-featurednews","16":"tag-headlines","17":"tag-krievija","18":"tag-krievijas-iebrukums-ukraina","19":"tag-latest-news","20":"tag-latestnews","21":"tag-latvia","22":"tag-latvian","23":"tag-latviesu","24":"tag-latviesu-valoda","25":"tag-latviesuvaloda","26":"tag-latvija","27":"tag-lv","28":"tag-news","29":"tag-popularakas-zinas","30":"tag-popularakaszinas","31":"tag-top-stories","32":"tag-topstories","33":"tag-ukraina","34":"tag-world","35":"tag-world-news","36":"tag-worldnews","37":"tag-zinas","38":"tag-zinas-no-arvalstim"},"share_on_mastodon":{"url":"https:\/\/pubeurope.com\/@lv\/115506649756685187","error":""},"_links":{"self":[{"href":"https:\/\/www.europesays.com\/lv\/wp-json\/wp\/v2\/posts\/42137","targetHints":{"allow":["GET"]}}],"collection":[{"href":"https:\/\/www.europesays.com\/lv\/wp-json\/wp\/v2\/posts"}],"about":[{"href":"https:\/\/www.europesays.com\/lv\/wp-json\/wp\/v2\/types\/post"}],"author":[{"embeddable":true,"href":"https:\/\/www.europesays.com\/lv\/wp-json\/wp\/v2\/users\/2"}],"replies":[{"embeddable":true,"href":"https:\/\/www.europesays.com\/lv\/wp-json\/wp\/v2\/comments?post=42137"}],"version-history":[{"count":0,"href":"https:\/\/www.europesays.com\/lv\/wp-json\/wp\/v2\/posts\/42137\/revisions"}],"wp:featuredmedia":[{"embeddable":true,"href":"https:\/\/www.europesays.com\/lv\/wp-json\/wp\/v2\/media\/42138"}],"wp:attachment":[{"href":"https:\/\/www.europesays.com\/lv\/wp-json\/wp\/v2\/media?parent=42137"}],"wp:term":[{"taxonomy":"category","embeddable":true,"href":"https:\/\/www.europesays.com\/lv\/wp-json\/wp\/v2\/categories?post=42137"},{"taxonomy":"post_tag","embeddable":true,"href":"https:\/\/www.europesays.com\/lv\/wp-json\/wp\/v2\/tags?post=42137"}],"curies":[{"name":"wp","href":"https:\/\/api.w.org\/{rel}","templated":true}]}}