{"id":42139,"date":"2025-11-07T04:59:07","date_gmt":"2025-11-07T04:59:07","guid":{"rendered":"https:\/\/www.europesays.com\/lv\/42139\/"},"modified":"2025-11-07T04:59:07","modified_gmt":"2025-11-07T04:59:07","slug":"protesta-pret-izstasanos-no-stambulas-konvencijas-pulcejas-vismaz-10-000-cilveku-dienas-bizness","status":"publish","type":"post","link":"https:\/\/www.europesays.com\/lv\/42139\/","title":{"rendered":"Protest\u0101 pret izst\u0101\u0161anos no Stambulas konvencijas pulc\u0113jas vismaz 10 000 cilv\u0113ku :: Dienas Bizness"},"content":{"rendered":"<p class=\"text-font font-size--text-xlarge margin-3--bottom font-weight--bold padding-1--top\">Doma laukum\u0101 protest\u0101 pret Latvijas izst\u0101\u0161anos no Stambulas konvencijas ceturtdienas vakar\u0101 pulc\u0113ju\u0161ies vismaz 10 000 cilv\u0113ku, liecina Valsts policijas apl\u0113ses.<\/p>\n<p class=\"text-font font-size--text-xlarge margin-3--bottom\">A\u0123ent\u016bra LETA nov\u0113roja, ka cilv\u0113ki v\u0113l turpina n\u0101kt, turkl\u0101t pulc\u0113jas ne tikai Doma laukum\u0101, bet ar\u012b tuv\u0113j\u0101s \u0161\u0137\u0113rsiel\u0101s.<\/p>\n<p class=\"text-font font-size--text-xlarge margin-3--bottom\">Starp san\u0101ku\u0161ajiem ir gan \u0123imenes ar maziem b\u0113rniem, gan ar\u012b gados vec\u0101ki cilv\u0113ki. Protesta dal\u012bbniekiem pievienoj\u0101s ar\u012b Saeimas deput\u0101ti, tostarp no &#8220;Jaun\u0101s vienot\u012bbas&#8221;.<\/p>\n<p class=\"text-font font-size--text-xlarge margin-3--bottom\">San\u0101ku\u0161ie ar plak\u0101tiem aicina neizst\u0101ties no Stambulas konvencijas. Man\u0101mi ar\u012b plak\u0101ti, kuros att\u0113lotas tr\u012bs zvaigznes, iedvesmojoties no Br\u012bv\u012bbas pieminek\u013ca.<\/p>\n<p class=\"text-font font-size--text-xlarge margin-3--bottom\">San\u0101ku\u0161ie rok\u0101s tur Latvijas un Eiropas Savien\u012bbas karogus, k\u0101 ar\u012b izmanto telefonu zibspuldzes un citus apgaismes r\u012bkus. Atsevi\u0161\u0137i dal\u012bbnieki t\u0113rpu\u0161ies tautas t\u0113rpu elementos. Daudzi ir uzvilku\u0161i mugur\u0101 sarkanas dr\u0113bes, k\u0101 to aicin\u0101ja pas\u0101kuma organizatori.<\/p>\n<p class=\"text-font font-size--text-xlarge margin-3--bottom\">Protesta dal\u012bbniekus uzrun\u0101 sabiedr\u012bb\u0101 atpaz\u012bstamas personas, tostarp Velta \u010cebotarenoka un Dainis \u012av\u0101ns. Vi\u0146u uzrunu starp\u0101 p\u016blis izkliedza t\u0101dus sauk\u013cus k\u0101 &#8220;Nodev\u012bba!&#8221;, &#8220;Kop\u0113jot Krieviju, neaizst\u0101vat Latviju!&#8221; un citus, k\u0101 ar\u012b skand\u0113ja dziesmas.<\/p>\n<p class=\"text-font font-size--text-xlarge margin-3--bottom\">Notieko\u0161o uzrauga liels skaits likumsargu, kuri ir man\u0101mi ne tikai Vecr\u012bgas sird\u012b, bet ar\u012b t\u0101s apk\u0101rtn\u0113. Da\u017eiem policistiem ir l\u012bdzi ar\u012b su\u0146i.<\/p>\n<p class=\"text-font font-size--text-xlarge margin-3--bottom\">Soci\u0101lajos t\u012bklos publiskotie video liecina, ka ar\u012b citviet Latvij\u0101 san\u0101ku\u0161ie vienojas dziesm\u0101s. Atsevi\u0161\u0137\u0101s Latvijas pils\u0113t\u0101s protestos sapulc\u0113jusies no da\u017eiem desmitiem l\u012bdz da\u017eiem simtiem cilv\u0113ku, liecina policijas apl\u0113ses.<\/p>\n<p class=\"text-font font-size--text-xlarge margin-3--bottom\">Protesta akcijas pret Latvijas izst\u0101\u0161anos no konvencijas ceturtdien notiek ar\u012b cit\u0101s Eiropas valst\u012bs un pat ASV.<\/p>\n<p class=\"text-font font-size--text-xlarge margin-3--bottom\">Lai gan Saeima gala l\u0113muma pie\u0146em\u0161anu par iesp\u0113jamo Latvijas izst\u0101\u0161anos no Stambulas konvencijas atlikusi, protesta organizatori iepriek\u0161 l\u0113sa, ka pas\u0101kum\u0101 var\u0113tu piedal\u012bties vair\u0101k nek\u0101 5000 cilv\u0113ku.<\/p>\n<p class=\"text-font font-size--text-xlarge margin-3--bottom\">Neilgi pirms protesta akcijas s\u0101kuma centra &#8220;Marta&#8221; p\u0101rst\u0101ve Beata Jonite uzsv\u0113ra, ka protesta m\u0113r\u0137is ir paust sabiedr\u012bbas viedokli pret iesp\u0113jamu izst\u0101\u0161anos no konvencijas un atg\u0101din\u0101t par cilv\u0113kties\u012bbu noz\u012bmi. Pas\u0101kums ar\u012b apliecin\u0101\u0161ot sabiedr\u012bbas vienot\u012bbu un salied\u0113t\u012bbu, jo cilv\u0113ki san\u0101ks kop\u0101, lai aizst\u0101v\u0113tu savas v\u0113rt\u012bbas.<\/p>\n<p class=\"text-font font-size--text-xlarge margin-3--bottom\">&#8220;M\u0113s protest\u0113jam pret to, ka ne\u013causim m\u016bsu politi\u0137iem rota\u013c\u0101ties ar cilv\u0113kties\u012bb\u0101m un m\u016bsu valsts reput\u0101ciju starptautisk\u0101 m\u0113rog\u0101,&#8221; pauda Jonite, piebilstot, ka &#8220;posts jau ir nodar\u012bts&#8221;.<\/p>\n<p class=\"text-font font-size--text-xlarge margin-3--bottom\">Centra &#8220;Marta&#8221; p\u0101rst\u0101ve nor\u0101d\u012bja, ka Saeimas l\u0113muma p\u0101rcel\u0161ana uz n\u0101kamo gadu nenoz\u012bm\u0113 jaut\u0101juma atrisin\u0101jumu, bet gan t\u0101 atlik\u0161anu. Tas noz\u012bm\u0113, ka diskusijas par cilv\u0113kties\u012bbu jaut\u0101jumiem Latvij\u0101 turpin\u0101sies v\u0113l vismaz gadu.<\/p>\n<p class=\"text-font font-size--text-xlarge margin-3--bottom\">Ja n\u0101kam\u0101s Saeimas deput\u0101ti tom\u0113r izlems izst\u0101ties no konvencijas, v\u0113l past\u0101v iesp\u0113ja izv\u0113rt\u0113t jaut\u0101jumu Satversmes ties\u0101 vai r\u012bkot referendumu, piebilda Jonite. Vi\u0146a uzskata, ka izst\u0101\u0161an\u0101s no konvencijas b\u016btu pretrun\u0101 ar sabiedr\u012bbas interes\u0113m un var\u0113tu negat\u012bvi ietekm\u0113t Latvijas reput\u0101ciju starptautisk\u0101 m\u0113rog\u0101.<\/p>\n<p class=\"text-font font-size--text-xlarge margin-3--bottom\">&#8220;Man ir gr\u016bti iedom\u0101ties t\u0101du ce\u013cu atpaka\u013c. Tas jau tagad nor\u0101da uz absol\u016bti nekonsekvento \u0101rpolitiku m\u016bsu valst\u012b. St\u0101ties iek\u0161\u0101 \u0101r\u0101 no starptautiskiem l\u012bgumiem bez pamata ir nekonsekventi,&#8221; sprieda Jonite.<\/p>\n<p class=\"text-font font-size--text-xlarge margin-3--bottom\">K\u0101 zi\u0146ots, \u0161oruden opoz\u012bcijas partija &#8220;Latvija pirmaj\u0101 viet\u0101&#8221; (LPV) Saeim\u0101 iesniedza likumprojektu par Stambulas konvencijas denons\u0113\u0161anu, un to atbalst\u012bja ne tikai citas opoz\u012bcijas partijas &#8211; Nacion\u0101l\u0101 apvien\u012bba (NA), &#8220;Apvienotais saraksts&#8221; (AS) un &#8220;Stabilit\u0101tei&#8221; -, bet ar\u012b valdo\u0161aj\u0101 koal\u012bcij\u0101 ietilpsto\u0161\u0101 Za\u013co un zemnieku savien\u012bba (ZZS). Izst\u0101\u0161anos no konvencijas neatbalst\u012bja valdo\u0161aj\u0101 koal\u012bcij\u0101 eso\u0161\u0101 &#8220;Jaun\u0101 vienot\u012bba&#8221; (JV) un &#8220;Progres\u012bvie&#8221;. Ar balsu vair\u0101kumu likumu izdev\u0101s pie\u0146emt.<\/p>\n<p class=\"text-font font-size--text-xlarge margin-3--bottom\">Iev\u0113rojama sabiedr\u012bbas da\u013ca izr\u0101d\u012bja neapmierin\u0101t\u012bbu par pie\u0146emto l\u0113mumu, un Valsts prezidents likumu par Stambulas konvencijas denons\u0113\u0161anu atdeva parlamentam otrreiz\u0113jai caurl\u016bko\u0161anai.<\/p>\n<p class=\"text-font font-size--text-xlarge margin-3--bottom\">Saeima \u0161oned\u0113\u013c prezidenta izbr\u0101\u0137\u0113to likumu nodeva skat\u012b\u0161anai \u0100rlietu komisij\u0101, nosakot par priek\u0161likumu iesnieg\u0161anas termi\u0146u vienu gadu. Tas faktiski noz\u012bm\u0113, ka likums par izst\u0101\u0161anos no konvencijas b\u016bs j\u0101p\u0101rskata n\u0101kamajam Saeimas sasaukumam.<\/p>\n<p class=\"text-font font-size--text-xlarge margin-3--bottom\">Vairums ekspertu un nevalstisko organiz\u0101ciju, kas str\u0101d\u0101 ar vardarb\u012bbas nov\u0113r\u0161anas jaut\u0101jumiem, iebilst pret ieceri izst\u0101ties no konvencijas, pau\u017eot ba\u017eas, ka tas mazin\u0101s cietu\u0161o aizst\u0101v\u0113\u0161anu pret vardarb\u012bbu un negat\u012bvi ietekm\u0113s Latvijas starptautisko t\u0113lu Rietumu sabiedroto ac\u012bs.<\/p>\n<p class=\"text-font font-size--text-xlarge margin-3--bottom\">Aizvad\u012btaj\u0101 tre\u0161dien\u0101 protests pret izst\u0101\u0161anos no Stambulas konvencijas pie Saeimas pulc\u0113ja ap 5000 cilv\u0113ku, k\u013c\u016bstot par vienu no daudzskaitl\u012bg\u0101kajiem p\u0113d\u0113jos gados. Savuk\u0101rt iniciat\u012bvu port\u0101l\u0101 &#8220;ManaBalss.lv&#8221; par aicin\u0101jumu Valsts prezidentam likumu atdot Saeimai otrreiz\u0113jai caurl\u016bko\u0161anai parakst\u012bj\u0101s vair\u0101k nek\u0101 67 000 cilv\u0113ku.<\/p>\n<p class=\"text-font font-size--text-xlarge margin-3--bottom\">Latvij\u0101 Eiropas Padomes Konvencija par vardarb\u012bbas pret sieviet\u0113m un vardarb\u012bbas \u0123imen\u0113 nov\u0113r\u0161anu un apkaro\u0161anu jeb t\u0101 d\u0113v\u0113t\u0101 Stambulas konvencija st\u0101j\u0101s sp\u0113k\u0101 pag\u0101ju\u0161\u0101 gada 1. maij\u0101. Tas ir starptautisks l\u012bgums, kas paredz, ka t\u0101 dal\u012bbvalst\u012bm ir j\u0101izstr\u0101d\u0101 saska\u0146ota politika, lai lab\u0101k var\u0113tu aizsarg\u0101t sievietes no visu veidu vardarb\u012bbas, k\u0101 ar\u012b sievietes un v\u012brie\u0161us no vardarb\u012bbas \u0123imen\u0113. Tostarp dal\u012bbvalst\u012bm ir j\u0101nodro\u0161ina cietu\u0161ajiem vispus\u012bga pal\u012bdz\u012bba un aizsardz\u012bba, kr\u012bzes centri, kr\u012bzes t\u0101lrunis, kas darbojas diennakti, specializ\u0113tie atbalsta centri no seksu\u0101las vardarb\u012bbas cietu\u0161\u0101m person\u0101m, j\u0101aizsarg\u0101 un j\u0101atbalsta b\u0113rni, kas ir vardarb\u012bbas liecinieki.<\/p>\n","protected":false},"excerpt":{"rendered":"Doma laukum\u0101 protest\u0101 pret Latvijas izst\u0101\u0161anos no Stambulas konvencijas ceturtdienas vakar\u0101 pulc\u0113ju\u0161ies vismaz 10 000 cilv\u0113ku, liecina Valsts&hellip;\n","protected":false},"author":2,"featured_media":42140,"comment_status":"","ping_status":"","sticky":false,"template":"","format":"standard","meta":{"footnotes":""},"categories":[12],"tags":[23,869,77,870,28,29,867,32,33,22,30,31,35,39,38,36,37,34,871,868,40,20,26,27,24,25,21],"class_list":{"0":"post-42139","1":"post","2":"type-post","3":"status-publish","4":"format-standard","5":"has-post-thumbnail","7":"category-latvija","8":"tag-aktualitates","9":"tag-biznesa-zinas","10":"tag-bizness","11":"tag-bizness-latvija","12":"tag-breaking-news","13":"tag-breakingnews","14":"tag-dienas-zinas","15":"tag-featured-news","16":"tag-featurednews","17":"tag-headlines","18":"tag-latest-news","19":"tag-latestnews","20":"tag-latvia","21":"tag-latvian","22":"tag-latviesu","23":"tag-latviesu-valoda","24":"tag-latviesuvaloda","25":"tag-latvija","26":"tag-latvijas-biznesa-zinas","27":"tag-latvijas-zinas","28":"tag-lv","29":"tag-news","30":"tag-popularakas-zinas","31":"tag-popularakaszinas","32":"tag-top-stories","33":"tag-topstories","34":"tag-zinas"},"share_on_mastodon":{"url":"https:\/\/pubeurope.com\/@lv\/115506653625741827","error":""},"_links":{"self":[{"href":"https:\/\/www.europesays.com\/lv\/wp-json\/wp\/v2\/posts\/42139","targetHints":{"allow":["GET"]}}],"collection":[{"href":"https:\/\/www.europesays.com\/lv\/wp-json\/wp\/v2\/posts"}],"about":[{"href":"https:\/\/www.europesays.com\/lv\/wp-json\/wp\/v2\/types\/post"}],"author":[{"embeddable":true,"href":"https:\/\/www.europesays.com\/lv\/wp-json\/wp\/v2\/users\/2"}],"replies":[{"embeddable":true,"href":"https:\/\/www.europesays.com\/lv\/wp-json\/wp\/v2\/comments?post=42139"}],"version-history":[{"count":0,"href":"https:\/\/www.europesays.com\/lv\/wp-json\/wp\/v2\/posts\/42139\/revisions"}],"wp:featuredmedia":[{"embeddable":true,"href":"https:\/\/www.europesays.com\/lv\/wp-json\/wp\/v2\/media\/42140"}],"wp:attachment":[{"href":"https:\/\/www.europesays.com\/lv\/wp-json\/wp\/v2\/media?parent=42139"}],"wp:term":[{"taxonomy":"category","embeddable":true,"href":"https:\/\/www.europesays.com\/lv\/wp-json\/wp\/v2\/categories?post=42139"},{"taxonomy":"post_tag","embeddable":true,"href":"https:\/\/www.europesays.com\/lv\/wp-json\/wp\/v2\/tags?post=42139"}],"curies":[{"name":"wp","href":"https:\/\/api.w.org\/{rel}","templated":true}]}}