{"id":42143,"date":"2025-11-07T05:04:07","date_gmt":"2025-11-07T05:04:07","guid":{"rendered":"https:\/\/www.europesays.com\/lv\/42143\/"},"modified":"2025-11-07T05:04:07","modified_gmt":"2025-11-07T05:04:07","slug":"tesla-akcionari-pienem-planu-par-triljona-dolaru-atalgojumu-maskam-dienas-bizness","status":"publish","type":"post","link":"https:\/\/www.europesays.com\/lv\/42143\/","title":{"rendered":"Tesla akcion\u0101ri pie\u0146em pl\u0101nu par triljona dol\u0101ru atalgojumu Maskam :: Dienas Bizness"},"content":{"rendered":"<p class=\"text-font font-size--text-xlarge margin-3--bottom font-weight--bold padding-1--top\">Elektromobi\u013cu ra\u017eo\u0161anas uz\u0146\u0113muma &#8220;Tesla&#8221; akcion\u0101ri ceturtdien pie\u0146\u0113ma pl\u0101nu, kas paredz pie\u0161\u0137irt uz\u0146\u0113muma vad\u012bt\u0101jam \u012alonam Maskam atalgojumu l\u012bdz vienam triljonam ASV dol\u0101ru, ja uz\u0146\u0113mums sasniegs vair\u0101kus ambiciozus m\u0113r\u0137us.<\/p>\n<p class=\"text-font font-size--text-xlarge margin-3--bottom\">Pl\u0101nu atbalst\u012bja vair\u0101k nek\u0101 75% akcion\u0101ru. Tas tika apstiprin\u0101ts p\u0113c tam, kad Masks bija br\u012bdin\u0101jis, ka \u0161\u012b pl\u0101na noraid\u012b\u0161anas gad\u012bjum\u0101 var\u0113tu aiziet no &#8220;Tesla&#8221; vad\u012b\u0161anas.<\/p>\n<p class=\"text-font font-size--text-xlarge margin-3--bottom\">Potenci\u0101lais atalgojums sasniegs triljona dol\u0101ru atz\u012bmi tikai tad, ja &#8220;Tesla&#8221; tirgus v\u0113rt\u012bba 10 gados pieaugs l\u012bdz 8,5 triljoniem dol\u0101ru, kas gandr\u012bz se\u0161as reizes p\u0101rsniedz t\u0101 pa\u0161reiz\u0113jo nov\u0113rt\u0113jumu.<\/p>\n<p class=\"text-font font-size--text-xlarge margin-3--bottom\">\u0160\u0101ds pieaugums ar\u012b palielin\u0101tu Maskam piedero\u0161o &#8220;Tesla&#8221; akciju v\u0113rt\u012bbu virs viena triljona dol\u0101ru. 54 gadus vecais Masks jau ir bag\u0101t\u0101kais cilv\u0113ks pasaul\u0113 ar vair\u0101k nek\u0101 470 miljardu dol\u0101ru lielu bag\u0101t\u012bbu.<\/p>\n<p class=\"text-font font-size--text-xlarge margin-3--bottom\">Lai kvalific\u0113tos \u0161im atalgojumam, Maskam \u0161ajos gados j\u0101paliek uz\u0146\u0113muma vad\u012bt\u0101ja amat\u0101.<\/p>\n<p class=\"text-font font-size--text-xlarge margin-3--bottom\">Pl\u0101na pie\u0146em\u0161ana nebija garant\u0113ta, jo divas ietekm\u012bgas konsult\u0101ciju komp\u0101nijas bija ieteiku\u0161as akcion\u0101riem balsot pret to.<\/p>\n<p class=\"text-font font-size--text-xlarge margin-3--bottom\">Masks algas viet\u0101 sa\u0146ems 423,74 miljonus &#8220;Tesla&#8221; akciju, kas 10 gadu laik\u0101 tiks pie\u0161\u0137irtas 12 posmos ar nosac\u012bjumu, ka tiek sasniegti operacion\u0101lie m\u0113r\u0137i. Uz\u0146\u0113muma tirgus v\u0113rt\u012bbai pieaugot l\u012bdz 8,5 triljoniem dol\u0101ru, \u0161\u012bs akciju paketes v\u0113rt\u012bba sasniegtu triljonu dol\u0101ru.<\/p>\n<p class=\"text-font font-size--text-xlarge margin-3--bottom\">&#8220;Tesla&#8221; valdes priek\u0161s\u0113d\u0113t\u0101ja Robaina Denholma uzsv\u0113ra, ka Masks nesa\u0146ems neko, ja ambiciozie m\u0113r\u0137i netiks sasniegti. Pats Masks ir sac\u012bjis, ka vi\u0146am vair\u0101k par naudu interes\u0113 savas &#8220;Tesla&#8221; da\u013cas palielin\u0101\u0161ana l\u012bdz 25%, lai nodro\u0161in\u0101tu savue ietekmi p\u0101r uz\u0146\u0113mumu.<\/p>\n<p class=\"text-font font-size--text-xlarge margin-3--bottom\">&#8220;Tesla&#8221; elektromobi\u013cu noiets ir krities. Masks tom\u0113r ir pazi\u0146ojis, ka uz\u0146\u0113muma n\u0101kotne ir ne tikai elektromobi\u013cu, bet ar\u012b pa\u0161brauco\u0161u robotak\u0161u un humano\u012bdu robotu izlaid\u0113, kurus darbin\u0101tu m\u0101ksl\u012bgais intelekts.<\/p>\n","protected":false},"excerpt":{"rendered":"Elektromobi\u013cu ra\u017eo\u0161anas uz\u0146\u0113muma &#8220;Tesla&#8221; akcion\u0101ri ceturtdien pie\u0146\u0113ma pl\u0101nu, kas paredz pie\u0161\u0137irt uz\u0146\u0113muma vad\u012bt\u0101jam \u012alonam Maskam atalgojumu l\u012bdz vienam&hellip;\n","protected":false},"author":2,"featured_media":42144,"comment_status":"","ping_status":"","sticky":false,"template":"","format":"standard","meta":{"footnotes":""},"categories":[14],"tags":[23,57,869,77,870,28,29,867,32,33,22,30,31,35,39,38,36,37,34,871,868,40,20,26,27,24,25,54,55,56,21,58],"class_list":{"0":"post-42143","1":"post","2":"type-post","3":"status-publish","4":"format-standard","5":"has-post-thumbnail","7":"category-zinas-no-arvalstim","8":"tag-aktualitates","9":"tag-arvalstim","10":"tag-biznesa-zinas","11":"tag-bizness","12":"tag-bizness-latvija","13":"tag-breaking-news","14":"tag-breakingnews","15":"tag-dienas-zinas","16":"tag-featured-news","17":"tag-featurednews","18":"tag-headlines","19":"tag-latest-news","20":"tag-latestnews","21":"tag-latvia","22":"tag-latvian","23":"tag-latviesu","24":"tag-latviesu-valoda","25":"tag-latviesuvaloda","26":"tag-latvija","27":"tag-latvijas-biznesa-zinas","28":"tag-latvijas-zinas","29":"tag-lv","30":"tag-news","31":"tag-popularakas-zinas","32":"tag-popularakaszinas","33":"tag-top-stories","34":"tag-topstories","35":"tag-world","36":"tag-world-news","37":"tag-worldnews","38":"tag-zinas","39":"tag-zinas-no-arvalstim"},"share_on_mastodon":{"url":"","error":"Validation failed: Text character limit of 500 exceeded"},"_links":{"self":[{"href":"https:\/\/www.europesays.com\/lv\/wp-json\/wp\/v2\/posts\/42143","targetHints":{"allow":["GET"]}}],"collection":[{"href":"https:\/\/www.europesays.com\/lv\/wp-json\/wp\/v2\/posts"}],"about":[{"href":"https:\/\/www.europesays.com\/lv\/wp-json\/wp\/v2\/types\/post"}],"author":[{"embeddable":true,"href":"https:\/\/www.europesays.com\/lv\/wp-json\/wp\/v2\/users\/2"}],"replies":[{"embeddable":true,"href":"https:\/\/www.europesays.com\/lv\/wp-json\/wp\/v2\/comments?post=42143"}],"version-history":[{"count":0,"href":"https:\/\/www.europesays.com\/lv\/wp-json\/wp\/v2\/posts\/42143\/revisions"}],"wp:featuredmedia":[{"embeddable":true,"href":"https:\/\/www.europesays.com\/lv\/wp-json\/wp\/v2\/media\/42144"}],"wp:attachment":[{"href":"https:\/\/www.europesays.com\/lv\/wp-json\/wp\/v2\/media?parent=42143"}],"wp:term":[{"taxonomy":"category","embeddable":true,"href":"https:\/\/www.europesays.com\/lv\/wp-json\/wp\/v2\/categories?post=42143"},{"taxonomy":"post_tag","embeddable":true,"href":"https:\/\/www.europesays.com\/lv\/wp-json\/wp\/v2\/tags?post=42143"}],"curies":[{"name":"wp","href":"https:\/\/api.w.org\/{rel}","templated":true}]}}