{"id":42154,"date":"2025-11-07T05:16:12","date_gmt":"2025-11-07T05:16:12","guid":{"rendered":"https:\/\/www.europesays.com\/lv\/42154\/"},"modified":"2025-11-07T05:16:12","modified_gmt":"2025-11-07T05:16:12","slug":"lietuva-sasutusi-baltkrievija-nelauj-atgriezties-musu-kravas-automasinam-jauns-lv","status":"publish","type":"post","link":"https:\/\/www.europesays.com\/lv\/42154\/","title":{"rendered":"Lietuva sa\u0161utusi: Baltkrievija ne\u013cauj atgriezties m\u016bsu kravas automa\u0161\u012bn\u0101m &#8211; Jauns.lv"},"content":{"rendered":"<ol>\n<li><a href=\"https:\/\/news.google.com\/rss\/articles\/CBMisAFBVV95cUxQN2RnVFNMOS1LV2lVd2ZLekYyVEF0Nm1pV18xRDJTNDFxYzVGYklTZW5hdDZ5N21GUFA0MnFiREdMRWd5VW0tRmVJUzhBcVNnTTFxQlFlVjlzQkdlR3dneDZSMkd5Wmt0VnRBS2swbDhRc2hNYV9namVuNjNDbXlCeHVJOVBFSmZpV3JDNHNydG5rNE5QU0RrbnpNZkFHLWY5dGZDVlRJLWVZVHNsWHV2WQ?oc=5\" target=\"_blank\" rel=\"nofollow noopener\">Lietuva sa\u0161utusi: Baltkrievija ne\u013cauj atgriezties m\u016bsu kravas automa\u0161\u012bn\u0101m<\/a>&nbsp;&nbsp;Jauns.lv<\/li>\n<li><a href=\"https:\/\/news.google.com\/rss\/articles\/CBMi0wFBVV95cUxPSFVxSUVjMXpNX2dxZlRUTWFlb2g3S3pXWnZoY29sRFBsdmtJYzZIVm1vYTN6Q0hJUnlNNlZHMlJFSmRzOXlSZGJlV1I0dDBkRXFYNy1lX3JLbldWSzZZQzJMajNUUUlpQ0dmNUdKYmZYVnVCZzNqTE1ERXhONWVrWjM2ZVlpNktHYkpsTkV3NGxVWENRRmkzWkI0QWdra01GbjJEMDlnTzFfc1h4VjhITFNGWFVtVTljRUJnSk5Va1VkemRoSUlfZ2JWdDlTR1hUOG1v?oc=5\" target=\"_blank\" rel=\"nofollow noopener\">J\u016blija Ka\u013cada: Eiropas valstu robe\u017eas ar Baltkrieviju nedr\u012bkst sl\u0113gt \/ Raksts<\/a>&nbsp;&nbsp;LSM<\/li>\n<li><a href=\"https:\/\/news.google.com\/rss\/articles\/CBMi2wFBVV95cUxPTElFZG53ZnZMbzA4LUE3akhmeXRyOHIwYzlPbG0xZTJ3TUhvcWloTnB5SFJwelJtMGJUZklIeE9Sci1id1ZTTVpkUURvMFVFU3YxZ0dwbWY3cDJFTTBIRHhDYUFzVktkZ2piT2FKOFpLbzFMM2hqVURRMUI0Vm9aYzlwV0hYZDBlZkdPNG5uUlhhMDZNUHczMVRJRGM0Sl8xR3lKNXczNXR1bUhWcGt4dlEwVUQ4R1RCUTV0MS1ENlZOdWF4OXd5aTExbTFuWFN2SjR4UWxPY1QwMjg?oc=5\" target=\"_blank\" rel=\"nofollow noopener\">Baltkrievija atbild Lietuvai par robe\u017eu sl\u0113g\u0161anu ar sankcij\u0101m. Draud at\u0146emt darbu t\u016bksto\u0161iem cilv\u0113ku<\/a>&nbsp;&nbsp;Santa.lv<\/li>\n<li><a href=\"https:\/\/news.google.com\/rss\/articles\/CBMihwFBVV95cUxQZ0VkMTV3VHRfcEVnTjZCNHlzeklyUXJFb3l3N3JDbGFnakptY1A5ZkRnM2lnZEJZSkNYSGNVcHdQMkZESG9kUWl1aFdjSmVzVkZZU3J6ek9MQVBBY3V2WENwRFpOZ3NOYlEwbUt3RjE0WlJzX01rZGFuRW5yMk5nRi1ndENkbU0?oc=5\" target=\"_blank\" rel=\"nofollow noopener\">VID: Pieaugs kravas auto rinda Latvijas robe\u017epunktos<\/a>&nbsp;&nbsp;Dienas Bizness<\/li>\n<li><a href=\"https:\/\/news.google.com\/rss\/articles\/CBMitgFBVV95cUxPVjgyaU9WdjFjMUxJRUx3Q3RVdm9UZGw4NndJMVBfVDlFSDVQMXJfODZrUm5zUHdpak9COWpnaEI0c3VfbC01MmxqS3JwNzlUTkhfZnphOVFlajdNaGlIdXBjcTJjSWhWVVM4TmJ0bnhCU2ZjVDdNRVRuRFlmbERXQzFsS045R1Ayc0NBSjJPVVpER2xWbWZkakhXVU85cHVxTTNQX0ozNlhrZnplelUtNDJXNkRmUQ?oc=5\" target=\"_blank\" rel=\"nofollow noopener\">Luka\u0161enko aizliedz Lietuv\u0101 un Polij\u0101 re\u0123istr\u0113tiem kravas auto braukt caur Baltkrieviju<\/a>&nbsp;&nbsp;TVNET<\/li>\n<\/ol>\n","protected":false},"excerpt":{"rendered":"Lietuva sa\u0161utusi: Baltkrievija ne\u013cauj atgriezties m\u016bsu kravas automa\u0161\u012bn\u0101m&nbsp;&nbsp;Jauns.lv J\u016blija Ka\u013cada: Eiropas valstu robe\u017eas ar Baltkrieviju nedr\u012bkst sl\u0113gt \/&hellip;\n","protected":false},"author":2,"featured_media":42155,"comment_status":"","ping_status":"","sticky":false,"template":"","format":"standard","meta":{"footnotes":""},"categories":[14],"tags":[23,57,28,29,32,33,22,30,31,35,39,38,36,37,34,40,20,26,27,24,25,54,55,56,21,58],"class_list":{"0":"post-42154","1":"post","2":"type-post","3":"status-publish","4":"format-standard","5":"has-post-thumbnail","7":"category-zinas-no-arvalstim","8":"tag-aktualitates","9":"tag-arvalstim","10":"tag-breaking-news","11":"tag-breakingnews","12":"tag-featured-news","13":"tag-featurednews","14":"tag-headlines","15":"tag-latest-news","16":"tag-latestnews","17":"tag-latvia","18":"tag-latvian","19":"tag-latviesu","20":"tag-latviesu-valoda","21":"tag-latviesuvaloda","22":"tag-latvija","23":"tag-lv","24":"tag-news","25":"tag-popularakas-zinas","26":"tag-popularakaszinas","27":"tag-top-stories","28":"tag-topstories","29":"tag-world","30":"tag-world-news","31":"tag-worldnews","32":"tag-zinas","33":"tag-zinas-no-arvalstim"},"share_on_mastodon":{"url":"https:\/\/pubeurope.com\/@lv\/115506720642582492","error":""},"_links":{"self":[{"href":"https:\/\/www.europesays.com\/lv\/wp-json\/wp\/v2\/posts\/42154","targetHints":{"allow":["GET"]}}],"collection":[{"href":"https:\/\/www.europesays.com\/lv\/wp-json\/wp\/v2\/posts"}],"about":[{"href":"https:\/\/www.europesays.com\/lv\/wp-json\/wp\/v2\/types\/post"}],"author":[{"embeddable":true,"href":"https:\/\/www.europesays.com\/lv\/wp-json\/wp\/v2\/users\/2"}],"replies":[{"embeddable":true,"href":"https:\/\/www.europesays.com\/lv\/wp-json\/wp\/v2\/comments?post=42154"}],"version-history":[{"count":0,"href":"https:\/\/www.europesays.com\/lv\/wp-json\/wp\/v2\/posts\/42154\/revisions"}],"wp:featuredmedia":[{"embeddable":true,"href":"https:\/\/www.europesays.com\/lv\/wp-json\/wp\/v2\/media\/42155"}],"wp:attachment":[{"href":"https:\/\/www.europesays.com\/lv\/wp-json\/wp\/v2\/media?parent=42154"}],"wp:term":[{"taxonomy":"category","embeddable":true,"href":"https:\/\/www.europesays.com\/lv\/wp-json\/wp\/v2\/categories?post=42154"},{"taxonomy":"post_tag","embeddable":true,"href":"https:\/\/www.europesays.com\/lv\/wp-json\/wp\/v2\/tags?post=42154"}],"curies":[{"name":"wp","href":"https:\/\/api.w.org\/{rel}","templated":true}]}}