{"id":42170,"date":"2025-11-07T05:44:06","date_gmt":"2025-11-07T05:44:06","guid":{"rendered":"https:\/\/www.europesays.com\/lv\/42170\/"},"modified":"2025-11-07T05:44:06","modified_gmt":"2025-11-07T05:44:06","slug":"baltijas-kauss-veicina-latvijas-kalnu-slepotaju-konkurenci-un-starptautisko-atzinibu-lente-lv","status":"publish","type":"post","link":"https:\/\/www.europesays.com\/lv\/42170\/","title":{"rendered":"Baltijas kauss veicina Latvijas kalnu sl\u0113pot\u0101ju konkurenci un starptautisko atzin\u012bbu\u00a0\u2014\u00a0Lente.lv"},"content":{"rendered":"<p>LSF prezidenta Din\u0101ra Dor\u0161a redz\u0113jums par Baltijas kausa noz\u012bmi<\/p>\n<p>Latvijas Sl\u0113po\u0161anas feder\u0101cijas (LSF) prezidents Din\u0101rs Dor\u0161s uzsver, ka Baltijas kausa izc\u012b\u0146a kalnu sl\u0113po\u0161an\u0101, pulc\u0113jot sportistus no vair\u0101k\u0101m valst\u012bm, ir \u013coti noz\u012bm\u012bgs pas\u0101kums, kas veicina Latvijas kalnu sl\u0113pot\u0101ju sportisko izaugsmi un konkurences sparu. \u0160ogad sacens\u012bbas ir ieguvu\u0161as jaunu dimensiju, jo LSF ir nodro\u0161in\u0101jusi presti\u017e\u0101 Baltijas kausa norisi It\u0101lijas Alpos, demonstr\u0113jot organizatorisk\u0101s sp\u0113jas un sp\u0113c\u012bgu sadarb\u012bbu ar starptautiskiem partneriem. Dor\u0161s atz\u012bst, ka iepriek\u0161\u0113jos gados LSF ir r\u012bkojusi pat piecus vai se\u0161us posmus gad\u0101, kas notiku\u0161i da\u017e\u0101d\u0101s valst\u012bs, bet \u0161osezon sacens\u012bbas notiks \u010detr\u0101s valst\u012bs: Latvij\u0101, Lietuv\u0101, Igaunij\u0101 un It\u0101lij\u0101. Latvijai b\u016bs gods uz\u0146emt divus posmus, veicinot lok\u0101lo att\u012bst\u012bbu un populariz\u0113jot kalnu sl\u0113po\u0161anu. Lai gan Latvija nav kalnu zeme, feder\u0101cijas prezidents ir gandar\u012bts par progresu un paaugstin\u0101to sportisko l\u012bmeni, kas ir viens no LSF galvenajiem m\u0113r\u0137iem.<\/p>\n<p>Baltijas kausa sezona un t\u0101s strat\u0113\u0123iskie m\u0113r\u0137i<\/p>\n<p>Baltijas kausa sezona kalnu sl\u0113po\u0161an\u0101 tradicion\u0101li s\u0101kas novembra pirmaj\u0101 pus\u0113. \u0160ogad pirm\u0101 posma norises vieta ir Lietuvas k\u016brortpils\u0113ta Druskininkos, sl\u0113gtaj\u0101 hall\u0113 \u201cSnow Arena\u201d, kur pirms sezonas tren\u0113ju\u0161\u0101s ar\u012b t\u0101das zvaigznes k\u0101 Petra Vlhova. Sacens\u012bbas paredz\u0113tas da\u017e\u0101d\u0101s discipl\u012bn\u0101s \u2013 slaloms, superslaloms un paral\u0113lais slaloms, pulc\u0113jot gan jaunie\u0161us, gan Master grupas sportistus, k\u0101 ar\u012b eliti. Kopum\u0101 Baltijas kausam ir paredz\u0113ti pieci posmi, kas nosl\u0113gsies marta beig\u0101s It\u0101lij\u0101, paz\u012bstamaj\u0101 Poca di Fassa tras\u0113. \u0160aj\u0101 posm\u0101 sacens\u012bbas notiks ne tikai slalom\u0101, bet ar\u012b supergigant\u0101 un Alpu kombin\u0101cij\u0101, pied\u0101v\u0101jot sportistiem pla\u0161\u0101ku discipl\u012bnu kl\u0101stu un augst\u0101ku izaicin\u0101jumu l\u012bmeni. LSF prezidents Din\u0101rs Dor\u0161s uzsver, ka Baltijas kausa strat\u0113\u0123iskais m\u0113r\u0137is ir vienot kalnu sl\u0113pot\u0101jus no Baltijas re\u0123iona un integr\u0113t vi\u0146us sacens\u012bb\u0101s lielajos kalnos, radot unik\u0101lu pieredzi un iesp\u0113jas.<\/p>\n<p>LSF organizatorisk\u0101 kapacit\u0101te un starptautisk\u0101 atzin\u012bba<\/p>\n<p>Dor\u0161s nor\u0101da, ka starptautisko sacens\u012bbu cikli pieaugu\u0161ajiem FIS l\u012bmen\u012b bie\u017ei vien k\u013c\u016bst par pas\u0101kumiem ar \u013coti pla\u0161u dal\u012bbvalstu skaitu, kas at\u0161\u0137iras no s\u0101kotn\u0113j\u0101s Baltijas kausa idejas. Lai atspogu\u013cotu \u0161\u012bs izmai\u0146as un saglab\u0101tu sacens\u012bbu identit\u0101ti, LSF ir p\u0101rd\u0113v\u0113jusi da\u017eus no \u0161iem cikliem par SKILV CUP, kas cie\u0161i saist\u012bts ar feder\u0101cijas logo. Tom\u0113r veiksm\u012bg\u0101 sadarb\u012bba ar Val di Fassa It\u0101lij\u0101 turpin\u0101s, jo it\u0101\u013ci augstu v\u0113rt\u0113 LSF organizatorisk\u0101s sp\u0113jas. \u0160\u012b sadarb\u012bba \u013cauj r\u012bkot noz\u012bm\u012bgus pas\u0101kumus Alpos, kas dod Latvijas sportistiem unik\u0101lu iesp\u0113ju sacensties uz starptautiska l\u012bme\u0146a tras\u0113m. Dal\u012bba no cit\u0101m valst\u012bm ne tikai apliecina LSF k\u0101 organizatora kvalit\u0101ti, bet ar\u012b sniedz Latvijas sportistiem v\u0113rt\u012bgu pieredzi un paaugstina sportisko konkurenci. Dor\u0161s ir gandar\u012bts, ka \u0161is efekts ir redzams ar\u012b jaunie\u0161u sportisk\u0101 l\u012bme\u0146a pieaugum\u0101.<\/p>\n<p>Latvijas kalnu sl\u0113pot\u0101ju att\u012bst\u012bba un n\u0101kotnes perspekt\u012bvas<\/p>\n<p>LSF prezidents Din\u0101rs Dor\u0161s ar optimismu raug\u0101s uz Latvijas kalnu sl\u0113po\u0161anas n\u0101kotni, \u012bpa\u0161i uzsverot jaunie\u0161u izaugsmi. Vi\u0146\u0161 ar nepaciet\u012bbu gaida Latvijas lab\u0101ko sportistu, piem\u0113ram, D\u017eeniferas \u0122\u0113rmanes un Patr\u012bcijas Eidukas, atgrie\u0161anos sacens\u012bbu vid\u0113 un seko\u0161anu l\u012bdzi p\u0101r\u0113jiem talant\u012bgajiem sportistiem. Neskatoties uz to, ka Latvija nav tradicion\u0101la kalnu sl\u0113po\u0161anas valsts, LSF kop\u0161 2019. gada ir akt\u012bvi str\u0101d\u0101jusi pie sporta veida populariz\u0113\u0161anas un att\u012bst\u012bbas, Din\u0101ram Dor\u0161am vadot feder\u0101ciju. Pag\u0101ju\u0161aj\u0101 sezon\u0101 LSF ir organiz\u0113jusi rekordlielu skaitu posmu Baltijas kaus\u0101, iek\u013caujot pat It\u0101liju sacens\u012bbu mar\u0161rut\u0101, kas liecina par feder\u0101cijas sp\u0113ju veidot sp\u0113c\u012bgas starptautiskas partner\u012bbas un organiz\u0113t augstas raudzes pas\u0101kumus. \u0160ie centieni dod Latvijas sportistiem neatsveramu pieredzi, \u013caujot vi\u0146iem sacensties un pilnveidoties starptautisk\u0101 l\u012bmen\u012b, kas ir \u013coti svar\u012bgi, lai sasniegtu augst\u0101kus rezult\u0101tus gan Baltijas, gan Pasaules kausa izc\u012b\u0146\u0101, k\u0101 ar\u012b cit\u0101s presti\u017e\u0101s sacens\u012bb\u0101s.<\/p>\n","protected":false},"excerpt":{"rendered":"LSF prezidenta Din\u0101ra Dor\u0161a redz\u0113jums par Baltijas kausa noz\u012bmi Latvijas Sl\u0113po\u0161anas feder\u0101cijas (LSF) prezidents Din\u0101rs Dor\u0161s uzsver, ka&hellip;\n","protected":false},"author":2,"featured_media":42171,"comment_status":"","ping_status":"","sticky":false,"template":"","format":"standard","meta":{"footnotes":""},"categories":[17],"tags":[4584,11972,7613,35,39,38,36,37,34,11973,40,11974,67],"class_list":{"0":"post-42170","1":"post","2":"type-post","3":"status-publish","4":"format-standard","5":"has-post-thumbnail","7":"category-sports","8":"tag-baltijas-kauss","9":"tag-dinars-dorss","10":"tag-kalnu-sleposana","11":"tag-latvia","12":"tag-latvian","13":"tag-latviesu","14":"tag-latviesu-valoda","15":"tag-latviesuvaloda","16":"tag-latvija","17":"tag-latvijas-sleposanas-federacija","18":"tag-lv","19":"tag-sporta-konkurence","20":"tag-sports"},"share_on_mastodon":{"url":"https:\/\/pubeurope.com\/@lv\/115506830582235393","error":""},"_links":{"self":[{"href":"https:\/\/www.europesays.com\/lv\/wp-json\/wp\/v2\/posts\/42170","targetHints":{"allow":["GET"]}}],"collection":[{"href":"https:\/\/www.europesays.com\/lv\/wp-json\/wp\/v2\/posts"}],"about":[{"href":"https:\/\/www.europesays.com\/lv\/wp-json\/wp\/v2\/types\/post"}],"author":[{"embeddable":true,"href":"https:\/\/www.europesays.com\/lv\/wp-json\/wp\/v2\/users\/2"}],"replies":[{"embeddable":true,"href":"https:\/\/www.europesays.com\/lv\/wp-json\/wp\/v2\/comments?post=42170"}],"version-history":[{"count":0,"href":"https:\/\/www.europesays.com\/lv\/wp-json\/wp\/v2\/posts\/42170\/revisions"}],"wp:featuredmedia":[{"embeddable":true,"href":"https:\/\/www.europesays.com\/lv\/wp-json\/wp\/v2\/media\/42171"}],"wp:attachment":[{"href":"https:\/\/www.europesays.com\/lv\/wp-json\/wp\/v2\/media?parent=42170"}],"wp:term":[{"taxonomy":"category","embeddable":true,"href":"https:\/\/www.europesays.com\/lv\/wp-json\/wp\/v2\/categories?post=42170"},{"taxonomy":"post_tag","embeddable":true,"href":"https:\/\/www.europesays.com\/lv\/wp-json\/wp\/v2\/tags?post=42170"}],"curies":[{"name":"wp","href":"https:\/\/api.w.org\/{rel}","templated":true}]}}