{"id":42172,"date":"2025-11-07T05:48:08","date_gmt":"2025-11-07T05:48:08","guid":{"rendered":"https:\/\/www.europesays.com\/lv\/42172\/"},"modified":"2025-11-07T05:48:08","modified_gmt":"2025-11-07T05:48:08","slug":"ukrainu-droni-maina-kara-geografiju-krievija-diena","status":"publish","type":"post","link":"https:\/\/www.europesays.com\/lv\/42172\/","title":{"rendered":"Ukrai\u0146u droni maina kara \u0123eogr\u0101fiju Krievij\u0101 \/ Diena"},"content":{"rendered":"<p>\t\t&#13;<\/p>\n<p>Turpinoties s\u012bv\u0101m kauj\u0101m par frontes l\u012bniju notur\u0113\u0161anu Ukrainas c\u012b\u0146\u0101 pret iebruc\u0113jiem, Ukrainai p\u0113d\u0113jo m\u0113ne\u0161u laik\u0101 ir izdevies g\u016bt b\u016btiskus pan\u0101kumus karadarb\u012bbas atgrie\u0161an\u0101 agresorvalsts Krievijas teritorij\u0101. Izmantojot Ukrain\u0101 jaunrad\u012btos arvien t\u0101l\u0101ka darb\u012bbas r\u0101diusa trieciendronus un sabiedroto pieg\u0101d\u0101t\u0101s t\u0101la darb\u012bbas r\u0101diusa ra\u0137etes, ukrai\u0146i sp\u0113ju\u0161i nodar\u012bt post\u012bjumus Krievijas naftas p\u0101rstr\u0101des un milit\u0101r\u0101s r\u016bpniec\u012bbas objektiem, kas atrodas pat vair\u0101k nek\u0101 t\u016bksto\u0161 kilometru att\u0101lum\u0101 no robe\u017eas ar Ukrainu un kuri tiek izmantoti Krievijas bru\u0146oto sp\u0113ku apg\u0101d\u0113.<\/p>\n<p>&#13;<br \/>\n&#13;<\/p>\n<p>\u0160ie triecieni dzi\u013ci Krievijas teritorij\u0101 ne tikai liek Krievijas iedz\u012bvot\u0101jiem izjust Krem\u013ca s\u0101kt\u0101 kara rad\u012bto apdraud\u0113jumu pa\u0161iem, bet ar\u012b uz laiku sl\u0113gt lidostas, ierobe\u017eot degvielas tirdzniec\u012bbu, izraisot rindas benz\u012bntankos. Turkl\u0101t Krem\u013ca saimnieks Vladimirs Putins bijis spiests parakst\u012bt likumu, kas dod Aizsardz\u012bbas ministrijai ties\u012bbas iesaist\u012bt rezerves karav\u012brus \u00abkritiski svar\u012bgu objektu un citu ikdienas dz\u012bves nodro\u0161in\u0101\u0161anas objektu aizsardz\u012bbai\u00bb.\u00a0Meduza.io zi\u0146o, ka Krievijas Tjume\u0146as un Jaroslav\u013cas apgabal\u0101 jau izsludin\u0101ta rezerves karav\u012bru pieteik\u0161an\u0101s m\u0101c\u012bb\u0101m un iesaist\u012b\u0161anai energoobjektu aizsardz\u012bb\u0101 pret dronu uzbrukumiem.<\/p>\n<p>&#13;<br \/>\n&#13;<\/p>\n<p>\u00a0<\/p>\n<p>&#13;<\/p>\n<p>Visu rakstu lasiet av\u012bzes Diena piektdienas, 7. novembra, numur\u0101! Ja v\u0113laties laikraksta saturu turpm\u0101k las\u012bt druk\u0101t\u0101 form\u0101t\u0101, to iesp\u0113jams abon\u0113t <a href=\"https:\/&lt;b&gt;+&lt;\/strong&gt;&lt;\/p&gt;&#9;&#13;&#10;&#9;&#9;&#9;&lt;footer&gt;&#13;&#10;&#9;&#9;&lt;p&gt;&#13;&#10;&#9;&#9;&#9;&lt;strong&gt;&#13;&#10;&#9;&#9;&#9;&#9;Raksta pilno versiju var ieg\u0101d\u0101ties ar\u012b port\u0101l\u0101 Diena.lv - autoriz\u0113jies,  &lt;a href=\" https:=\"\" onclick=\"Diena.user.showLogin()\">klik\u0161\u0137inot \u0161eit!<\/a>&#13;<br \/>\n\t\t\t&#13;\n\t\t<\/p>\n<p class=\"paid-article-text__price\">&#13;<br \/>\n\t\t\tRaksta cena: \u20ac0.40&#13;\n\t\t<\/p>\n<p class=\"more\">&#13;<br \/>\n\t\t\t&#13;<br \/>\n\t\t\t<a target=\"_blank\" href=\"https:\/\/www.diena.lv\/maksas-saturs\" rel=\"nofollow noopener\">Vair\u0101k inform\u0101cijas<\/a>&#13;\n\t\t<\/p>\n","protected":false},"excerpt":{"rendered":"&#13; Turpinoties s\u012bv\u0101m kauj\u0101m par frontes l\u012bniju notur\u0113\u0161anu Ukrainas c\u012b\u0146\u0101 pret iebruc\u0113jiem, Ukrainai p\u0113d\u0113jo m\u0113ne\u0161u laik\u0101 ir izdevies&hellip;\n","protected":false},"author":2,"featured_media":42173,"comment_status":"","ping_status":"","sticky":false,"template":"","format":"standard","meta":{"footnotes":""},"categories":[5],"tags":[23,28,29,32,33,22,30,31,35,39,38,36,37,34,40,20,26,27,24,25,21],"class_list":{"0":"post-42172","1":"post","2":"type-post","3":"status-publish","4":"format-standard","5":"has-post-thumbnail","7":"category-aktualitates","8":"tag-aktualitates","9":"tag-breaking-news","10":"tag-breakingnews","11":"tag-featured-news","12":"tag-featurednews","13":"tag-headlines","14":"tag-latest-news","15":"tag-latestnews","16":"tag-latvia","17":"tag-latvian","18":"tag-latviesu","19":"tag-latviesu-valoda","20":"tag-latviesuvaloda","21":"tag-latvija","22":"tag-lv","23":"tag-news","24":"tag-popularakas-zinas","25":"tag-popularakaszinas","26":"tag-top-stories","27":"tag-topstories","28":"tag-zinas"},"share_on_mastodon":{"url":"https:\/\/pubeurope.com\/@lv\/115506846326930252","error":""},"_links":{"self":[{"href":"https:\/\/www.europesays.com\/lv\/wp-json\/wp\/v2\/posts\/42172","targetHints":{"allow":["GET"]}}],"collection":[{"href":"https:\/\/www.europesays.com\/lv\/wp-json\/wp\/v2\/posts"}],"about":[{"href":"https:\/\/www.europesays.com\/lv\/wp-json\/wp\/v2\/types\/post"}],"author":[{"embeddable":true,"href":"https:\/\/www.europesays.com\/lv\/wp-json\/wp\/v2\/users\/2"}],"replies":[{"embeddable":true,"href":"https:\/\/www.europesays.com\/lv\/wp-json\/wp\/v2\/comments?post=42172"}],"version-history":[{"count":0,"href":"https:\/\/www.europesays.com\/lv\/wp-json\/wp\/v2\/posts\/42172\/revisions"}],"wp:featuredmedia":[{"embeddable":true,"href":"https:\/\/www.europesays.com\/lv\/wp-json\/wp\/v2\/media\/42173"}],"wp:attachment":[{"href":"https:\/\/www.europesays.com\/lv\/wp-json\/wp\/v2\/media?parent=42172"}],"wp:term":[{"taxonomy":"category","embeddable":true,"href":"https:\/\/www.europesays.com\/lv\/wp-json\/wp\/v2\/categories?post=42172"},{"taxonomy":"post_tag","embeddable":true,"href":"https:\/\/www.europesays.com\/lv\/wp-json\/wp\/v2\/tags?post=42172"}],"curies":[{"name":"wp","href":"https:\/\/api.w.org\/{rel}","templated":true}]}}