{"id":42188,"date":"2025-11-07T06:10:07","date_gmt":"2025-11-07T06:10:07","guid":{"rendered":"https:\/\/www.europesays.com\/lv\/42188\/"},"modified":"2025-11-07T06:10:07","modified_gmt":"2025-11-07T06:10:07","slug":"geteborgas-lidosta-drona-del-nacies-atcelt-reisus","status":"publish","type":"post","link":"https:\/\/www.europesays.com\/lv\/42188\/","title":{"rendered":"G\u0113teborgas lidost\u0101 drona d\u0113\u013c n\u0101cies atcelt reisus"},"content":{"rendered":"<p>&#8220;Gaisa telpa virs Landveteras [lidostas] \u0161obr\u012bd ir sl\u0113gta, jo ir nor\u0101de par iesp\u0113jamu dronu,&#8221; rakstisk\u0101 pazi\u0146ojum\u0101 pav\u0113st\u012bja Zviedrijas lidostu operatora &#8220;Swedavia&#8221; vad\u012bt\u0101ja Suzanne Normane.<\/p>\n<p>Viens vai vair\u0101ki <a href=\"https:\/\/www.tvnet.lv\/term\/576468\/droni\" class=\"topicLink\" target=\"_blank\" rel=\"nofollow noopener\">droni<\/a> bija nov\u0113roti neilgi pirms plkst. 18 (plkst. 19 p\u0113c Latvijas laika), un p\u0113c tam gaisa satiksme tika aptur\u0113ta, sac\u012bja Zviedrijas gaisa satiksmes kontroles dienesta LFV preses sekret\u0101rs Bjerns Stavass.<\/p>\n<p>Lidostas t\u012bmek\u013ca vietn\u0113 bija par\u0101d\u012bta vair\u0101ku reisu atcel\u0161ana, atlik\u0161ana vai novirz\u012b\u0161ana.<\/p>\n<p>Pirms tam \u0161oned\u0113\u013c Briseles galvenaj\u0101 lidost\u0101 tika aptur\u0113ti ap 80 reisu t\u0101s tuvum\u0101 redz\u0113tu dronu d\u0113\u013c.<\/p>\n<blockquote class=\"quote ck-widget\" contenteditable=\"false\">\n<p>P\u0113d\u0113j\u0101 laik\u0101 droni konstat\u0113ti pie lidost\u0101m un slepeniem milit\u0101riem objektiem vair\u0101k\u0101s Eiropas valst\u012bs, to skait\u0101 V\u0101cij\u0101 un Zviedrij\u0101.<\/p>\n<\/blockquote>\n<p>Ir radu\u0161\u0101s aizdomas par iesp\u0113jamu Krievijas saist\u012bbu ar palielin\u0101to dronu aktivit\u0101ti Eirop\u0101.<\/p>\n","protected":false},"excerpt":{"rendered":"&#8220;Gaisa telpa virs Landveteras [lidostas] \u0161obr\u012bd ir sl\u0113gta, jo ir nor\u0101de par iesp\u0113jamu dronu,&#8221; rakstisk\u0101 pazi\u0146ojum\u0101 pav\u0113st\u012bja Zviedrijas&hellip;\n","protected":false},"author":2,"featured_media":42189,"comment_status":"","ping_status":"","sticky":false,"template":"","format":"standard","meta":{"footnotes":""},"categories":[14],"tags":[23,57,28,29,75,32,33,22,1571,30,31,35,39,38,36,37,34,40,20,26,27,24,25,54,55,56,21,58,185],"class_list":{"0":"post-42188","1":"post","2":"type-post","3":"status-publish","4":"format-standard","5":"has-post-thumbnail","7":"category-zinas-no-arvalstim","8":"tag-aktualitates","9":"tag-arvalstim","10":"tag-breaking-news","11":"tag-breakingnews","12":"tag-droni","13":"tag-featured-news","14":"tag-featurednews","15":"tag-headlines","16":"tag-hibridkars","17":"tag-latest-news","18":"tag-latestnews","19":"tag-latvia","20":"tag-latvian","21":"tag-latviesu","22":"tag-latviesu-valoda","23":"tag-latviesuvaloda","24":"tag-latvija","25":"tag-lv","26":"tag-news","27":"tag-popularakas-zinas","28":"tag-popularakaszinas","29":"tag-top-stories","30":"tag-topstories","31":"tag-world","32":"tag-world-news","33":"tag-worldnews","34":"tag-zinas","35":"tag-zinas-no-arvalstim","36":"tag-zviedrija"},"share_on_mastodon":{"url":"https:\/\/pubeurope.com\/@lv\/115506932794492784","error":""},"_links":{"self":[{"href":"https:\/\/www.europesays.com\/lv\/wp-json\/wp\/v2\/posts\/42188","targetHints":{"allow":["GET"]}}],"collection":[{"href":"https:\/\/www.europesays.com\/lv\/wp-json\/wp\/v2\/posts"}],"about":[{"href":"https:\/\/www.europesays.com\/lv\/wp-json\/wp\/v2\/types\/post"}],"author":[{"embeddable":true,"href":"https:\/\/www.europesays.com\/lv\/wp-json\/wp\/v2\/users\/2"}],"replies":[{"embeddable":true,"href":"https:\/\/www.europesays.com\/lv\/wp-json\/wp\/v2\/comments?post=42188"}],"version-history":[{"count":0,"href":"https:\/\/www.europesays.com\/lv\/wp-json\/wp\/v2\/posts\/42188\/revisions"}],"wp:featuredmedia":[{"embeddable":true,"href":"https:\/\/www.europesays.com\/lv\/wp-json\/wp\/v2\/media\/42189"}],"wp:attachment":[{"href":"https:\/\/www.europesays.com\/lv\/wp-json\/wp\/v2\/media?parent=42188"}],"wp:term":[{"taxonomy":"category","embeddable":true,"href":"https:\/\/www.europesays.com\/lv\/wp-json\/wp\/v2\/categories?post=42188"},{"taxonomy":"post_tag","embeddable":true,"href":"https:\/\/www.europesays.com\/lv\/wp-json\/wp\/v2\/tags?post=42188"}],"curies":[{"name":"wp","href":"https:\/\/api.w.org\/{rel}","templated":true}]}}