{"id":42190,"date":"2025-11-07T06:13:09","date_gmt":"2025-11-07T06:13:09","guid":{"rendered":"https:\/\/www.europesays.com\/lv\/42190\/"},"modified":"2025-11-07T06:13:09","modified_gmt":"2025-11-07T06:13:09","slug":"lindas-un-leldes-negaiditas-izveles-un-intriga-artura-del-lente-lv","status":"publish","type":"post","link":"https:\/\/www.europesays.com\/lv\/42190\/","title":{"rendered":"Lindas un Leldes negaid\u012bt\u0101s izv\u0113les un intriga Art\u016bra d\u0113\u013c\u00a0\u2014\u00a0Lente.lv"},"content":{"rendered":"<p>M\u012blest\u012bbas \u0161ova \u201eRandi\u0146\u0161 ar div\u0101m\u201d fin\u0101ls: Lindas un Leldes izv\u0113les un negaid\u012btie pav\u0113rsieni<\/p>\n<p>Telev\u012bzijas \u0161ovs \u201eRandi\u0146\u0161 ar div\u0101m\u201d ir nosl\u0113dzies ar intrigu un emociju pilnu fin\u0101lu, kur\u0101 aktrises Linda Kalni\u0146a un Lelde Dreimane izv\u0113l\u0113j\u0101s savus potenci\u0101los partnerus. P\u0113d\u0113j\u0101 epizod\u0113, kas skat\u0101ma kop\u0161 4. novembra, tika atkl\u0101tas \u201ePaties\u012bbas maskas\u201d, par\u0101dot, ka raid\u012bjuma vad\u012bt\u0101js Aivis Ceri\u0146\u0161 visu laiku ir bijis kl\u0101teso\u0161s notikumu aizkulis\u0113s. Vi\u0146a unik\u0101l\u0101 piek\u013cuve \u013c\u0101va sekot l\u012bdzi gan dal\u012bbnieku sarun\u0101m, gan vi\u0146u person\u012bgaj\u0101m dilemm\u0101m.<\/p>\n<p>Fin\u0101la izska\u0146\u0101 Linda Kalni\u0146a savu izv\u0113li izdar\u012bja par labu Edgaram, d\u0113v\u0113t\u0101 \u201eVikinga\u201d v\u0101rda, savuk\u0101rt Lelde Dreimane par savu favor\u012btu izvirz\u012bja Arnoldu. \u0160\u012bs izv\u0113les neb\u016bt nenoz\u012bm\u0113ja gludu un bezr\u016bp\u012bgu turpin\u0101jumu, jo \u0161ov\u0101 tika iep\u012bti negaid\u012bti pav\u0113rsieni, kas sagroz\u012bja iepriek\u0161 izveidot\u0101s cer\u012bbas un pl\u0101nus.<\/p>\n<p>Nosl\u0113guma randi\u0146i un negaid\u012btas atbildes<\/p>\n<p>Pirms gal\u012bg\u0101 l\u0113muma pie\u0146em\u0161anas, dal\u012bbnieces dev\u0101s uz nosl\u0113guma randi\u0146iem, lai v\u0113lreiz izv\u0113rt\u0113tu savas izj\u016btas. Lindai un Edgaram tika sar\u012bkots romantisks brauciens ar retro automobili un pikniks It\u0101lijas laukos, radot idillisku ainu. Tikm\u0113r Lelde un Arnolds baud\u012bja vakari\u0146as restor\u0101n\u0101, cen\u0161oties viens otru iepaz\u012bt v\u0113l dzi\u013c\u0101k int\u012bm\u0101 gaisotn\u0113.<\/p>\n<p>Neskatoties uz romantisko atmosf\u0113ru, fin\u0101la atbildes atkl\u0101ja, ka viss nav tik vienk\u0101r\u0161i. Linda Kalni\u0146a pie\u0146\u0113ma p\u0101rsteidzo\u0161u l\u0113mumu \u2013 vi\u0146a nev\u0113l\u0113j\u0101s veidot p\u0101ri ar Edgaru. Lai gan vi\u0146u kop\u0101 pavad\u012btais laiks bija pat\u012bkams, abi saprata, ka \u201ema\u0123isk\u0101 dzirkstel\u012bte\u201d tr\u016bkst, un nol\u0113ma palikt vien k\u0101 draugi. \u0160is solis par\u0101d\u012bja Lindas gatav\u012bbu b\u016bt god\u012bgai pret sav\u0101m j\u016bt\u0101m, pat ja tas noz\u012bm\u0113 atteik\u0161anos no potenci\u0101la p\u0101ra.<\/p>\n<p>Art\u016bra atgrie\u0161an\u0101s un Leldes dilemma<\/p>\n<p>Leldei sniedzot savu atbildi, situ\u0101cija k\u013cuva v\u0113l sare\u017e\u0123\u012bt\u0101ka. Raid\u012bjuma vad\u012bt\u0101js Aivis Ceri\u0146\u0161 pazi\u0146oja, ka Art\u016brs, kur\u0161 iepriek\u0161 bija pametis \u0161ovu savas meitas dzim\u0161anas dienas d\u0113\u013c, ir s\u016bt\u012bjis Leldei v\u0113stuli. S\u0101kotn\u0113ji Lelde vilcin\u0101j\u0101s las\u012bt v\u0113stuli, uzskatot, ka l\u0113mums jau pie\u0146emts, ta\u010du p\u0113c t\u0101s izlas\u012b\u0161anas uzzin\u0101ja, ka Art\u016brs ir atgriezies vill\u0101, lai ar vi\u0146u satiktos.<\/p>\n<p>\u0160is negaid\u012btais pav\u0113rsiens, ko Lelde uztv\u0113ra k\u0101 aizsk\u0101rumu no \u0161ova veidot\u0101jiem, lika vi\u0146ai pie\u0146emt radik\u0101lu l\u0113mumu. Vi\u0146a nol\u0113ma neizv\u0113l\u0113ties nevienu no v\u012brie\u0161iem \u2013 ne Arnoldu, ne Art\u016bru, atst\u0101jot gan dal\u012bbniekus, gan skat\u012bt\u0101jus p\u0101rsteigtus. \u0160\u0101da r\u012bc\u012bba rad\u012bja papildu intrigu un lika dom\u0101t, vai ar to viss nosl\u0113dzies.<\/p>\n<p>\u0160ova aizkulises un dal\u012bbnieku izv\u0113les<\/p>\n<p>Izr\u0101d\u0101s, ka Art\u016bra Bern\u0101ta aizie\u0161ana no \u0161ova neb\u016bt nav bijusi tik viennoz\u012bm\u012bga, k\u0101 s\u0101kotn\u0113ji \u0161\u0137ita. Lai gan vi\u0146\u0161 publiski skaidroja, ka l\u0113mums saist\u012bts ar meitas dzim\u0161anas dienu, da\u017ei mediji un skat\u012bt\u0101ji pie\u013cauj, ka var\u0113tu b\u016bt ar\u012b citi, dzi\u013c\u0101ki iemesli. Vi\u0146a izst\u0101\u0161an\u0101s rad\u012bja emocion\u0101lu satraukumu un lika p\u0101rdom\u0101t, vai patiesa m\u012blest\u012bba var rasties \u0161ova sare\u017e\u0123\u012btaj\u0101 vid\u0113.<\/p>\n<p>Pirms fin\u0101la k\u0101ds no dal\u012bbniekiem, Edgars, raksturojis Leldi k\u0101 \u201eaukstu\u201d sievieti, sal\u012bdzinot vi\u0146as iztur\u0113\u0161anos ar alu, kas \u0101tri atdziest. Vi\u0146\u0161 pat izteicis, ka Lelde randi\u0146a laik\u0101 vair\u0101k piev\u0113rsusies soci\u0101lajiem t\u012bkliem un fotograf\u0113\u0161anai nek\u0101 vi\u0146a sarunai. Lai gan s\u0101kotn\u0113ji Edgars centies iebied\u0113t citus dal\u012bbniekus, ba\u017e\u012bjoties par konkurenci, vi\u0146\u0161 v\u0113l\u0101k atzinis, ka Lelde vi\u0146am \u013coti iepatikusies.<\/p>\n<p>\u0160ovs \u201eRandi\u0146\u0161 ar div\u0101m\u201d kopum\u0101 pied\u0101v\u0101ja daudzsl\u0101\u0146ainu ieskatu cilv\u0113ku attiec\u012bb\u0101s un emocij\u0101s, s\u0101kot no \u201eToskanas saul\u0113 sas\u0101rtu\u0161ajiem vaigiem l\u012bdz meln\u0101 humora graudi\u0146iem\u201d. Tas \u013c\u0101va skat\u012bt\u0101jiem izbaud\u012bt sve\u0161inieka pieredzi slepen\u0101 randi\u0146\u0101, nekad nezinot, k\u0101 tas beigsies.<\/p>\n<p>Lai gan fin\u0101ls piedz\u012bvoja negaid\u012btus pav\u0113rsienus un dal\u012bbnie\u010du pie\u0146emtos l\u0113mumus, tas skaidri par\u0101d\u012bja, cik sare\u017e\u0123\u012bts un neparedzams var b\u016bt m\u012blest\u012bbas mekl\u0113jumu process, it \u012bpa\u0161i publisk\u0101 telp\u0101 un realit\u0101tes \u0161ova form\u0101t\u0101.<\/p>\n","protected":false},"excerpt":{"rendered":"M\u012blest\u012bbas \u0161ova \u201eRandi\u0146\u0161 ar div\u0101m\u201d fin\u0101ls: Lindas un Leldes izv\u0113les un negaid\u012btie pav\u0113rsieni Telev\u012bzijas \u0161ovs \u201eRandi\u0146\u0161 ar div\u0101m\u201d&hellip;\n","protected":false},"author":2,"featured_media":42191,"comment_status":"","ping_status":"","sticky":false,"template":"","format":"standard","meta":{"footnotes":""},"categories":[19],"tags":[89,8021,90,35,39,38,36,37,34,3714,1552,40,3715,1110],"class_list":{"0":"post-42190","1":"post","2":"type-post","3":"status-publish","4":"format-standard","5":"has-post-thumbnail","7":"category-izklaide","8":"tag-entertainment","9":"tag-finals","10":"tag-izklaide","11":"tag-latvia","12":"tag-latvian","13":"tag-latviesu","14":"tag-latviesu-valoda","15":"tag-latviesuvaloda","16":"tag-latvija","17":"tag-lelde-dreimane","18":"tag-linda-kalnina","19":"tag-lv","20":"tag-randins-ar-divam","21":"tag-tv-sovs"},"share_on_mastodon":{"url":"https:\/\/pubeurope.com\/@lv\/115506944631428021","error":""},"_links":{"self":[{"href":"https:\/\/www.europesays.com\/lv\/wp-json\/wp\/v2\/posts\/42190","targetHints":{"allow":["GET"]}}],"collection":[{"href":"https:\/\/www.europesays.com\/lv\/wp-json\/wp\/v2\/posts"}],"about":[{"href":"https:\/\/www.europesays.com\/lv\/wp-json\/wp\/v2\/types\/post"}],"author":[{"embeddable":true,"href":"https:\/\/www.europesays.com\/lv\/wp-json\/wp\/v2\/users\/2"}],"replies":[{"embeddable":true,"href":"https:\/\/www.europesays.com\/lv\/wp-json\/wp\/v2\/comments?post=42190"}],"version-history":[{"count":0,"href":"https:\/\/www.europesays.com\/lv\/wp-json\/wp\/v2\/posts\/42190\/revisions"}],"wp:featuredmedia":[{"embeddable":true,"href":"https:\/\/www.europesays.com\/lv\/wp-json\/wp\/v2\/media\/42191"}],"wp:attachment":[{"href":"https:\/\/www.europesays.com\/lv\/wp-json\/wp\/v2\/media?parent=42190"}],"wp:term":[{"taxonomy":"category","embeddable":true,"href":"https:\/\/www.europesays.com\/lv\/wp-json\/wp\/v2\/categories?post=42190"},{"taxonomy":"post_tag","embeddable":true,"href":"https:\/\/www.europesays.com\/lv\/wp-json\/wp\/v2\/tags?post=42190"}],"curies":[{"name":"wp","href":"https:\/\/api.w.org\/{rel}","templated":true}]}}