{"id":42198,"date":"2025-11-07T06:24:10","date_gmt":"2025-11-07T06:24:10","guid":{"rendered":"https:\/\/www.europesays.com\/lv\/42198\/"},"modified":"2025-11-07T06:24:10","modified_gmt":"2025-11-07T06:24:10","slug":"soruden-iedzivotaji-lapas-noteikta-laika-bez-maksas-vares-nodot-vairakas-vietas-pilseta","status":"publish","type":"post","link":"https:\/\/www.europesays.com\/lv\/42198\/","title":{"rendered":"\u0160oruden iedz\u012bvot\u0101ji lapas noteikt\u0101 laik\u0101 bez maksas var\u0113s nodot vair\u0101k\u0101s viet\u0101s pils\u0113t\u0101"},"content":{"rendered":"<p>Nosl\u0113dzoties intens\u012bvam lapkritim, noteikt\u0101s viet\u0101s pils\u0113t\u0101 15. un 29.\u00a0novembr\u012b uz laiku pietur\u0113s specializ\u0113tais transports, un iedz\u012bvot\u0101ji, tostarp tie, kuriem nav pieejams transports lapu nog\u0101d\u0101\u0161anai DAV laukumos, lapas bez maksas var\u0113s nodot savas dz\u012bvesvietas tuvum\u0101. Sav\u0101kt\u0101s lapas l\u012bdz nodo\u0161anas vietai pils\u0113tniekiem gan j\u0101nog\u0101d\u0101 pa\u0161iem. Svar\u012bgi\u00a0\u2013 lapas var\u0113s nodot tikai taj\u0101 laik\u0101, kad nor\u0101d\u012btaj\u0101 viet\u0101 b\u016bs piebraucis specializ\u0113tais transports. T\u0101s nedr\u012bkst atvest un atst\u0101t ne pirms, ne p\u0113c specializ\u0113t\u0101 transporta iera\u0161an\u0101s. \u0160aj\u0101 laik\u0101 k\u0101 biolo\u0123iskie atkritumi tiks pie\u0146emtas tikai koku lapas\u00a0\u2013 t\u0101s nedr\u012bkst b\u016bt sajauktas ar citiem atkritumiem. Pirms izb\u0113r\u0161anas specializ\u0113taj\u0101 transport\u0101 to saturu p\u0101rbaud\u012bs un lapas pal\u012bdz\u0113s izb\u0113rt darbinieki.<\/p>\n<p><a href=\"https:\/\/www.europesays.com\/lv\/wp-content\/uploads\/2025\/11\/lapu-nodosana-scaled.jpg\"><img fetchpriority=\"high\" decoding=\"async\" class=\"alignnone size-full wp-image-277293\" src=\"https:\/\/www.europesays.com\/lv\/wp-content\/uploads\/2025\/11\/lapu-nodosana-scaled.jpg\" alt=\"\" width=\"1627\" height=\"2560\"\/><\/a><\/p>\n<p>Savuk\u0101rt cit\u0101 laik\u0101 pils\u0113tnieki aicin\u0101ti sav\u0101kt\u0101s lapas nodot k\u0101d\u0101 no DAV laukumiem\u00a0\u2013 Gan\u012bbu iel\u0101\u00a084, Salnas iel\u0101\u00a020 un Paula Leji\u0146a iel\u0101\u00a06. Laukumos ir nodro\u0161in\u0101ti biolo\u0123isko atkritumu konteineri, kuros iedz\u012bvot\u0101ji aicin\u0101ti izb\u0113rt koku lapas bez atkritumu maisiem. J\u0101atceras gan, ka DAV laukumos netiek pie\u0146emtas t\u016bjas un to zari, jo t\u016bjas negat\u012bvi ietekm\u0113 kompost\u0113\u0161an\u0101s procesu un tiek klasific\u0113tas k\u0101 sadz\u012bves atkritumi.<\/p>\n<p>DAV laukumi Paula Leji\u0146a iel\u0101\u00a06 un Salnas iel\u0101\u00a020 str\u0101d\u0101 p\u0113c vienota darba laika\u00a0\u2013 no otrdienas l\u012bdz sv\u0113tdienai no pulksten\u00a08 l\u012bdz 19. Savuk\u0101rt laukums Gan\u012bbu iel\u0101\u00a084 atv\u0113rts pirmdien\u0101s no pulksten\u00a08 l\u012bdz 19, no otrdienas l\u012bdz piektdienai no pulksten\u00a08 l\u012bdz 17, bet sestdien\u0101s no pulksten\u00a09 l\u012bdz 14.<\/p>\n<p>J\u0101piebilst, ka DAV laukumu konteineri un sezon\u0101l\u0101s nodo\u0161anas vietas biolo\u0123iskajiem atkritumiem nav paredz\u0113ti juridisk\u0101m person\u0101m, t\u0101p\u0113c uz\u0146\u0113m\u0113ji aicin\u0101ti izve\u0161anu pieteikt vai patst\u0101v\u012bgi organiz\u0113t lapu nodo\u0161anu poligon\u0101 \u201cBrak\u0161\u0137i\u201d. Pla\u0161\u0101ka inform\u0101cija par pakalpojumiem un to izmaks\u0101m pieejama uz\u0146\u0113muma m\u0101jaslap\u0101 www.komunalie.lv.<\/p>\n<p>T\u0101pat j\u0101atg\u0101dina, ka koku lapas ir aizliegts dedzin\u0101t vai novietot t\u0101m neparedz\u0113t\u0101s viet\u0101s, tostarp pie atkritumu konteineriem, uz iel\u0101m, skv\u0113ros, parkos, me\u017eos.<\/p>\n<p>Saska\u0146\u0101 ar pa\u0161vald\u012bbas saisto\u0161ajiem noteikumiem \u012bpa\u0161uma saimniekam j\u0101r\u016bp\u0113jas ne tikai par sava \u012bpa\u0161uma sakop\u0161anu, bet ar\u012b j\u0101nodro\u0161ina piegulo\u0161\u0101s teritorijas sakop\u0161ana. Fizisk\u0101m person\u0101m priv\u0101t\u012bpa\u0161umam piegulo\u0161o publisk\u0101 lieto\u0161an\u0101 eso\u0161o ietvju uztur\u0113\u0161ana ir j\u0101veic l\u012bdz 5\u00a0metriem no zemesgabala robe\u017eas, bet juridisk\u0101m person\u0101m\u00a0\u2013 l\u012bdz 10\u00a0metriem.<\/p>\n<p>Pa\u0161vald\u012bbas iest\u0101de \u201cPils\u0113tsaimniec\u012bba\u201d inform\u0113, ka ar\u012b kaps\u0113t\u0101s atkritumi j\u0101\u0161\u0137iro. Lai kritu\u0161\u0101s lapas sav\u0101ktu viegl\u0101k un efekt\u012bv\u0101k, t\u0101s j\u0101ievieto maisos un j\u0101novieto uz galvenajiem celi\u0146iem pie informat\u012bvaj\u0101m z\u012bm\u0113m \u201cLapas maisos novietot \u0161eit\u201d. Vietas izv\u0113l\u0113tas t\u0101, lai str\u0101dnieki ar mazo tehniku un piekabi var\u0113tu \u0113rti piebraukt, iekraut un aizvest maisus uz lapu atb\u0113rtni. Iedz\u012bvot\u0101ji tiek aicin\u0101ti sekot nor\u0101d\u0113m un viet\u0101s, kur lapas paredz\u0113ts novietot maisos, t\u0101s neizb\u0113rt uz zemes, lai netiktu apgr\u016btin\u0101ts kaps\u0113tu darbinieku darbs.<\/p>\n","protected":false},"excerpt":{"rendered":"Nosl\u0113dzoties intens\u012bvam lapkritim, noteikt\u0101s viet\u0101s pils\u0113t\u0101 15. un 29.\u00a0novembr\u012b uz laiku pietur\u0113s specializ\u0113tais transports, un iedz\u012bvot\u0101ji, tostarp tie,&hellip;\n","protected":false},"author":2,"featured_media":42199,"comment_status":"","ping_status":"","sticky":false,"template":"","format":"standard","meta":{"footnotes":""},"categories":[5],"tags":[23,28,29,32,33,22,30,31,35,39,38,36,37,34,40,20,26,27,24,25,21],"class_list":{"0":"post-42198","1":"post","2":"type-post","3":"status-publish","4":"format-standard","5":"has-post-thumbnail","7":"category-aktualitates","8":"tag-aktualitates","9":"tag-breaking-news","10":"tag-breakingnews","11":"tag-featured-news","12":"tag-featurednews","13":"tag-headlines","14":"tag-latest-news","15":"tag-latestnews","16":"tag-latvia","17":"tag-latvian","18":"tag-latviesu","19":"tag-latviesu-valoda","20":"tag-latviesuvaloda","21":"tag-latvija","22":"tag-lv","23":"tag-news","24":"tag-popularakas-zinas","25":"tag-popularakaszinas","26":"tag-top-stories","27":"tag-topstories","28":"tag-zinas"},"share_on_mastodon":{"url":"https:\/\/pubeurope.com\/@lv\/115506987986076162","error":""},"_links":{"self":[{"href":"https:\/\/www.europesays.com\/lv\/wp-json\/wp\/v2\/posts\/42198","targetHints":{"allow":["GET"]}}],"collection":[{"href":"https:\/\/www.europesays.com\/lv\/wp-json\/wp\/v2\/posts"}],"about":[{"href":"https:\/\/www.europesays.com\/lv\/wp-json\/wp\/v2\/types\/post"}],"author":[{"embeddable":true,"href":"https:\/\/www.europesays.com\/lv\/wp-json\/wp\/v2\/users\/2"}],"replies":[{"embeddable":true,"href":"https:\/\/www.europesays.com\/lv\/wp-json\/wp\/v2\/comments?post=42198"}],"version-history":[{"count":0,"href":"https:\/\/www.europesays.com\/lv\/wp-json\/wp\/v2\/posts\/42198\/revisions"}],"wp:featuredmedia":[{"embeddable":true,"href":"https:\/\/www.europesays.com\/lv\/wp-json\/wp\/v2\/media\/42199"}],"wp:attachment":[{"href":"https:\/\/www.europesays.com\/lv\/wp-json\/wp\/v2\/media?parent=42198"}],"wp:term":[{"taxonomy":"category","embeddable":true,"href":"https:\/\/www.europesays.com\/lv\/wp-json\/wp\/v2\/categories?post=42198"},{"taxonomy":"post_tag","embeddable":true,"href":"https:\/\/www.europesays.com\/lv\/wp-json\/wp\/v2\/tags?post=42198"}],"curies":[{"name":"wp","href":"https:\/\/api.w.org\/{rel}","templated":true}]}}