{"id":42208,"date":"2025-11-07T06:34:07","date_gmt":"2025-11-07T06:34:07","guid":{"rendered":"https:\/\/www.europesays.com\/lv\/42208\/"},"modified":"2025-11-07T06:34:07","modified_gmt":"2025-11-07T06:34:07","slug":"asv-augstaka-tiesa-atbalsta-trampa-politiku-dzimuma-noteiksanai-pases","status":"publish","type":"post","link":"https:\/\/www.europesays.com\/lv\/42208\/","title":{"rendered":"ASV Augst\u0101k\u0101 tiesa atbalsta Trampa politiku dzimuma noteik\u0161anai pas\u0113s"},"content":{"rendered":"<p>Augst\u0101k\u0101 tiesa, no kuras devi\u0146iem tiesne\u0161iem se\u0161i ir konservat\u012bvi, ar \u0161o l\u0113mumu devusi jaunu triecienu transdzimtes un nebin\u0101ro amerik\u0101\u0146u ties\u012bb\u0101m. Tr\u012bs liber\u0101lie tiesne\u0161i \u0161aj\u0101 ties\u0101 nepiekrita t\u0101s l\u0113mumam.<\/p>\n<p>Tramps p\u0113c st\u0101\u0161an\u0101s prezidenta amat\u0101 janv\u0101r\u012b izdeva izpildr\u012bkojumu, kur\u0101 pazi\u0146ots, ka turpm\u0101k tiks atz\u012bti tikai divi dzimumi &#8211; v\u012brie\u0161u un sievie\u0161u, izbeidzot tre\u0161\u0101 dzimuma atz\u012b\u0161anu, kas <a href=\"https:\/\/www.tvnet.lv\/term\/555410\/asv\" class=\"topicLink\" target=\"_blank\" rel=\"nofollow noopener\">ASV<\/a> pas\u0113s tika atz\u012bm\u0113ts ar burtu &#8220;X&#8221;.<\/p>\n<p>Atbilsto\u0161i \u0161im r\u012bkojumam pas\u0113s, kuras izsniedz Valsts departaments, tagad ir j\u0101nor\u0101da pases sa\u0146\u0113m\u0113ju dzimums dzim\u0161anas br\u012bd\u012b &#8211; v\u012brie\u0161u (M) vai sievie\u0161u (F).<\/p>\n<p>Amerikas Pilsonisko br\u012bv\u012bbu savien\u012bba (ACLU) apstr\u012bd\u0113ja \u0161o r\u012bkojumu, un apgabala tiesas tiesnesis lika Valsts departamentam ats\u0101kt &#8220;X&#8221; pasu izsnieg\u0161anu transperson\u0101m un nebin\u0101riem cilv\u0113kiem, kurus sk\u0101rusi \u0161\u012b politikas mai\u0146a.<\/p>\n<p>Apel\u0101ciju tiesa noraid\u012bja Trampa administr\u0101cijas m\u0113\u0123in\u0101jumu atcelt apgabala tiesas tiesne\u0161a r\u012bkojumu, un Tieslietu ministrija l\u016bdza Augst\u0101ko tiesu pie\u0146emt l\u0113mumu par Trampa r\u012bkojuma atst\u0101\u0161anu sp\u0113k\u0101.<\/p>\n<p>Augst\u0101k\u0101 tiesa \u012bs\u0101 neparakst\u012bt\u0101 r\u012bkojum\u0101 pazi\u0146oja, ka Trampa administr\u0101cijas pasu politika var palikt sp\u0113k\u0101, kam\u0113r lieta tiek virz\u012bta zem\u0101kas instances ties\u0101s.<\/p>\n<p>&#8220;Pases \u012bpa\u0161nieku dzimuma nor\u0101d\u012b\u0161ana dzim\u0161anas br\u012bd\u012b nav liel\u0101ks vienl\u012bdz\u012bgas aizsardz\u012bbas principu p\u0101rk\u0101pums par dzim\u0161anas valsts nor\u0101d\u012b\u0161anu &#8211; abos gad\u012bjumos vald\u012bba tikai piemin v\u0113sturisku faktu, nepak\u013caujot nevienu at\u0161\u0137ir\u012bgai attieksmei,&#8221; pazi\u0146oja Augst\u0101k\u0101 tiesa.<\/p>\n<p>Valsts departaments s\u0101ka izsniegt &#8220;X&#8221; pases 2021. gada oktobr\u012b D\u017eo Baidena prezident\u016bras laik\u0101, rezerv\u0113jot &#8220;X&#8221; dzimumu nebin\u0101r\u0101m un starpdzimumu person\u0101m, k\u0101 ar\u012b person\u0101m, kas nepiem\u0113rojas dzimumam.<\/p>\n","protected":false},"excerpt":{"rendered":"Augst\u0101k\u0101 tiesa, no kuras devi\u0146iem tiesne\u0161iem se\u0161i ir konservat\u012bvi, ar \u0161o l\u0113mumu devusi jaunu triecienu transdzimtes un nebin\u0101ro&hellip;\n","protected":false},"author":2,"featured_media":42209,"comment_status":"","ping_status":"","sticky":false,"template":"","format":"standard","meta":{"footnotes":""},"categories":[14],"tags":[23,57,292,28,29,542,32,33,22,30,31,35,39,38,36,37,34,2119,40,20,26,27,24,25,11975,54,55,56,21,58],"class_list":{"0":"post-42208","1":"post","2":"type-post","3":"status-publish","4":"format-standard","5":"has-post-thumbnail","7":"category-zinas-no-arvalstim","8":"tag-aktualitates","9":"tag-arvalstim","10":"tag-asv","11":"tag-breaking-news","12":"tag-breakingnews","13":"tag-donalds-tramps","14":"tag-featured-news","15":"tag-featurednews","16":"tag-headlines","17":"tag-latest-news","18":"tag-latestnews","19":"tag-latvia","20":"tag-latvian","21":"tag-latviesu","22":"tag-latviesu-valoda","23":"tag-latviesuvaloda","24":"tag-latvija","25":"tag-lgbt","26":"tag-lv","27":"tag-news","28":"tag-popularakas-zinas","29":"tag-popularakaszinas","30":"tag-top-stories","31":"tag-topstories","32":"tag-transpersona","33":"tag-world","34":"tag-world-news","35":"tag-worldnews","36":"tag-zinas","37":"tag-zinas-no-arvalstim"},"share_on_mastodon":{"url":"https:\/\/pubeurope.com\/@lv\/115507027210540289","error":""},"_links":{"self":[{"href":"https:\/\/www.europesays.com\/lv\/wp-json\/wp\/v2\/posts\/42208","targetHints":{"allow":["GET"]}}],"collection":[{"href":"https:\/\/www.europesays.com\/lv\/wp-json\/wp\/v2\/posts"}],"about":[{"href":"https:\/\/www.europesays.com\/lv\/wp-json\/wp\/v2\/types\/post"}],"author":[{"embeddable":true,"href":"https:\/\/www.europesays.com\/lv\/wp-json\/wp\/v2\/users\/2"}],"replies":[{"embeddable":true,"href":"https:\/\/www.europesays.com\/lv\/wp-json\/wp\/v2\/comments?post=42208"}],"version-history":[{"count":0,"href":"https:\/\/www.europesays.com\/lv\/wp-json\/wp\/v2\/posts\/42208\/revisions"}],"wp:featuredmedia":[{"embeddable":true,"href":"https:\/\/www.europesays.com\/lv\/wp-json\/wp\/v2\/media\/42209"}],"wp:attachment":[{"href":"https:\/\/www.europesays.com\/lv\/wp-json\/wp\/v2\/media?parent=42208"}],"wp:term":[{"taxonomy":"category","embeddable":true,"href":"https:\/\/www.europesays.com\/lv\/wp-json\/wp\/v2\/categories?post=42208"},{"taxonomy":"post_tag","embeddable":true,"href":"https:\/\/www.europesays.com\/lv\/wp-json\/wp\/v2\/tags?post=42208"}],"curies":[{"name":"wp","href":"https:\/\/api.w.org\/{rel}","templated":true}]}}