{"id":4222,"date":"2025-09-24T23:36:08","date_gmt":"2025-09-24T23:36:08","guid":{"rendered":"https:\/\/www.europesays.com\/lv\/4222\/"},"modified":"2025-09-24T23:36:08","modified_gmt":"2025-09-24T23:36:08","slug":"andris-erglis-atklaj-jaunas-muzikalas-krasas-ar-sirsnigo-dziesmu-solijums-lente-lv","status":"publish","type":"post","link":"https:\/\/www.europesays.com\/lv\/4222\/","title":{"rendered":"Andris \u0112rglis atkl\u0101j jaunas muzik\u0101las kr\u0101sas ar sirsn\u012bgo dziesmu &#8220;Sol\u012bjums&#8221;\u00a0\u2014\u00a0Lente.lv"},"content":{"rendered":"<p>M\u016bzi\u0137is Andris \u0112rglis turpina sagatavot klaus\u012bt\u0101jus savam gaid\u0101majam studijas albumam &#8220;St\u0101sts&#8221;, kas paredz\u0113ts izdot oktobra beig\u0101s. Jaun\u0101kais atkl\u0101jums no gaid\u0101m\u0101 muzik\u0101l\u0101 darba ir sirsn\u012bg\u0101 dziesma &#8220;Sol\u012bjums&#8221;, kas pievienojas cit\u0101m jau izdotaj\u0101m kompoz\u012bcij\u0101m, iepaz\u012bstinot ar albuma emocion\u0101lo un muzik\u0101lo dzi\u013cumu. \u0160is singls ir k\u0101 maigs aicin\u0101jums apst\u0101ties un p\u0101rdom\u0101t dz\u012bves v\u0113rt\u012bbas, \u012bpa\u0161i tagadnes mirk\u013ca noz\u012bm\u012bgumu.<\/p>\n<p>Dziesmas &#8220;Sol\u012bjums&#8221; dzi\u013cais v\u0113st\u012bjums<\/p>\n<p>&#8220;Sol\u012bjums&#8221; ir liriskas popm\u016bzikas paraugs, kas aicina ikvienu apst\u0101ties uz mirkli un nov\u0113rt\u0113t dz\u012bves v\u0113rt\u012bbu, \u012bpa\u0161i pa\u0161u tagadnes mirkli. Dziesmas kodol\u0101 skan sp\u0113c\u012bgs v\u0113st\u012bjums: &#8220;Tev pieder tikai \u0161is br\u012bdis, pat nepaman\u012bsi k\u0101 main\u012bjies gads.&#8221;. \u0160ie v\u0101rdi ir k\u0101 aicin\u0101jums apzin\u0101ties, ka tie\u0161i pa\u0161reiz\u0113jais mirklis ir vien\u012bg\u0101 paties\u0101 realit\u0101te m\u016bsu nebeidzamaj\u0101 laika pl\u016bdum\u0101. \u0160is ir k\u0101 atg\u0101din\u0101jums katram pa\u0161am apst\u0101ties un nov\u0113rt\u0113t mirkli, jo tie\u0161i no mirk\u013ciem sast\u0101v visa m\u016bsu dz\u012bve.<\/p>\n<p>Dziesmas ideja dzimusi no pa\u0161a Andra \u0112rg\u013ca rad\u012btas melodijas, kuru v\u0101rdos iet\u0113rpis m\u016bzi\u0137is un tekstu autors M\u0101rti\u0146\u0161 Kanters. Kanters rad\u012bjis tekstu, kas uzrun\u0101 personiski, atspogu\u013cojot dz\u012bves steigu un aizmirstos b\u0113rn\u012bbas sol\u012bjumus \u2013 m\u012bl\u0113t, priec\u0101ties un dz\u012bvot patiesi. \u0112rglis par dziesmas tap\u0161anu st\u0101sta: &#8220;Kad rad\u012bju melodiju \u0161ai dziesmai, man\u012b k\u0101du laiku jau dz\u012bvoja domas par dz\u012bvi, t\u0101s strauju rit\u0113jumu \u2013 dz\u012bve ir glu\u017ei k\u0101 strauts, kur\u0161 nekad nebeidzas un ir kust\u012bb\u0101.&#8221;. Vi\u0146\u0161 piebilst, ka M\u0101rti\u0146\u0161 Kanters melodiju iet\u0113rpis v\u0101rdos, kas uzrun\u0101 \u013coti personiski, atg\u0101dinot par b\u0113rn\u012bbas sol\u012bjumiem, ko bie\u017ei vien piemirstam dz\u012bves steig\u0101.<\/p>\n<p>&#8220;Sol\u012bjums&#8221; ir k\u0101 muzik\u0101ls atskats uz b\u0113rn\u012bbas sap\u0146iem un pieaugu\u0161a cilv\u0113ka atzi\u0146u, ka dz\u012bves steig\u0101 un skr\u0113jien\u0101 galvenais ir un paliek m\u012blest\u012bba.<\/p>\n<p>Muzik\u0101lais baud\u012bjums un profesion\u0101l\u0101 komanda<\/p>\n<p>Lai rad\u012btu p\u0101rdom\u0101m bag\u0101tu noska\u0146u, pie dziesmas ieraksta str\u0101d\u0101jis producents J\u0101nis \u010cubars, bet ska\u0146as apstr\u0101di veidojis J\u0101nis Kalve. \u0160is singls, kas iez\u012bm\u0113 tuvo\u0161anos albuma izn\u0101k\u0161anai, kalpos k\u0101 emocion\u0101ls ievads gaid\u0101majiem prezent\u0101cijas koncertiem. Koncerti jaun\u0101 albuma &#8220;St\u0101sts&#8221; prezent\u0101cijai pl\u0101noti jau oktobra beig\u0101s, viens no tiem notiks 24. oktobr\u012b KC &#8220;Ulbrokas P\u0113rle&#8221;.<\/p>\n<p>Albuma &#8220;St\u0101sts&#8221; izn\u0101k\u0161ana paredz\u0113ta oktobra beig\u0101s. Tas sol\u0101s b\u016bt emocion\u0101ls un dzi\u013c\u0161 ce\u013cojums klaus\u012bt\u0101ja dv\u0113sel\u0113, kur\u0101 labi paz\u012bstamas melodijas m\u012bsies ar pavisam jauniem ska\u0146darbiem. Koncertprogramm\u0101 Andris \u0112rglis prezent\u0113s savu jaun\u0101ko veikumu, kas sav\u012bsies ar gadu gait\u0101 iem\u012b\u013cot\u0101m un klaus\u012bt\u0101ju sird\u012bs palieko\u0161\u0101m dziesm\u0101m.<\/p>\n<p>Muzik\u0101lo baud\u012bjumu koncerta laik\u0101 nodro\u0161in\u0101s augstas klases pavado\u0161\u0101 grupa, kuru vad\u012bs pianists Juris Kristons. \u012apa\u0161u atmosf\u0113ru pie\u0161\u0137irs ar\u012b dzied\u0101t\u0101ja Antra Stafecka, kura piedal\u012bsies k\u0101 viesm\u0101ksliniece. Vi\u0146u dueti sol\u0101s b\u016bt aizkustino\u0161i un neaizmirstami.<\/p>\n<p>Albuma &#8220;St\u0101sts&#8221; un singla &#8220;Sol\u012bjums&#8221; tap\u0161anas process<\/p>\n<p>Dziesma &#8220;Sol\u012bjums&#8221; ir k\u0101 k\u0101rt\u0113jais singls, kas atkl\u0101j Andra \u0112rg\u013ca jaun\u0101 albuma &#8220;St\u0101sts&#8221; muzik\u0101l\u0101s kr\u0101sas. \u0160is jaun\u0101kais singls ir k\u0101 v\u0113stnesis oktobra beig\u0101s gaid\u0101majam albumam, un tas kalpos k\u0101 emocion\u0101ls priek\u0161v\u0113stnesis gaid\u0101majiem albuma prezent\u0101cijas koncertiem. Dziesma &#8220;Sol\u012bjums&#8221; jau ir pieejama vis\u0101s popul\u0101r\u0101kaj\u0101s m\u016bzikas straum\u0113\u0161anas platform\u0101s un skan Latvijas radiostaciju \u0113ter\u0101.<\/p>\n<p>Albums &#8220;St\u0101sts&#8221; turpina Andra \u0112rg\u013ca sadarb\u012bbu ar tekstu autoriem, tostarp Guntaru Ra\u010du, M\u0101rti\u0146u Kanteru un D\u0101vi Rietumu. \u0160aj\u0101 album\u0101 apkopotas desmit Andra \u0112rg\u013ca kompon\u0113tas dziesmas.<\/p>\n<p>M\u0101rti\u0146\u0161 Kanters, kur\u0161 rakst\u012bjis v\u0101rdus dziesmai &#8220;Sol\u012bjums&#8221;, rad\u012bjis tekstu, kas atspogu\u013co dz\u012bves steigu un aizmirstos b\u0113rn\u012bbas sol\u012bjumus \u2013 m\u012bl\u0113t, priec\u0101ties un dz\u012bvot patiesi. \u0160is ir k\u0101 aicin\u0101jums atcer\u0113ties b\u0113rn\u012bbas sap\u0146us un pieaugu\u0161\u0101 cilv\u0113ka atzi\u0146u, ka dz\u012bves steig\u0101 un skr\u0113jien\u0101 galvenais ir un paliek m\u012blest\u012bba.<\/p>\n<p>Andris \u0112rglis ir paz\u012bstams Latvijas m\u016bzi\u0137is, kura dai\u013crad\u0113 j\u016btama gan sirsn\u012bba, gan dzi\u013cas p\u0101rdomas. Vi\u0146a jaunais albums &#8220;St\u0101sts&#8221; un singls &#8220;Sol\u012bjums&#8221; ir apliecin\u0101jums m\u0101kslinieka sp\u0113jai rad\u012bt m\u016bziku, kas uzrun\u0101 klaus\u012bt\u0101ju sirdis un rosina uz dzi\u013c\u0101k\u0101m atzi\u0146\u0101m par dz\u012bvi. \u0160\u012b dziesma ir k\u0101 gaid\u012bts muzik\u0101ls notikums, kas sniedz mierin\u0101jumu un iedvesmu.<\/p>\n","protected":false},"excerpt":{"rendered":"M\u016bzi\u0137is Andris \u0112rglis turpina sagatavot klaus\u012bt\u0101jus savam gaid\u0101majam studijas albumam &#8220;St\u0101sts&#8221;, kas paredz\u0113ts izdot oktobra beig\u0101s. Jaun\u0101kais atkl\u0101jums&hellip;\n","protected":false},"author":2,"featured_media":4223,"comment_status":"","ping_status":"","sticky":false,"template":"","format":"standard","meta":{"footnotes":""},"categories":[19],"tags":[1013,89,90,2043,35,39,38,36,37,34,355,40,2041,2042],"class_list":{"0":"post-4222","1":"post","2":"type-post","3":"status-publish","4":"format-standard","5":"has-post-thumbnail","7":"category-izklaide","8":"tag-andris-erglis","9":"tag-entertainment","10":"tag-izklaide","11":"tag-jauna-dziesma","12":"tag-latvia","13":"tag-latvian","14":"tag-latviesu","15":"tag-latviesu-valoda","16":"tag-latviesuvaloda","17":"tag-latvija","18":"tag-latvijas-muzika","19":"tag-lv","20":"tag-solijums","21":"tag-stasts"},"share_on_mastodon":{"url":"","error":""},"_links":{"self":[{"href":"https:\/\/www.europesays.com\/lv\/wp-json\/wp\/v2\/posts\/4222","targetHints":{"allow":["GET"]}}],"collection":[{"href":"https:\/\/www.europesays.com\/lv\/wp-json\/wp\/v2\/posts"}],"about":[{"href":"https:\/\/www.europesays.com\/lv\/wp-json\/wp\/v2\/types\/post"}],"author":[{"embeddable":true,"href":"https:\/\/www.europesays.com\/lv\/wp-json\/wp\/v2\/users\/2"}],"replies":[{"embeddable":true,"href":"https:\/\/www.europesays.com\/lv\/wp-json\/wp\/v2\/comments?post=4222"}],"version-history":[{"count":0,"href":"https:\/\/www.europesays.com\/lv\/wp-json\/wp\/v2\/posts\/4222\/revisions"}],"wp:featuredmedia":[{"embeddable":true,"href":"https:\/\/www.europesays.com\/lv\/wp-json\/wp\/v2\/media\/4223"}],"wp:attachment":[{"href":"https:\/\/www.europesays.com\/lv\/wp-json\/wp\/v2\/media?parent=4222"}],"wp:term":[{"taxonomy":"category","embeddable":true,"href":"https:\/\/www.europesays.com\/lv\/wp-json\/wp\/v2\/categories?post=4222"},{"taxonomy":"post_tag","embeddable":true,"href":"https:\/\/www.europesays.com\/lv\/wp-json\/wp\/v2\/tags?post=4222"}],"curies":[{"name":"wp","href":"https:\/\/api.w.org\/{rel}","templated":true}]}}