{"id":42246,"date":"2025-11-07T07:24:07","date_gmt":"2025-11-07T07:24:07","guid":{"rendered":"https:\/\/www.europesays.com\/lv\/42246\/"},"modified":"2025-11-07T07:24:07","modified_gmt":"2025-11-07T07:24:07","slug":"debra-mesinga-izsauc-sasutumu-devejot-nujorkas-meru-par-dzihadistu-lente-lv","status":"publish","type":"post","link":"https:\/\/www.europesays.com\/lv\/42246\/","title":{"rendered":"Debra Mesinga izsauc sa\u0161utumu, d\u0113v\u0113jot \u0145ujorkas m\u0113ru par &#8220;d\u017eih\u0101distu&#8221;\u00a0\u2014\u00a0Lente.lv"},"content":{"rendered":"<p>Debra Mesingas pretrun\u012bg\u0101 reakcija uz Zohranu Mamdani<\/p>\n<p>Amerik\u0101\u0146u aktrise Debra Mesinga, kura pla\u0161\u0101k paz\u012bstama ar savu lomu seri\u0101l\u0101 &#8220;Will &amp; Grace&#8221;, sask\u0101rusies ar pla\u0161u nosod\u012bjumu p\u0113c tam, kad soci\u0101lajos t\u012bklos paudusi aizvainojo\u0161us koment\u0101rus par \u0145ujorkas pils\u0113tas jauniev\u0113l\u0113to m\u0113ru Zohranu Mamdani. Mamdani, 34 gadus vecs demokr\u0101tisko soci\u0101listu kandid\u0101ts, uzvar\u0113ja v\u0113l\u0113\u0161an\u0101s ar 50,4% balsu. Vi\u0146a iev\u0113l\u0113\u0161ana ir v\u0113sturiska, jo Mamdani ir musulmanis, dzimis Ugand\u0101 un ASV p\u0101rc\u0113lies b\u0113rn\u012bb\u0101. P\u0113c koled\u017eas beig\u0161anas vi\u0146\u0161 k\u013cuvis par ASV pilsoni un k\u013c\u016bs par jaun\u0101ko liel\u0101k\u0101s ASV pils\u0113tas m\u0113ru vair\u0101k nek\u0101 gadsimta laik\u0101.<\/p>\n<p>Aizvainojo\u0161u koment\u0101ru virkne<\/p>\n<p>Mesingai \u0161ie fakti ac\u012bmredzami nav iespaidoju\u0161i. Vi\u0146a sav\u0101 &#8220;Instagram&#8221; st\u0101st\u0101 public\u0113jusi vair\u0101kus m\u012btus un video, kas v\u0113rsti pret Mamdani. Starp tiem bija ar\u012b ieraksti, kuros Mamdani d\u0113v\u0113ts par &#8220;Osamu bin Mamdani&#8221; un \u0145ujorkas iedz\u012bvot\u0101ji aicin\u0101ti &#8220;balsot &#8220;n\u0113&#8221; pret terorismu&#8221;. Aktrise, kura ir ebrejete un stingra Izra\u0113las atbalst\u012bt\u0101ja, p\u0101rpublic\u0113jusi saturu, kas kritiz\u0113 Mamdani atbalstu Palest\u012bnai, pat publiski identific\u0113jot vi\u0146a kampa\u0146as br\u012bvpr\u0101t\u012bgos. Lai gan Mesinga iepriek\u0161 kritiz\u0113jusi Donaldam Trampam, d\u0113v\u0113jot vi\u0146u par &#8220;galveno meli&#8221;, \u0161oreiz vi\u0146a p\u0101rpublic\u0113ja Trampa ierakstu no &#8220;Truth Social&#8221;, kur\u0101 Mamdani nosaukts par &#8220;ebeju n\u012bd\u0113ju&#8221; (JEW HATER).<\/p>\n<p>Mamdani nost\u0101ja un Mesingas reakcija<\/p>\n<p>\u0160\u0101di aps\u016bdz\u0113jumi ir \u012bpa\u0161i satrauco\u0161i, \u0146emot v\u0113r\u0101 Mamdani ie\u0146emto nost\u0101ju. Vi\u0146\u0161 ir pazi\u0146ojis, ka neieciet\u012bs antisem\u012btismu. J\u016bnij\u0101 intervij\u0101 vi\u0146\u0161 teicis: &#8220;Es atbalstu Izra\u0113las ties\u012bbas past\u0101v\u0113t k\u0101 valstij ar vienl\u012bdz\u012bg\u0101m ties\u012bb\u0101m. Man nav \u0113rti atbalst\u012bt nevienu valsti, kur\u0101 ir pilson\u012bbas hierarhija, pamatojoties uz reli\u0123iju vai kaut ko citu.&#8221; Neskatoties uz to, Mesinga ar\u012b p\u0101rpublic\u0113jusi m\u012bmu, kur\u0101 Mamdani tiek att\u0113lots k\u0101 &#8220;\u012bsts komunists, d\u017eih\u0101dists&#8230; burtiski K\u0101r\u013ca Marksa cit\u0113jo\u0161s, Ameriku n\u012bsto\u0161s d\u017eih\u0101dists&#8221;. \u0160is ieraksts v\u0113l\u0101k tika dz\u0113sts.<\/p>\n<p>Sabiedr\u012bbas nosod\u012bjums un &#8220;soci\u0101l\u0101 medija kra\u0161s&#8221;<\/p>\n<p>Aktrises r\u012bc\u012bba izrais\u012bjusi pla\u0161u nosod\u012bjumu soci\u0101lajos t\u012bklos. Kriti\u0137i nor\u0101d\u012bju\u0161i uz &#8220;dzi\u013ci islamofobisku&#8221; raksturu daudziem no Mesingas ierakstiem, d\u0113v\u0113jot to par &#8220;soci\u0101l\u0101 medija kra\u0161u&#8221; jeb nekontrol\u0113jamu un haotisku r\u012bc\u012bbu. K\u0101ds &#8220;X&#8221; lietot\u0101js nov\u0113rojis, ka Mesinga &#8220;p\u0113d\u0113jo 24 stundu laik\u0101 &#8220;Instagram&#8221; ievietojusi 91 ierakstu. Tas nav p\u0101rsp\u012bl\u0113ts. Man \u0161\u0137iet, ka Zohr\u0101ns vi\u0146ai patie\u0161\u0101m ir salauzis smadzenes.&#8221; Sabiedr\u012bbas neapmierin\u0101t\u012bba pret Mesingas izteikumiem pieauga ar katru jaunu public\u0113to saturu, radot iespaidu par aktrises paniku vai dusmu uzliesmojumu.<\/p>\n<p>V\u0113sturisk\u0101s v\u0113l\u0113\u0161anas un turpm\u0101kais<\/p>\n<p>Zohr\u0101ns Mamdani st\u0101sies amat\u0101 k\u0101 \u0145ujorkas m\u0113rs 2026. gada 1. janv\u0101r\u012b. \u0160\u012bs v\u0113l\u0113\u0161anas ir noz\u012bm\u012bgas ne tikai vi\u0146a person\u012bg\u0101s karjeras d\u0113\u013c, bet ar\u012b k\u0101 v\u0113st\u012bjums par daudzveid\u012bbu un iek\u013caut\u012bbu Amerikas Savienotaj\u0101s Valst\u012bs. Tom\u0113r Mesingas publiskie izteikumi met \u0113nu uz \u0161o v\u0113sturisko br\u012bdi, izraisot diskusijas par politisko retoriku, aizspriedumiem un atbild\u012bbu soci\u0101lo mediju laikmet\u0101. \u0160\u012b situ\u0101cija liecina par to, cik sp\u0113c\u012bgi at\u0161\u0137ir\u012bgie politiskie uzskati, \u012bpa\u0161i saist\u012bb\u0101 ar Izra\u0113las un Palest\u012bnas konfliktu, var ietekm\u0113t sabiedrisko domu un publiskas personas reput\u0101ciju.<\/p>\n","protected":false},"excerpt":{"rendered":"Debra Mesingas pretrun\u012bg\u0101 reakcija uz Zohranu Mamdani Amerik\u0101\u0146u aktrise Debra Mesinga, kura pla\u0161\u0101k paz\u012bstama ar savu lomu seri\u0101l\u0101&hellip;\n","protected":false},"author":2,"featured_media":42247,"comment_status":"","ping_status":"","sticky":false,"template":"","format":"standard","meta":{"footnotes":""},"categories":[5],"tags":[23,28,29,11978,32,33,22,30,31,35,39,38,36,37,34,40,20,11980,11981,26,27,11426,24,25,21,11979],"class_list":{"0":"post-42246","1":"post","2":"type-post","3":"status-publish","4":"format-standard","5":"has-post-thumbnail","7":"category-aktualitates","8":"tag-aktualitates","9":"tag-breaking-news","10":"tag-breakingnews","11":"tag-debra-mesinga","12":"tag-featured-news","13":"tag-featurednews","14":"tag-headlines","15":"tag-latest-news","16":"tag-latestnews","17":"tag-latvia","18":"tag-latvian","19":"tag-latviesu","20":"tag-latviesu-valoda","21":"tag-latviesuvaloda","22":"tag-latvija","23":"tag-lv","24":"tag-news","25":"tag-nujorkas-mers","26":"tag-politiska-retorika","27":"tag-popularakas-zinas","28":"tag-popularakaszinas","29":"tag-socialie-tikli","30":"tag-top-stories","31":"tag-topstories","32":"tag-zinas","33":"tag-zohrans-mamdani"},"share_on_mastodon":{"url":"https:\/\/pubeurope.com\/@lv\/115507223797922273","error":""},"_links":{"self":[{"href":"https:\/\/www.europesays.com\/lv\/wp-json\/wp\/v2\/posts\/42246","targetHints":{"allow":["GET"]}}],"collection":[{"href":"https:\/\/www.europesays.com\/lv\/wp-json\/wp\/v2\/posts"}],"about":[{"href":"https:\/\/www.europesays.com\/lv\/wp-json\/wp\/v2\/types\/post"}],"author":[{"embeddable":true,"href":"https:\/\/www.europesays.com\/lv\/wp-json\/wp\/v2\/users\/2"}],"replies":[{"embeddable":true,"href":"https:\/\/www.europesays.com\/lv\/wp-json\/wp\/v2\/comments?post=42246"}],"version-history":[{"count":0,"href":"https:\/\/www.europesays.com\/lv\/wp-json\/wp\/v2\/posts\/42246\/revisions"}],"wp:featuredmedia":[{"embeddable":true,"href":"https:\/\/www.europesays.com\/lv\/wp-json\/wp\/v2\/media\/42247"}],"wp:attachment":[{"href":"https:\/\/www.europesays.com\/lv\/wp-json\/wp\/v2\/media?parent=42246"}],"wp:term":[{"taxonomy":"category","embeddable":true,"href":"https:\/\/www.europesays.com\/lv\/wp-json\/wp\/v2\/categories?post=42246"},{"taxonomy":"post_tag","embeddable":true,"href":"https:\/\/www.europesays.com\/lv\/wp-json\/wp\/v2\/tags?post=42246"}],"curies":[{"name":"wp","href":"https:\/\/api.w.org\/{rel}","templated":true}]}}