{"id":42252,"date":"2025-11-07T07:28:09","date_gmt":"2025-11-07T07:28:09","guid":{"rendered":"https:\/\/www.europesays.com\/lv\/42252\/"},"modified":"2025-11-07T07:28:09","modified_gmt":"2025-11-07T07:28:09","slug":"nensija-pelosi-politisko-karjeru-plano-noslegt-87-gadu-vecuma","status":"publish","type":"post","link":"https:\/\/www.europesays.com\/lv\/42252\/","title":{"rendered":"Nensija Pelosi politisko karjeru pl\u0101no nosl\u0113gt 87 gadu vecum\u0101"},"content":{"rendered":"<p>85 gadus vec\u0101 Pelosi, kas savas ilggad\u0113j\u0101s karjeras laik\u0101 k\u013cuvusi par vienu no ietekm\u012bg\u0101kaj\u0101m Savienoto Valstu politi\u0137\u0113m, video v\u0113st\u012bjum\u0101 sac\u012bja, ka p\u0113c P\u0101rst\u0101vju pal\u0101tas deput\u0101tes pilnvaru termi\u0146a beig\u0101m 2027. gad\u0101 beigs darbu Kongres\u0101.<\/p>\n<p>Vi\u0146a pirmo reizi tika iev\u0113l\u0113ta P\u0101rst\u0101vju pal\u0101t\u0101 k\u0101 Sanfrancisko p\u0101rst\u0101ve 1987. gad\u0101 47 gadu vecum\u0101, un \u0101tri k\u0101pa pa karjeras k\u0101pn\u0113m.<\/p>\n<p>2007. gad\u0101 Pelosi tika iev\u0113l\u0113ta par P\u0101rst\u0101vju pal\u0101tas sp\u012bkeri, k\u013c\u016bstot par pirmo sievieti \u0161aj\u0101 amat\u0101. Vi\u0146a \u0161o posteni ie\u0146\u0113ma l\u012bdz 2011. gadam, kad demokr\u0101ti zaud\u0113ja kontroli p\u0101r Kongresa apak\u0161pal\u0101tu. Pelosi atkal bija P\u0101rst\u0101vju pal\u0101tas sp\u012bkere no 2019. l\u012bdz 2023. gadam.<\/p>\n<blockquote class=\"quote ck-widget\" contenteditable=\"false\">\n<p>P\u0101rst\u0101vju pal\u0101tas sp\u012bkers ir tre\u0161ais augst\u0101kais amats valst\u012b p\u0113c prezidenta un viceprezidenta.<\/p>\n<\/blockquote>\n<p>Pelosi ir paz\u012bstama k\u0101 prezidenta republik\u0101\u0146a Donalda Trampa kriti\u0137e. 2020. gad\u0101, kad Tramps Kongres\u0101 teica ikgad\u0113jo runu par st\u0101vokli valst\u012b, Pelosi vi\u0146am aiz muguras sapl\u0113sa runas teksta eksempl\u0101ru.<\/p>\n<p>Ar\u012b p\u0113c sp\u012bkeres amata atst\u0101\u0161anas Pelosi ir saglab\u0101jusi lielu politisko ietekmi.<\/p>\n","protected":false},"excerpt":{"rendered":"85 gadus vec\u0101 Pelosi, kas savas ilggad\u0113j\u0101s karjeras laik\u0101 k\u013cuvusi par vienu no ietekm\u012bg\u0101kaj\u0101m Savienoto Valstu politi\u0137\u0113m, video&hellip;\n","protected":false},"author":2,"featured_media":42253,"comment_status":"","ping_status":"","sticky":false,"template":"","format":"standard","meta":{"footnotes":""},"categories":[14],"tags":[23,57,292,28,29,542,32,33,22,30,31,35,39,38,36,37,34,40,11982,20,26,27,24,25,54,55,56,21,58],"class_list":{"0":"post-42252","1":"post","2":"type-post","3":"status-publish","4":"format-standard","5":"has-post-thumbnail","7":"category-zinas-no-arvalstim","8":"tag-aktualitates","9":"tag-arvalstim","10":"tag-asv","11":"tag-breaking-news","12":"tag-breakingnews","13":"tag-donalds-tramps","14":"tag-featured-news","15":"tag-featurednews","16":"tag-headlines","17":"tag-latest-news","18":"tag-latestnews","19":"tag-latvia","20":"tag-latvian","21":"tag-latviesu","22":"tag-latviesu-valoda","23":"tag-latviesuvaloda","24":"tag-latvija","25":"tag-lv","26":"tag-nensija-pelosi","27":"tag-news","28":"tag-popularakas-zinas","29":"tag-popularakaszinas","30":"tag-top-stories","31":"tag-topstories","32":"tag-world","33":"tag-world-news","34":"tag-worldnews","35":"tag-zinas","36":"tag-zinas-no-arvalstim"},"share_on_mastodon":{"url":"https:\/\/pubeurope.com\/@lv\/115507239440080062","error":""},"_links":{"self":[{"href":"https:\/\/www.europesays.com\/lv\/wp-json\/wp\/v2\/posts\/42252","targetHints":{"allow":["GET"]}}],"collection":[{"href":"https:\/\/www.europesays.com\/lv\/wp-json\/wp\/v2\/posts"}],"about":[{"href":"https:\/\/www.europesays.com\/lv\/wp-json\/wp\/v2\/types\/post"}],"author":[{"embeddable":true,"href":"https:\/\/www.europesays.com\/lv\/wp-json\/wp\/v2\/users\/2"}],"replies":[{"embeddable":true,"href":"https:\/\/www.europesays.com\/lv\/wp-json\/wp\/v2\/comments?post=42252"}],"version-history":[{"count":0,"href":"https:\/\/www.europesays.com\/lv\/wp-json\/wp\/v2\/posts\/42252\/revisions"}],"wp:featuredmedia":[{"embeddable":true,"href":"https:\/\/www.europesays.com\/lv\/wp-json\/wp\/v2\/media\/42253"}],"wp:attachment":[{"href":"https:\/\/www.europesays.com\/lv\/wp-json\/wp\/v2\/media?parent=42252"}],"wp:term":[{"taxonomy":"category","embeddable":true,"href":"https:\/\/www.europesays.com\/lv\/wp-json\/wp\/v2\/categories?post=42252"},{"taxonomy":"post_tag","embeddable":true,"href":"https:\/\/www.europesays.com\/lv\/wp-json\/wp\/v2\/tags?post=42252"}],"curies":[{"name":"wp","href":"https:\/\/api.w.org\/{rel}","templated":true}]}}