{"id":42254,"date":"2025-11-07T07:30:10","date_gmt":"2025-11-07T07:30:10","guid":{"rendered":"https:\/\/www.europesays.com\/lv\/42254\/"},"modified":"2025-11-07T07:30:10","modified_gmt":"2025-11-07T07:30:10","slug":"slepena-vestule-nacionalas-apvienibas-biedriem","status":"publish","type":"post","link":"https:\/\/www.europesays.com\/lv\/42254\/","title":{"rendered":"slepen\u0101 v\u0113stule Nacion\u0101l\u0101s apvien\u012bbas biedriem"},"content":{"rendered":"<p>                                                                    <img decoding=\"async\" src=\"https:\/\/www.europesays.com\/lv\/wp-content\/uploads\/2025\/11\/21983.jpg\" alt=\"Foto\" id=\"mainfoto\" \/><br \/> <br \/>\n                                    Ilze Indriksone \u00b7 07.11.2025. \u00b7 <a href=\"\/\/m.pietiek.com\/lapa.php\/raksti\/kapec_mes_izlemam_but_punki_slepena_vestule_nacionalas_apvienibas_biedriem\/komentari\">Koment\u0101ri (23)<\/a><\/p>\n<p id=\"share\">Iesaki rakstu:<br \/><a href=\"https:\/\/twitter.com\/intent\/tweet?text=Iesaku: K\u0101p\u0113c m\u0113s izl\u0113m\u0101m b\u016bt pu\u0146\u0137i: slepen\u0101 v\u0113stule Nacion\u0101l\u0101s apvien\u012bbas biedriem&amp;url=http:\/\/www.pietiek.com\/raksti\/kapec_mes_izlemam_but_punki_slepena_vestule_nacionalas_apvienibas_biedriem\/\" rel=\"nofollow noopener\" target=\"_blank\"><img decoding=\"async\" src=\"https:\/\/www.europesays.com\/lv\/wp-content\/uploads\/2025\/10\/twt.png\" alt=\"Twitter\" border=\"0\" \/><\/a><br \/>\n                    <a href=\"https:\/\/www.facebook.com\/share.php?u=http:\/\/www.pietiek.com\/raksti\/kapec_mes_izlemam_but_punki_slepena_vestule_nacionalas_apvienibas_biedriem\/\" rel=\"nofollow noopener\" target=\"_blank\"><img decoding=\"async\" src=\"https:\/\/www.europesays.com\/lv\/wp-content\/uploads\/2025\/10\/fcb.png\" alt=\"Facebook\" border=\"0\" \/><\/a><\/p>\n<p>                    <a href=\"http:\/\/www.pietiek.com\/raksti\/kapec_mes_izlemam_but_punki_slepena_vestule_nacionalas_apvienibas_biedriem\/#\" onclick=\"DraugiemSay(&#039;K\u0101p\u0113c m\u0113s izl\u0113m\u0101m b\u016bt pu\u0146\u0137i: slepen\u0101 v\u0113stule Nacion\u0101l\u0101s apvien\u012bbas biedriem&#039;, &#039;http:\/\/www.pietiek.com\/raksti\/kapec_mes_izlemam_but_punki_slepena_vestule_nacionalas_apvienibas_biedriem\/&#039;, &#039;Pietiek.com&#039;);return false;\" title=\"draugiem.lv\" rel=\"nofollow noopener\" target=\"_blank\"><img decoding=\"async\" src=\"https:\/\/www.europesays.com\/lv\/wp-content\/uploads\/2025\/10\/drg.png\" alt=\"Draugiem.lv\" border=\"0\" \/><\/a>\n                    <\/p>\n<p><p>Cien\u012bjamie biedri, kol\u0113\u0123i un domubiedri! P\u0113d\u0113j\u0101s ned\u0113\u013cas mums visiem ir biju\u0161as sare\u017e\u0123\u012btas un emocion\u0101li smagas. Stambulas konvencijas jaut\u0101jums ir non\u0101cis sabiedr\u012bbas un mediju uzman\u012bbas centr\u0101, un tas, neap\u0161aub\u0101mi, ir izrais\u012bjis daudz emociju &#8211; gan m\u016bsu vid\u016b, gan sabiedr\u012bb\u0101 kopum\u0101.<\/p>\n<\/p>\n<p>Stambulas konvencijas jaut\u0101jums, kas jau vair\u0101kk\u0101rt rais\u012bjis pretrun\u012bgas diskusijas sabiedr\u012bb\u0101, p\u0113k\u0161\u0146i k\u013cuva par vienu no galvenajiem politiskajiem tematiem valst\u012b, pat izkonkur\u0113jot valsts bud\u017eetu. Tas notika strauji &#8211; daudz strauj\u0101k, nek\u0101 jebkur\u0161 no mums sp\u0113ja paredz\u0113t.<\/p>\n<p>M\u0113s nebij\u0101m tie, kas \u0161o jaut\u0101jumu aktualiz\u0113ja, tom\u0113r, kad tas non\u0101ca sabiedr\u012bbas uzman\u012bbas centr\u0101, mums bija pien\u0101kums paust skaidru un atbild\u012bgu poz\u012bciju. M\u0113s konsekventi turpin\u0101j\u0101m iest\u0101ties par to, ko esam sol\u012bju\u0161i saviem v\u0113l\u0113t\u0101jiem &#8211; neatbalst\u012bt Stambulas konvencijas ratific\u0113\u0161anu. \u0160\u012b nost\u0101ja ir bijusi skaidra jau pirms 14. Saeimas v\u0113l\u0113\u0161an\u0101m, un m\u0113s tai paliekam uztic\u012bgi.<\/p>\n<p>Diskusijas par izst\u0101\u0161anos no Stambulas konvencijas p\u0113d\u0113jo ned\u0113\u013cu laik\u0101 k\u013cuva sak\u0101pin\u0101tas un s\u0101ka p\u0101raugt pla\u0161\u0101 un b\u012bstam\u0101 sabiedr\u012bbas konflikt\u0101, kas \u0161obr\u012bd vairs nen\u0101ca par labu ne valstij, ne sabiedr\u012bbai kopum\u0101, bet \u013coti labi noder\u0113ja kreisi liber\u0101lo sp\u0113ku un krievijai draudz\u012bgu politisko sp\u0113ku priek\u0161v\u0113l\u0113\u0161anu a\u0123it\u0101cijai un konkurentu nomelno\u0161anai, kas iesp\u0113jams pat rezult\u0113tos ar \u0101rk\u0101rtas v\u0113l\u0113\u0161an\u0101m.<\/p>\n<p>Man person\u012bgi \u0161is laiks ir sare\u017e\u0123\u012bt\u0101kais vis\u0101 man\u0101 ne tik ilgaj\u0101 pieredz\u0113 partijas vad\u012bb\u0101. \u0160\u0101d\u0101s situ\u0101cij\u0101s nav labu izv\u0113\u013cu. Ar\u012b m\u016bsu frakcijas deput\u0101tiem \u0161ie l\u0113mumi nebija viegli. Ir saj\u016bta, ka \u0161oreiz n\u0101c\u0101s izv\u0113l\u0113ties starp diviem sare\u017e\u0123\u012btiem ce\u013ciem, nevis starp labo un slikto. V\u0113l smag\u0101ku \u0161o situ\u0101ciju padara fakts, ka izdarot izv\u0113li, m\u0113s varam tikai prognoz\u0113t vai cer\u0113t, ka esam izv\u0113l\u0113ju\u0161ies sliktu, nevis visslikt\u0101ko. Atbildi sniegs laiks un rezult\u0101tu ietekm\u0113s m\u016bsu turpm\u0101kie darbi.<\/p>\n<p>M\u0113s diskut\u0113j\u0101m gan valdes, gan frakcijas s\u0113d\u0113s un demokr\u0101tiski izv\u0113l\u0113j\u0101mies, m\u016bsupr\u0101t, atbild\u012bg\u0101ko soli &#8211; respekt\u0113t Valsts prezidenta aicin\u0101jumu un atlikt Stambulas konvencijas t\u0101l\u0101ku v\u0113rt\u0113\u0161anu uz n\u0101kamo Saeimu. M\u0113s \u0161o aicin\u0101jumu esam atbalst\u012bju\u0161i, jo uzskat\u0101m, ka valstij \u0161obr\u012bd nav vajadz\u012bga v\u0113l liel\u0101ka sabiedr\u012bbas sa\u0161\u0137elt\u012bba. \u0160is nav laiks, kad turpin\u0101t c\u012b\u0146u emociju karstum\u0101 &#8211; \u0161is ir laiks, kad j\u0101\u013cauj sabiedr\u012bbai atdzist un ar\u012b mums pa\u0161iem p\u0101rdom\u0101t notiku\u0161o, sagrup\u0113t sp\u0113kus, analiz\u0113t k\u013c\u016bdas, ieg\u016bt papildus inform\u0101ciju un p\u0101rdom\u0101t strat\u0113\u0123ijas, lai k\u013c\u016btu stipr\u0101ki un uzvar\u0113tu n\u0101kamaj\u0101 c\u012b\u0146\u0101. M\u0113s neatk\u0101p\u0101mies, bet piekrit\u0101m \u201cpamieram\u201d br\u012bd\u012b, kad \u0161\u012b \u201ckauja\u201d jau bija gandr\u012bz uzvar\u0113ta. Ta\u010du bija paz\u012bmes, ka uzvarot \u0161o vienu kauju, m\u0113s var\u0113tu non\u0101ktu situ\u0101cij\u0101, kas vairs nedotu mums iesp\u0113ju jebkad uzvar\u0113t \u201ckar\u0101\u201d.<\/p>\n<p>Vienlaikus j\u0101atz\u012bst, ka ar\u012b m\u016bsu biedru un atbalst\u012bt\u0101ju vid\u016b \u0161aj\u0101 jaut\u0101jum\u0101 past\u0101v da\u017e\u0101di viedok\u013ci. T\u0101 ir realit\u0101te, ko nevar ignor\u0113t, un tas ir saprotami &#8211; m\u0113s esam demokr\u0101tiska organiz\u0101cija, kur\u0101 at\u0161\u0137ir\u012bgi viedok\u013ci nav v\u0101jums, bet pier\u0101d\u012bjums, ka mums r\u016bp.<\/p>\n<p>Tie\u0161i t\u0101p\u0113c ir svar\u012bgi, lai \u0161obr\u012bd m\u016bsu organiz\u0101cijas iek\u0161ien\u0113 notiktu atkl\u0101tas un konstrukt\u012bvas diskusijas, lai m\u0113s var\u0113tu vienoties par kop\u012bgu ce\u013cu un izv\u0113l\u0113m \u0161aj\u0101 un ar\u012b citos jaut\u0101jumos. Jau tuv\u0101kaj\u0101 laik\u0101 veiksim biedru aptauju un kongres\u0101 organiz\u0113sim domn\u012bcas, lai kl\u0101tien\u0113 p\u0101rrun\u0101tu Latvijas n\u0101kotnei svar\u012bgos jaut\u0101jumus.<\/p>\n<p>Es apzinos, ka \u0161is posms ir gr\u016bts un ne visiem viegli izskaidrojams. Ta\u010du t\u0101pat k\u0101 citos sare\u017e\u0123\u012btos br\u012b\u017eos &#8211; m\u016bsu sp\u0113ks ir sp\u0113j\u0101 palikt kop\u0101, r\u012bkoties atbild\u012bgi un saglab\u0101t uztic\u012bbu sav\u0101m v\u0113rt\u012bb\u0101m. Mums j\u0101b\u016bt gudriem un paciet\u012bgiem, j\u0101\u013cauj sabiedr\u012bbai un laikam nov\u0113rt\u0113t pie\u0146emtos l\u0113mumus.<\/p>\n<p>\u0160obr\u012bd m\u016bsu uzdevums ir stiprin\u0101t savstarp\u0113jo uztic\u0113\u0161anos un kop\u0101 gatavoties n\u0101kamajiem darbiem. Latvijai ir vajadz\u012bgi nacion\u0101li sp\u0113ki, kas sp\u0113j b\u016bt gan principi\u0101li, gan cilv\u0113c\u012bgi.<\/p>\n<p>Paldies jums visiem par iztur\u012bbu, lojalit\u0101ti un atbild\u012bbu \u0161aj\u0101 laik\u0101. Saglab\u0101sim cie\u0146u viens pret otru un turpin\u0101sim dar\u012bt to, kas m\u016bs vieno &#8211; str\u0101d\u0101t Latvijas un m\u016bsu cilv\u0113ku lab\u0101.<\/p>\n<p>Ar cie\u0146u un pateic\u012bbu.<\/p>\n<p>Nov\u0113rt\u0113 \u0161o rakstu:<\/p>\n<p>11<\/p>\n<p>37<\/p>\n<p>                <script async src=\"https:\/\/platform.twitter.com\/widgets.js\" charset=\"utf-8\"><\/script><\/p>\n","protected":false},"excerpt":{"rendered":"Ilze Indriksone \u00b7 07.11.2025. \u00b7 Koment\u0101ri (23) Iesaki rakstu: Cien\u012bjamie biedri, kol\u0113\u0123i un domubiedri! P\u0113d\u0113j\u0101s ned\u0113\u013cas mums visiem&hellip;\n","protected":false},"author":2,"featured_media":42255,"comment_status":"","ping_status":"","sticky":false,"template":"","format":"standard","meta":{"footnotes":""},"categories":[5],"tags":[23,28,29,32,33,22,30,31,35,39,38,36,37,34,40,20,26,27,24,25,21],"class_list":{"0":"post-42254","1":"post","2":"type-post","3":"status-publish","4":"format-standard","5":"has-post-thumbnail","7":"category-aktualitates","8":"tag-aktualitates","9":"tag-breaking-news","10":"tag-breakingnews","11":"tag-featured-news","12":"tag-featurednews","13":"tag-headlines","14":"tag-latest-news","15":"tag-latestnews","16":"tag-latvia","17":"tag-latvian","18":"tag-latviesu","19":"tag-latviesu-valoda","20":"tag-latviesuvaloda","21":"tag-latvija","22":"tag-lv","23":"tag-news","24":"tag-popularakas-zinas","25":"tag-popularakaszinas","26":"tag-top-stories","27":"tag-topstories","28":"tag-zinas"},"share_on_mastodon":{"url":"https:\/\/pubeurope.com\/@lv\/115507247428064112","error":""},"_links":{"self":[{"href":"https:\/\/www.europesays.com\/lv\/wp-json\/wp\/v2\/posts\/42254","targetHints":{"allow":["GET"]}}],"collection":[{"href":"https:\/\/www.europesays.com\/lv\/wp-json\/wp\/v2\/posts"}],"about":[{"href":"https:\/\/www.europesays.com\/lv\/wp-json\/wp\/v2\/types\/post"}],"author":[{"embeddable":true,"href":"https:\/\/www.europesays.com\/lv\/wp-json\/wp\/v2\/users\/2"}],"replies":[{"embeddable":true,"href":"https:\/\/www.europesays.com\/lv\/wp-json\/wp\/v2\/comments?post=42254"}],"version-history":[{"count":0,"href":"https:\/\/www.europesays.com\/lv\/wp-json\/wp\/v2\/posts\/42254\/revisions"}],"wp:featuredmedia":[{"embeddable":true,"href":"https:\/\/www.europesays.com\/lv\/wp-json\/wp\/v2\/media\/42255"}],"wp:attachment":[{"href":"https:\/\/www.europesays.com\/lv\/wp-json\/wp\/v2\/media?parent=42254"}],"wp:term":[{"taxonomy":"category","embeddable":true,"href":"https:\/\/www.europesays.com\/lv\/wp-json\/wp\/v2\/categories?post=42254"},{"taxonomy":"post_tag","embeddable":true,"href":"https:\/\/www.europesays.com\/lv\/wp-json\/wp\/v2\/tags?post=42254"}],"curies":[{"name":"wp","href":"https:\/\/api.w.org\/{rel}","templated":true}]}}