{"id":42256,"date":"2025-11-07T07:32:08","date_gmt":"2025-11-07T07:32:08","guid":{"rendered":"https:\/\/www.europesays.com\/lv\/42256\/"},"modified":"2025-11-07T07:32:08","modified_gmt":"2025-11-07T07:32:08","slug":"marupes-volejbolistem-ceturta-uzvara-piejuras-volejbolisti-cela-uz-latvijas-kausa-pusfinalu","status":"publish","type":"post","link":"https:\/\/www.europesays.com\/lv\/42256\/","title":{"rendered":"M\u0101rupes volejbolist\u0113m ceturt\u0101 uzvara, &#8220;Piej\u016bras&#8221; volejbolisti ce\u013c\u0101 uz Latvijas kausa pusfin\u0101lu"},"content":{"rendered":"<p>Latvijas kausa izc\u012b\u0146as ceturtda\u013cfin\u0101la pirmaj\u0101 sp\u0113l\u0113 uzvaru izc\u012bn\u012bjusi volejbola kluba \u201cPiej\u016bra\u201d\/Murj\u0101\u0146u Sporta \u0123imn\u0101zijas komanda. Nacion\u0101l\u0101s l\u012bgas turn\u012br\u0101 ceturto pan\u0101kumu p\u0113c k\u0101rtas guva M\u0101rupes sporta centra volejbolistes.<\/p>\n<p>M\u0101rupietes ceturtdien T\u012braines sporta kompleks\u0101 uz\u0146\u0113ma J\u016brmalas volejbola kluba \/ J\u016brmalas sporta skolas komandu un p\u0101rliecino\u0161i uzvar\u0113ja trijos setos, nostiprinoties turn\u012bra tabulas vad\u012bb\u0101.<\/p>\n<p>Pirmaj\u0101 set\u0101 l\u012bdz 15:14 sp\u0113les rit\u0113ja l\u012bdz\u012bgi, ta\u010du tad m\u0101jinieces guva septi\u0146us punktus p\u0113c k\u0101rtas un uzvar\u0113ja 25:16. Otraj\u0101 un tre\u0161aj\u0101 set\u0101 M\u0101rupes volejbolistes uz\u0146\u0113m\u0101s vad\u012bbu jau no s\u0101kuma un vinn\u0113ja v\u0113l p\u0101rliecino\u0161\u0101k \u2013 3:0 (25:16, 25:11, 25:14).<\/p>\n<p>N\u0101kam\u0101 sp\u0113le M\u0101rupes sporta centra komandai paredz\u0113ta 15.novembr\u012b viesos pret s\u0101ncens\u0113m pag\u0101ju\u0161\u0101s sezonas Nacion\u0101l\u0101s l\u012bgas fin\u0101l\u0101 Daugavpils sporta skolas volejbolist\u0113m.<\/p>\n<p>VK \u201cPiej\u016bra\u201d\/MS\u0122 volejbolistu pretinieki Latvijas kausa izc\u012b\u0146as ceturtda\u013cfin\u0101l\u0101 ir volejbola klubs \u201cJelgava\/JN\u201d, un pirmaj\u0101 ma\u010d\u0101 Jelgav\u0101 uzvar\u0113t\u0101ju noskaidro\u0161anai bija nepiecie\u0161ami pieci seti.<\/p>\n<p>Pirmaj\u0101 set\u0101 \u201cPiej\u016bras\u201d volejbolisti no 8:8 pan\u0101ca 15:9 un p\u0101rliecino\u0161i uzvar\u0113ja 25:16. Ta\u010du otr\u0101 un tre\u0161\u0101 seta vid\u016b jelgavnieki veica izr\u0101vienus attiec\u012bgi 6:2 un 5:1 un vinn\u0113ja 25:23 un 25:21.<\/p>\n<p>Ceturtaj\u0101 set\u0101 jau viesi l\u012bdz\u012bg\u0101 k\u0101rt\u0101 no 7:7 aizsp\u0113l\u0113j\u0101s l\u012bdz 15:9 un pan\u0101ca izl\u012bdzin\u0101jumu 2:2. Iz\u0161\u0137iro\u0161aj\u0101 piektaj\u0101 set\u0101 \u201cJelgava\u201d bija p\u0101rliecino\u0161\u0101 vad\u012bb\u0101 5:2 un 7:3, ta\u010du dr\u012bz p\u0113c tam pretinieki ar se\u0161iem punktiem p\u0113c k\u0101rtas pan\u0101ca iz\u0161\u0137iro\u0161o p\u0101rsvaru un pabeidza c\u012b\u0146u ar uzvaru 3:2 (25:16, 23:25, 21:25, 25:19, 15:11).<\/p>\n<p>Atbilde sp\u0113le paredz\u0113ta 12.novembr\u012b S\u0113jas sporta centr\u0101.<\/p>\n","protected":false},"excerpt":{"rendered":"Latvijas kausa izc\u012b\u0146as ceturtda\u013cfin\u0101la pirmaj\u0101 sp\u0113l\u0113 uzvaru izc\u012bn\u012bjusi volejbola kluba \u201cPiej\u016bra\u201d\/Murj\u0101\u0146u Sporta \u0123imn\u0101zijas komanda. Nacion\u0101l\u0101s l\u012bgas turn\u012br\u0101 ceturto&hellip;\n","protected":false},"author":2,"featured_media":42257,"comment_status":"","ping_status":"","sticky":false,"template":"","format":"standard","meta":{"footnotes":""},"categories":[17],"tags":[35,39,38,36,37,34,40,627,7131,67],"class_list":{"0":"post-42256","1":"post","2":"type-post","3":"status-publish","4":"format-standard","5":"has-post-thumbnail","7":"category-sports","8":"tag-latvia","9":"tag-latvian","10":"tag-latviesu","11":"tag-latviesu-valoda","12":"tag-latviesuvaloda","13":"tag-latvija","14":"tag-lv","15":"tag-marupe","16":"tag-saulkrasti","17":"tag-sports"},"share_on_mastodon":{"url":"https:\/\/pubeurope.com\/@lv\/115507255336623333","error":""},"_links":{"self":[{"href":"https:\/\/www.europesays.com\/lv\/wp-json\/wp\/v2\/posts\/42256","targetHints":{"allow":["GET"]}}],"collection":[{"href":"https:\/\/www.europesays.com\/lv\/wp-json\/wp\/v2\/posts"}],"about":[{"href":"https:\/\/www.europesays.com\/lv\/wp-json\/wp\/v2\/types\/post"}],"author":[{"embeddable":true,"href":"https:\/\/www.europesays.com\/lv\/wp-json\/wp\/v2\/users\/2"}],"replies":[{"embeddable":true,"href":"https:\/\/www.europesays.com\/lv\/wp-json\/wp\/v2\/comments?post=42256"}],"version-history":[{"count":0,"href":"https:\/\/www.europesays.com\/lv\/wp-json\/wp\/v2\/posts\/42256\/revisions"}],"wp:featuredmedia":[{"embeddable":true,"href":"https:\/\/www.europesays.com\/lv\/wp-json\/wp\/v2\/media\/42257"}],"wp:attachment":[{"href":"https:\/\/www.europesays.com\/lv\/wp-json\/wp\/v2\/media?parent=42256"}],"wp:term":[{"taxonomy":"category","embeddable":true,"href":"https:\/\/www.europesays.com\/lv\/wp-json\/wp\/v2\/categories?post=42256"},{"taxonomy":"post_tag","embeddable":true,"href":"https:\/\/www.europesays.com\/lv\/wp-json\/wp\/v2\/tags?post=42256"}],"curies":[{"name":"wp","href":"https:\/\/api.w.org\/{rel}","templated":true}]}}