{"id":42260,"date":"2025-11-07T07:36:11","date_gmt":"2025-11-07T07:36:11","guid":{"rendered":"https:\/\/www.europesays.com\/lv\/42260\/"},"modified":"2025-11-07T07:36:11","modified_gmt":"2025-11-07T07:36:11","slug":"smihals-latvija-razota-patria-sniegs-nozimigu-pienesumu","status":"publish","type":"post","link":"https:\/\/www.europesays.com\/lv\/42260\/","title":{"rendered":"\u0160miha\u013cs: Latvij\u0101 ra\u017eot\u0101 &#8220;Patria&#8221; sniegs noz\u012bm\u012bgu pienesumu"},"content":{"rendered":"<p class=\"descr\">Latvij\u0101 sara\u017eotie bru\u0146utransportieri &#8220;Patria&#8221; sniegs noz\u012bm\u012bgu pienesumu Ukrainas milit\u0101r\u0101m sp\u0113j\u0101m, preses konferenc\u0113 p\u0113c 21 &#8220;Patria&#8221; nodo\u0161anas Ukrainai uzsv\u0113ra valsts aizsardz\u012bbas ministrs Deniss \u0160miha\u013cs.<\/p>\n<p><a href=\"https:\/\/nra.lv\/birka\/deniss-smihals\/\" target=\"_blank\" rel=\"noopener nofollow\">\u0160miha\u013cs<\/a> sac\u012bja, ka Latvija vienm\u0113r ir bijusi un paliek partneris, uz kuru var pa\u013cauties gan politiski, gan milit\u0101ri.<\/p>\n<p>Vi\u0146\u0161 v\u0113rt\u0113ja, ka starp Latviju un Ukrainu ir izveidojusies laba <a href=\"https:\/\/nra.lv\/politika\/504257-ukrainas-amatpersonas-asv-tikusas-ar-tomahawk-razotajiem.htm\" data-item-link=\"true\" data-item-id=\"504257\" rel=\"nofollow noopener\" target=\"_blank\">milit\u0101r\u0101 sadarb\u012bba<\/a>.<\/p>\n<p>Savuk\u0101rt Latvijas aizsardz\u012bbas ministrs Andris Spr\u016bds (P) uzsv\u0113ra, ka &#8220;<a href=\"https:\/\/nra.lv\/birka\/patria\/\" target=\"_blank\" rel=\"noopener nofollow\">Patria<\/a>&#8221; nodo\u0161ana Ukrainai ir nelok\u0101ms atbalsts t\u0101s c\u012b\u0146\u0101 par br\u012bv\u012bbu un Eiropas v\u0113rt\u012bb\u0101m.<\/p>\n<p><a href=\"https:\/\/nra.lv\/birka\/andris-spruds\/\" target=\"_blank\" rel=\"noopener nofollow\">Spr\u016bds<\/a> nor\u0101d\u012bja, ka Latvija atbalst\u012bjusi un ar\u012b turpin\u0101s atbalst\u012bt Ukrainu t\u0101s c\u012b\u0146\u0101, jo Latvija apzin\u0101s, ka Ukraina c\u012bn\u0101s gan par savas valsts past\u0101v\u0113\u0161anu, gan par kop\u012bg\u0101m Eiropas v\u0113rt\u012bb\u0101m, kuras Krievija apdraud.<\/p>\n<p>Ukrainas aizsardz\u012bbas ministrs <a href=\"https:\/\/nra.lv\/birka\/adazu-militara-baze\/\" target=\"_blank\" rel=\"noopener nofollow\">\u0100da\u017eu milit\u0101raj\u0101 b\u0101z\u0113<\/a> sa\u0146\u0113ma Latvij\u0101 ra\u017eoto &#8220;Patria&#8221; 6&#215;6 bru\u0146utransportieru d\u0101vin\u0101juma nosl\u0113dzo\u0161o partiju.<\/p>\n<p>Bru\u0146utransportieri nokomplekt\u0113ti ar 12,7 milimetru <a href=\"https:\/\/nra.lv\/birka\/nato\/\" target=\"_blank\" rel=\"noopener nofollow\">NATO<\/a> kalibra atbalsta lo\u017emet\u0113ju un mun\u012bciju.<\/p>\n<p>Ukrainas bru\u0146otajiem sp\u0113kiem tiks nos\u016bt\u012btas ar\u012b <a href=\"https:\/\/nra.lv\/pasaule\/407158-polija-liela-apjoma-iegadasies-jaunu-militaro-tehniku.htm\" data-item-link=\"true\" data-item-id=\"407158\" rel=\"nofollow noopener\" target=\"_blank\">bru\u0146utransportieru <\/a>uztur\u0113\u0161anai nepiecie\u0161am\u0101s rezerves da\u013cas, speci\u0101lie remonta instrumenti un iek\u0101rtas, k\u0101 ar\u012b konteinertipa mobil\u0101 remontdarbn\u012bca un uztur\u0113\u0161anas dokument\u0101cija.<\/p>\n<p>T\u0101pat tiks pieg\u0101d\u0101ti bru\u0146utransportieru kaujas boj\u0101jumu remonta komplekti, kas paredz\u0113ti, lai <a href=\"https:\/\/nra.lv\/birka\/ukrainas-karaviri\/\" target=\"_blank\" rel=\"noopener nofollow\">Ukrainas karav\u012bri<\/a> var\u0113tu nov\u0113rst kauj\u0101s rad\u012btos transportl\u012bdzek\u013cu boj\u0101jumus frontes tuvum\u0101, kur nav iesp\u0113jama t\u016bl\u012bt\u0113ja transportl\u012bdzek\u013ca evaku\u0101cija un remonts aizmugures darbn\u012bc\u0101s.<\/p>\n<p>Jau zi\u0146ots, ka <a href=\"https:\/\/nra.lv\/birka\/ministru-kabinets\/\" target=\"_blank\" rel=\"noopener nofollow\">Ministru kabinets<\/a> iepriek\u0161 atbalst\u012bja 42 &#8220;Patria&#8221; 6&#215;6 bru\u0146utransportieru un cita veida milit\u0101r\u0101 ekip\u0113juma nodo\u0161anu Ukrainas bru\u0146otajiem sp\u0113kiem, lai atbalst\u012btu to c\u012b\u0146u pret Krievijas agresiju.<\/p>\n<p>\u0160ogad Latvijas sniegtais milit\u0101rais <a href=\"https:\/\/nra.lv\/birka\/atbalsts-ukrainai\/\" target=\"_blank\" rel=\"noopener nofollow\">atbalsts Ukrainai<\/a> l\u012bdz gada beig\u0101m sasniegs 0,3% no iek\u0161zemes kopprodukta. Papildus milit\u0101rajam atbalstam Latvija \u012bsteno ar\u012b v\u0113rien\u012bgu Ukrainas karav\u012bru apm\u0101c\u012bbu programmu.<\/p>\n<p>\t\t\t\t\t\tinfo<\/p>\n<p>Uzzini pirmais<br \/>kas interesants noticis Latvij\u0101 un pasaul\u0113,<br \/>pievienojoties mums <a href=\"https:\/\/t.me\/neatkariga\" rel=\"nofollow\">Telegram<\/a> vai <a href=\"https:\/\/whatsapp.com\/channel\/0029VaMLFUH5K3zLU5s4wm3y\" rel=\"nofollow noopener\" target=\"_blank\">Whatsapp<\/a> kan\u0101l\u0101<\/p>\n","protected":false},"excerpt":{"rendered":"Latvij\u0101 sara\u017eotie bru\u0146utransportieri &#8220;Patria&#8221; sniegs noz\u012bm\u012bgu pienesumu Ukrainas milit\u0101r\u0101m sp\u0113j\u0101m, preses konferenc\u0113 p\u0113c 21 &#8220;Patria&#8221; nodo\u0161anas Ukrainai uzsv\u0113ra&hellip;\n","protected":false},"author":2,"featured_media":42261,"comment_status":"","ping_status":"","sticky":false,"template":"","format":"standard","meta":{"footnotes":""},"categories":[5],"tags":[23,28,29,32,33,22,30,31,35,39,38,36,37,34,40,20,26,27,24,25,21],"class_list":{"0":"post-42260","1":"post","2":"type-post","3":"status-publish","4":"format-standard","5":"has-post-thumbnail","7":"category-aktualitates","8":"tag-aktualitates","9":"tag-breaking-news","10":"tag-breakingnews","11":"tag-featured-news","12":"tag-featurednews","13":"tag-headlines","14":"tag-latest-news","15":"tag-latestnews","16":"tag-latvia","17":"tag-latvian","18":"tag-latviesu","19":"tag-latviesu-valoda","20":"tag-latviesuvaloda","21":"tag-latvija","22":"tag-lv","23":"tag-news","24":"tag-popularakas-zinas","25":"tag-popularakaszinas","26":"tag-top-stories","27":"tag-topstories","28":"tag-zinas"},"share_on_mastodon":{"url":"https:\/\/pubeurope.com\/@lv\/115507270975130752","error":""},"_links":{"self":[{"href":"https:\/\/www.europesays.com\/lv\/wp-json\/wp\/v2\/posts\/42260","targetHints":{"allow":["GET"]}}],"collection":[{"href":"https:\/\/www.europesays.com\/lv\/wp-json\/wp\/v2\/posts"}],"about":[{"href":"https:\/\/www.europesays.com\/lv\/wp-json\/wp\/v2\/types\/post"}],"author":[{"embeddable":true,"href":"https:\/\/www.europesays.com\/lv\/wp-json\/wp\/v2\/users\/2"}],"replies":[{"embeddable":true,"href":"https:\/\/www.europesays.com\/lv\/wp-json\/wp\/v2\/comments?post=42260"}],"version-history":[{"count":0,"href":"https:\/\/www.europesays.com\/lv\/wp-json\/wp\/v2\/posts\/42260\/revisions"}],"wp:featuredmedia":[{"embeddable":true,"href":"https:\/\/www.europesays.com\/lv\/wp-json\/wp\/v2\/media\/42261"}],"wp:attachment":[{"href":"https:\/\/www.europesays.com\/lv\/wp-json\/wp\/v2\/media?parent=42260"}],"wp:term":[{"taxonomy":"category","embeddable":true,"href":"https:\/\/www.europesays.com\/lv\/wp-json\/wp\/v2\/categories?post=42260"},{"taxonomy":"post_tag","embeddable":true,"href":"https:\/\/www.europesays.com\/lv\/wp-json\/wp\/v2\/tags?post=42260"}],"curies":[{"name":"wp","href":"https:\/\/api.w.org\/{rel}","templated":true}]}}