{"id":42266,"date":"2025-11-07T07:44:12","date_gmt":"2025-11-07T07:44:12","guid":{"rendered":"https:\/\/www.europesays.com\/lv\/42266\/"},"modified":"2025-11-07T07:44:12","modified_gmt":"2025-11-07T07:44:12","slug":"girgensonam-lielakais-speles-laiks-nhl-pedejo-cetru-gadu-laika-delfi","status":"publish","type":"post","link":"https:\/\/www.europesays.com\/lv\/42266\/","title":{"rendered":"Girgensonam liel\u0101kais sp\u0113les laiks NHL p\u0113d\u0113jo \u010detru gadu laik\u0101 &#8211; Delfi"},"content":{"rendered":"<ol>\n<li><a href=\"https:\/\/news.google.com\/rss\/articles\/CBMitwFBVV95cUxQNE44NFZnd1ZRY0dyQ2wtQlQ4NUlkemQzMDg2SXh4V0xPWE1HZExXZm9aeFk3NGpsVmFJUXB3eEE3UGFTNDFYV09DaGxWdFpNZUdCQ2RscnVRcWV0TWJ5bUxXR2dieEE1WGJiV3dYV09lcTA2b0ItUWpPVGg0S0JoVlYwd21SMUN2UDRyU1VRYWx4NkVwZnNwekZZM0xtV0loX3VXZ3NDUkZiV19JZDVac0lNWlk4N00?oc=5\" target=\"_blank\" rel=\"nofollow noopener\">Girgensonam liel\u0101kais sp\u0113les laiks NHL p\u0113d\u0113jo \u010detru gadu laik\u0101<\/a>&nbsp;&nbsp;Delfi<\/li>\n<li><a href=\"https:\/\/news.google.com\/rss\/articles\/CBMitAFBVV95cUxPWG5IdDV4eXNwaVFtcVdrWHhMamNwOEdfMlZVaFdQeGRvUkJRZU8yU3VsVkdFZjBxdk84anBKTXpiUzU2S3lHaTZJZk1yRzRxanhkOVFMVHdSR1pfUmVzRHZpXzFtN2tfajZnOHpqeEFGM1FlR3BMbHE3NjEtT1lVMHdnRlNiem9fY1pyallRa0Jhc1JpbkY5TmN6MEt3eFAxWWpKWXcxdHRhZ0lSYjFWUmJ3d0g?oc=5\" target=\"_blank\" rel=\"nofollow noopener\">Girgensonam \u010detri sp\u0113ka pa\u0146\u0113mieni uzvar\u0101; \u0100bols atgrie\u017eas laukum\u0101, Balinskis nesp\u0113l\u0113<\/a>&nbsp;&nbsp;TVNET Sports<\/li>\n<li><a href=\"https:\/\/news.google.com\/rss\/articles\/CBMiywFBVV95cUxObnJfaDlOWlVXamsxZjFoZ0VyaFljX3FJSUxrTGtNNUZubVBhVVNMXzc0NlU1c2plZzJESVdaclhNcEhvZGI4UGZ1QU5xeWgyYUkyN1dZb05FUERhaHFEVWlDOFNoMXR6R00zZWxFRlJrUGV0REdIVjZUeVVNakxxYmlTd1RXT2VHX1g0OUgtOGRzeXoxN0pTTlpYOUdpLUJCV1lfMVZ0NjNVTDBDN1JGcVk4MG45dkFnX3JyR2l6X0ZPZWJUQTc5UzRYcw?oc=5\" target=\"_blank\" rel=\"nofollow noopener\">Girgensons skaidro savus galvenos uzdevumus &#8220;Lightning&#8221;, kas ar vi\u0146u sast\u0101v\u0101 sp\u0113l\u0113 krietni lab\u0101k<\/a>&nbsp;&nbsp;Jauns.lv<\/li>\n<li><a href=\"https:\/\/news.google.com\/rss\/articles\/CBMipwFBVV95cUxQd1FudWxJcnZkaFJaSjFFamZzVEIteFFfMTdaYXdXRjY1YWVsZEgzVHY4V2dad2draThscUhwaV8xNU40YnJDOG0tdm9ad0d3RzZiUXVUMHV0Snh6M1NDNnVqZXJoZWdnc3duS3BTRnFrcDM5YVQ1Wlg5T2ZwRy1oQnlvWTZodGVWRXNweE5uRWlJN0JvQlBCaUk5UlU3MXF2YUFPTlIxMA?oc=5\" target=\"_blank\" rel=\"nofollow noopener\">Girgensons par punktiem: &#8220;Kad sp\u0113l\u0113 vienk\u0101r\u0161i un pareizi, notiek labas lietas&#8221; \u2013 Hokejs<\/a>&nbsp;&nbsp;Sportacentrs.com<\/li>\n<li><a href=\"https:\/\/news.google.com\/rss\/articles\/CBMisgFBVV95cUxOUzM5eHY1Y3NlczJ1eGgxOEsxaXBJSXdHWDlTM2NYVGJCTmp3Q29rVVZmcVo5b2h1WDYtRDRQQmRsaTcyMEsyYk5UbllzTUdGai1wVVJ6aG9ZN0RtbW9zb1p2NFUtYkhjd3FaRlJYMk5OMTNZTml3aXc4Vk9TSXNPVlNvdUxKWGxJd3JLWm9DQ1NrMVdPakRhQk96RWxNYnozVXozMFJCQllCNHdBTUszazln?oc=5\" target=\"_blank\" rel=\"nofollow noopener\">Girgensons k\u013c\u016bst par sp\u0113ka pa\u0146\u0113mienu &#8220;karali&#8221;, Balinskis sezonu turpina \u201cskat\u012bt\u0101ja\u201d lom\u0101<\/a>&nbsp;&nbsp;Sportazinas.com<\/li>\n<\/ol>\n","protected":false},"excerpt":{"rendered":"Girgensonam liel\u0101kais sp\u0113les laiks NHL p\u0113d\u0113jo \u010detru gadu laik\u0101&nbsp;&nbsp;Delfi Girgensonam \u010detri sp\u0113ka pa\u0146\u0113mieni uzvar\u0101; \u0100bols atgrie\u017eas laukum\u0101, Balinskis&hellip;\n","protected":false},"author":2,"featured_media":42267,"comment_status":"","ping_status":"","sticky":false,"template":"","format":"standard","meta":{"footnotes":""},"categories":[17],"tags":[9070,5637,11983,35,39,38,36,37,34,4349,40,11984,835,11660,4348,67,3953,1906],"class_list":{"0":"post-42266","1":"post","2":"type-post","3":"status-publish","4":"format-standard","5":"has-post-thumbnail","7":"category-sports","8":"tag-breds-marsans","9":"tag-golden-knights","10":"tag-kings-losandzelosa","11":"tag-latvia","12":"tag-latvian","13":"tag-latviesu","14":"tag-latviesu-valoda","15":"tag-latviesuvaloda","16":"tag-latvija","17":"tag-lightning","18":"tag-lv","19":"tag-mics-marners","20":"tag-nhl","21":"tag-nikita-kucerovs","22":"tag-panthers","23":"tag-sports","24":"tag-uvis-balinskis","25":"tag-zemgus-girgensons"},"share_on_mastodon":{"url":"https:\/\/pubeurope.com\/@lv\/115507302488196724","error":""},"_links":{"self":[{"href":"https:\/\/www.europesays.com\/lv\/wp-json\/wp\/v2\/posts\/42266","targetHints":{"allow":["GET"]}}],"collection":[{"href":"https:\/\/www.europesays.com\/lv\/wp-json\/wp\/v2\/posts"}],"about":[{"href":"https:\/\/www.europesays.com\/lv\/wp-json\/wp\/v2\/types\/post"}],"author":[{"embeddable":true,"href":"https:\/\/www.europesays.com\/lv\/wp-json\/wp\/v2\/users\/2"}],"replies":[{"embeddable":true,"href":"https:\/\/www.europesays.com\/lv\/wp-json\/wp\/v2\/comments?post=42266"}],"version-history":[{"count":0,"href":"https:\/\/www.europesays.com\/lv\/wp-json\/wp\/v2\/posts\/42266\/revisions"}],"wp:featuredmedia":[{"embeddable":true,"href":"https:\/\/www.europesays.com\/lv\/wp-json\/wp\/v2\/media\/42267"}],"wp:attachment":[{"href":"https:\/\/www.europesays.com\/lv\/wp-json\/wp\/v2\/media?parent=42266"}],"wp:term":[{"taxonomy":"category","embeddable":true,"href":"https:\/\/www.europesays.com\/lv\/wp-json\/wp\/v2\/categories?post=42266"},{"taxonomy":"post_tag","embeddable":true,"href":"https:\/\/www.europesays.com\/lv\/wp-json\/wp\/v2\/tags?post=42266"}],"curies":[{"name":"wp","href":"https:\/\/api.w.org\/{rel}","templated":true}]}}