{"id":42290,"date":"2025-11-07T08:10:06","date_gmt":"2025-11-07T08:10:06","guid":{"rendered":"https:\/\/www.europesays.com\/lv\/42290\/"},"modified":"2025-11-07T08:10:06","modified_gmt":"2025-11-07T08:10:06","slug":"naftas-tirdzniecibas-uznemums-gunvor-atsaucis-piedavajumu-iegadaties-lukoil-arvalstu-aktivus-raksts","status":"publish","type":"post","link":"https:\/\/www.europesays.com\/lv\/42290\/","title":{"rendered":"Naftas tirdzniec\u012bbas uz\u0146\u0113mums \u00abGunvor\u00bb atsaucis pied\u0101v\u0101jumu ieg\u0101d\u0101ties \u00abLukoil\u00bb \u0101rvalstu akt\u012bvus \/ Raksts"},"content":{"rendered":"<p>Naftas tirdzniec\u012bbas uz\u0146\u0113mums &#8220;Gunvor Group&#8221; pazi\u0146ojis, ka vairs nepl\u0101no ieg\u0101d\u0101ties ASV sankcij\u0101m pak\u013caut\u0101s Krievijas naftas komp\u0101nijas &#8220;Lukoil&#8221; \u0101rvalstu akt\u012bvus.<\/p>\n<p>Oktobra beig\u0101s &#8220;Lukoil&#8221; pav\u0113st\u012bja, ka ir vienojusies par savu \u0101rvalstu <a href=\"https:\/\/www.lsm.lv\/raksts\/zinas\/ekonomika\/06.11.2025-lukoil-meitasuznemumi-arzemes-cies-no-rietumvalstu-sankcijam.a621406\/\" class=\"lsm-link\" data-type=\"article\" data-id=\"621406\" rel=\"nofollow noopener\" target=\"_blank\">akt\u012bvu p\u0101rdo\u0161anu &#8220;Gunvor&#8221;.<\/a><\/p>\n<p>Par to tika pazi\u0146ots neilgi p\u0113c tam, kad ASV prezidenta Donalda Trampa administr\u0101cija noteica sankcijas div\u0101m liel\u0101kaj\u0101m Krievijas naftas komp\u0101nij\u0101m &#8220;Ros\u0146eftj&#8221; un &#8220;Lukoil&#8221; saist\u012bb\u0101 ar Krievijas atteik\u0161anos izbeigt karu pret Ukrainu.<\/p>\n<p>Ceturtdienas vakar\u0101 ASV Finan\u0161u ministrija nod\u0113v\u0113ja &#8220;Gunvor&#8221; par &#8220;Krem\u013ca marioneti&#8221; un pazi\u0146oja, ka uz\u0146\u0113mumam netiks pie\u0161\u0137irta darb\u012bbas licence, &#8220;kam\u0113r vien [Krievijas diktators Vladimirs] Putins turpin\u0101s savu bezj\u0113dz\u012bgo slepkavo\u0161anu&#8221;.<\/p>\n<p>&#8220;Prezidents Tramps ir skaidri pazi\u0146ojis, ka karam ir nekav\u0113joties j\u0101beidzas,&#8221; vienlaikus nor\u0101d\u012bja ministrija.<\/p>\n<p>Neilgi p\u0113c tam Gunvor&#8221; atsauca savu pied\u0101v\u0101jumu ieg\u0101d\u0101ties &#8220;Lukoil&#8221; \u0101rvalstu akt\u012bvus.<\/p>\n<p>&#8220;Gunvor&#8221; ASV Finan\u0161u ministrijas apgalvojumus nosauca par &#8220;nepatiesiem un balst\u012btiem uz dezinform\u0101ciju&#8221;, k\u0101 ar\u012b izteica cer\u012bbu, ka \u0161\u012b &#8220;nesapra\u0161an\u0101s tiks nov\u0113rsta&#8221;.<\/p>\n<p>&#8220;Gunvor&#8221;, kura galven\u0101 m\u012btne atrodas \u0160veic\u0113, dibin\u0101jis zviedru uz\u0146\u0113m\u0113js T\u016brbj\u0113rns T\u0113rnkvists un Krievijas uz\u0146\u0113m\u0113js Genadijs Tim\u010denko, kas tiek uzskat\u012bts par Putina tuvu sabiedroto.<\/p>\n<p>P\u0113c Krievijas \u012bstenot\u0101s Krimas aneksijas 2014. gad\u0101 Tim\u010denko p\u0101rdeva savu uz\u0146\u0113muma da\u013cu T\u0113rnkvistam, lai uz\u0146\u0113mums netiktu pak\u013cauts sankcij\u0101m.<\/p>\n<p>                    Valodas k\u013c\u016bda rakst\u0101?<\/p>\n<p class=\"d-none d-md-block\">Iez\u012bm\u0113jiet tekstu un spiediet Ctrl+Enter, lai nos\u016bt\u012btu labojamo teksta fragmentu redaktoram! Par faktu k\u013c\u016bd\u0101m l\u016bdzam zi\u0146ot e-past\u0101 <a href=\"https:\/\/www.lsm.lv\/cdn-cgi\/l\/email-protection\" class=\"__cf_email__\" data-cfemail=\"7f0d1a1b1e141c16151e3f130c12511309\" rel=\"nofollow noopener\" target=\"_blank\">[email\u00a0protected]<\/a>.<\/p>\n<p class=\"d-md-none\">Iez\u012bm\u0113jiet tekstu un spiediet uz Zi\u0146ot par k\u013c\u016bdu pogas, lai nos\u016bt\u012btu labojamo teksta fragmentu redaktoram!<\/p>\n<p>\n                    Zi\u0146ot par k\u013c\u016bdu\n                <\/p>\n","protected":false},"excerpt":{"rendered":"Naftas tirdzniec\u012bbas uz\u0146\u0113mums &#8220;Gunvor Group&#8221; pazi\u0146ojis, ka vairs nepl\u0101no ieg\u0101d\u0101ties ASV sankcij\u0101m pak\u013caut\u0101s Krievijas naftas komp\u0101nijas &#8220;Lukoil&#8221; \u0101rvalstu&hellip;\n","protected":false},"author":2,"featured_media":41992,"comment_status":"","ping_status":"","sticky":false,"template":"","format":"standard","meta":{"footnotes":""},"categories":[14],"tags":[23,57,28,29,32,33,22,30,31,35,39,38,36,37,34,40,20,26,27,24,25,54,55,56,21,58],"class_list":{"0":"post-42290","1":"post","2":"type-post","3":"status-publish","4":"format-standard","5":"has-post-thumbnail","7":"category-zinas-no-arvalstim","8":"tag-aktualitates","9":"tag-arvalstim","10":"tag-breaking-news","11":"tag-breakingnews","12":"tag-featured-news","13":"tag-featurednews","14":"tag-headlines","15":"tag-latest-news","16":"tag-latestnews","17":"tag-latvia","18":"tag-latvian","19":"tag-latviesu","20":"tag-latviesu-valoda","21":"tag-latviesuvaloda","22":"tag-latvija","23":"tag-lv","24":"tag-news","25":"tag-popularakas-zinas","26":"tag-popularakaszinas","27":"tag-top-stories","28":"tag-topstories","29":"tag-world","30":"tag-world-news","31":"tag-worldnews","32":"tag-zinas","33":"tag-zinas-no-arvalstim"},"share_on_mastodon":{"url":"https:\/\/pubeurope.com\/@lv\/115507404635648842","error":""},"_links":{"self":[{"href":"https:\/\/www.europesays.com\/lv\/wp-json\/wp\/v2\/posts\/42290","targetHints":{"allow":["GET"]}}],"collection":[{"href":"https:\/\/www.europesays.com\/lv\/wp-json\/wp\/v2\/posts"}],"about":[{"href":"https:\/\/www.europesays.com\/lv\/wp-json\/wp\/v2\/types\/post"}],"author":[{"embeddable":true,"href":"https:\/\/www.europesays.com\/lv\/wp-json\/wp\/v2\/users\/2"}],"replies":[{"embeddable":true,"href":"https:\/\/www.europesays.com\/lv\/wp-json\/wp\/v2\/comments?post=42290"}],"version-history":[{"count":0,"href":"https:\/\/www.europesays.com\/lv\/wp-json\/wp\/v2\/posts\/42290\/revisions"}],"wp:featuredmedia":[{"embeddable":true,"href":"https:\/\/www.europesays.com\/lv\/wp-json\/wp\/v2\/media\/41992"}],"wp:attachment":[{"href":"https:\/\/www.europesays.com\/lv\/wp-json\/wp\/v2\/media?parent=42290"}],"wp:term":[{"taxonomy":"category","embeddable":true,"href":"https:\/\/www.europesays.com\/lv\/wp-json\/wp\/v2\/categories?post=42290"},{"taxonomy":"post_tag","embeddable":true,"href":"https:\/\/www.europesays.com\/lv\/wp-json\/wp\/v2\/tags?post=42290"}],"curies":[{"name":"wp","href":"https:\/\/api.w.org\/{rel}","templated":true}]}}