{"id":42297,"date":"2025-11-07T08:18:07","date_gmt":"2025-11-07T08:18:07","guid":{"rendered":"https:\/\/www.europesays.com\/lv\/42297\/"},"modified":"2025-11-07T08:18:07","modified_gmt":"2025-11-07T08:18:07","slug":"kads-laiks-gaidams-tuvakajas-dienas","status":"publish","type":"post","link":"https:\/\/www.europesays.com\/lv\/42297\/","title":{"rendered":"K\u0101ds laiks gaid\u0101ms tuv\u0101kaj\u0101s dien\u0101s?"},"content":{"rendered":"<p>Debesis b\u016bs p\u0101rsvar\u0101 apm\u0101ku\u0161\u0101s, sestdien viet\u0101m v\u0113l sp\u012bd\u0113s saule. P\u016b\u0161ot l\u0113nam dienvidu, dienvidrietumu v\u0113jam, da\u017eviet sabiez\u0113s migla un smidzin\u0101s lietus. Gaisa <a href=\"https:\/\/www.apollo.lv\/term\/631647\/temperatura\" class=\"topicLink\" target=\"_blank\" rel=\"nofollow noopener\">temperat\u016bra<\/a> galvenok\u0101rt sv\u0101rst\u012bsies starp +2 un +10 gr\u0101diem.<\/p>\n<p>N\u0101kamned\u0113\u013c reiz\u0113m gaid\u0101ms lietus, bet kop\u0113jais nokri\u0161\u0146u daudzums, visticam\u0101k, b\u016bs mazs. Da\u017eas dienas iepriek\u0161 tika prognoz\u0113ts, ka iesp\u0113jams strauj\u0161 temperat\u016bras kritums, bet jaun\u0101k\u0101s prognozes liecina, ka vid\u0113j\u0101 gaisa temperat\u016bra n\u0101kamned\u0113\u013c saglab\u0101sies vair\u0101kus gr\u0101dus virs normas. Silt\u0101kaj\u0101s dien\u0101s termometra stabi\u0146\u0161 Latvij\u0101 var pak\u0101pties l\u012bdz +8..+12 gr\u0101diem.<\/p>\n<p>Atbilsto\u0161i Latvijas Vides, \u0123eolo\u0123ijas un meteorolo\u0123ijas centra datiem 5. un 6. novembr\u012b diennakts vid\u0113j\u0101 gaisa temperat\u016bra valst\u012b bija se\u0161us gr\u0101dus augst\u0101ka par normu jeb 1991. &#8211; 2020. gada vid\u0113jo temperat\u016bru \u0161ajos datumos.<\/p>\n<p>P\u0113d\u0113jos 15 gados tikai divas reizes &#8211; 2016. un 2023. gad\u0101 &#8211; novembris Latvij\u0101 bijis v\u0113s\u0101ks par m\u0113ne\u0161a normu, kas ir +2,2 gr\u0101di. Silt\u0101kais novembris bija 2020. gad\u0101, kad m\u0113ne\u0161a vid\u0113j\u0101 gaisa temperat\u016bra sasniedza +5,5 gr\u0101dus.<\/p>\n","protected":false},"excerpt":{"rendered":"Debesis b\u016bs p\u0101rsvar\u0101 apm\u0101ku\u0161\u0101s, sestdien viet\u0101m v\u0113l sp\u012bd\u0113s saule. P\u016b\u0161ot l\u0113nam dienvidu, dienvidrietumu v\u0113jam, da\u017eviet sabiez\u0113s migla un&hellip;\n","protected":false},"author":2,"featured_media":42298,"comment_status":"","ping_status":"","sticky":false,"template":"","format":"standard","meta":{"footnotes":""},"categories":[5],"tags":[23,28,29,32,33,22,396,397,30,31,35,39,38,36,37,34,40,20,26,27,154,24,25,21],"class_list":{"0":"post-42297","1":"post","2":"type-post","3":"status-publish","4":"format-standard","5":"has-post-thumbnail","7":"category-aktualitates","8":"tag-aktualitates","9":"tag-breaking-news","10":"tag-breakingnews","11":"tag-featured-news","12":"tag-featurednews","13":"tag-headlines","14":"tag-laika-zinas","15":"tag-laikapstakli","16":"tag-latest-news","17":"tag-latestnews","18":"tag-latvia","19":"tag-latvian","20":"tag-latviesu","21":"tag-latviesu-valoda","22":"tag-latviesuvaloda","23":"tag-latvija","24":"tag-lv","25":"tag-news","26":"tag-popularakas-zinas","27":"tag-popularakaszinas","28":"tag-temperatura","29":"tag-top-stories","30":"tag-topstories","31":"tag-zinas"},"share_on_mastodon":{"url":"https:\/\/pubeurope.com\/@lv\/115507436274473475","error":""},"_links":{"self":[{"href":"https:\/\/www.europesays.com\/lv\/wp-json\/wp\/v2\/posts\/42297","targetHints":{"allow":["GET"]}}],"collection":[{"href":"https:\/\/www.europesays.com\/lv\/wp-json\/wp\/v2\/posts"}],"about":[{"href":"https:\/\/www.europesays.com\/lv\/wp-json\/wp\/v2\/types\/post"}],"author":[{"embeddable":true,"href":"https:\/\/www.europesays.com\/lv\/wp-json\/wp\/v2\/users\/2"}],"replies":[{"embeddable":true,"href":"https:\/\/www.europesays.com\/lv\/wp-json\/wp\/v2\/comments?post=42297"}],"version-history":[{"count":0,"href":"https:\/\/www.europesays.com\/lv\/wp-json\/wp\/v2\/posts\/42297\/revisions"}],"wp:featuredmedia":[{"embeddable":true,"href":"https:\/\/www.europesays.com\/lv\/wp-json\/wp\/v2\/media\/42298"}],"wp:attachment":[{"href":"https:\/\/www.europesays.com\/lv\/wp-json\/wp\/v2\/media?parent=42297"}],"wp:term":[{"taxonomy":"category","embeddable":true,"href":"https:\/\/www.europesays.com\/lv\/wp-json\/wp\/v2\/categories?post=42297"},{"taxonomy":"post_tag","embeddable":true,"href":"https:\/\/www.europesays.com\/lv\/wp-json\/wp\/v2\/tags?post=42297"}],"curies":[{"name":"wp","href":"https:\/\/api.w.org\/{rel}","templated":true}]}}