{"id":42305,"date":"2025-11-07T08:22:07","date_gmt":"2025-11-07T08:22:07","guid":{"rendered":"https:\/\/www.europesays.com\/lv\/42305\/"},"modified":"2025-11-07T08:22:07","modified_gmt":"2025-11-07T08:22:07","slug":"asv-prezidents-baltaja-nama-uznemis-centralazijas-valstu-liderus-raksts","status":"publish","type":"post","link":"https:\/\/www.europesays.com\/lv\/42305\/","title":{"rendered":"ASV prezidents Baltaj\u0101 nam\u0101 uz\u0146\u0113mis Centr\u0101l\u0101zijas valstu l\u012bderus \/ Raksts"},"content":{"rendered":"<p>Amerikas Savienoto Valstu (ASV) prezidents Donalds Tramps vakar Baltaj\u0101 nam\u0101 uz\u0146\u0113ma Centr\u0101l\u0101zijas valstu Kazahst\u0101nas, Kirgizst\u0101nas, Uzbekist\u0101nas, Tad\u017eikist\u0101nas un Turkmenist\u0101nas vad\u012bt\u0101jus.\u00a0<\/p>\n<p>San\u0101ksmes laik\u0101 Tramps sac\u012bja, ka iepriek\u0161\u0113jie ASV prezidenti ir piln\u012bb\u0101 ignor\u0113ju\u0161i Centr\u0101l\u0101ziju, kas esot \u013coti svar\u012bgs re\u0123ions.\u00a0<\/p>\n<blockquote>\n<p>Tramps v\u0113las padzi\u013cin\u0101t attiec\u012bbas ar \u0161\u012bm valst\u012bm, jo ASV ir nepiecie\u0161ams samazin\u0101t atkar\u012bbu no retzemju elementu importa no \u0136\u012bnas, k\u0101 ar\u012b mazin\u0101t \u0136\u012bnas un Krievijas ietekmi re\u0123ion\u0101.\u00a0<\/p>\n<\/blockquote>\n<p>Tramps pazi\u0146oja, ka ASV un Uzbekist\u0101na ir pan\u0101ku\u0161as tirdzniec\u012bbas vieno\u0161anos, kuras ietvaros Uzbekist\u0101na n\u0101kamajos tr\u012bs gados ieg\u0101d\u0101sies preces no ASV un veiks ieguld\u012bjumus ASV ekonomik\u0101 35 miljardu dol\u0101ru apm\u0113r\u0101, bet n\u0101kamajos desmit gados Uzbekist\u0101na da\u017e\u0101d\u0101s ASV nozar\u0113s invest\u0113\u0161ot vair\u0101k nek\u0101 100 miljardus dol\u0101ru, v\u0113sta &#8220;Reuters&#8221;.\u00a0<\/p>\n<p>Tramps ar\u012b pazi\u0146oja, ka Kazahst\u0101na pievienosies \u0100brahama nol\u012bgumiem, kuru m\u0113r\u0137is ir normaliz\u0113t attiec\u012bbas starp Izra\u0113lu un musulma\u0146u valst\u012bm.\u00a0<\/p>\n<p>Kazahst\u0101na pazi\u0146oja, ka pievieno\u0161an\u0101s \u0100brahama nol\u012bgumiem ir &#8220;lo\u0123isks turpin\u0101jums valsts \u0101rpolitiskajam kursam, kas balst\u0101s uz dialogu, savstarp\u0113ju cie\u0146u un re\u0123ion\u0101lo stabilit\u0101ti&#8221;.<\/p>\n<p>                    Valodas k\u013c\u016bda rakst\u0101?<\/p>\n<p class=\"d-none d-md-block\">Iez\u012bm\u0113jiet tekstu un spiediet Ctrl+Enter, lai nos\u016bt\u012btu labojamo teksta fragmentu redaktoram! Par faktu k\u013c\u016bd\u0101m l\u016bdzam zi\u0146ot e-past\u0101 <a href=\"https:\/\/www.lsm.lv\/cdn-cgi\/l\/email-protection\" class=\"__cf_email__\" data-cfemail=\"d2a0b7b6b3b9b1bbb8b392bea1bffcbea4\" rel=\"nofollow noopener\" target=\"_blank\">[email\u00a0protected]<\/a>.<\/p>\n<p class=\"d-md-none\">Iez\u012bm\u0113jiet tekstu un spiediet uz Zi\u0146ot par k\u013c\u016bdu pogas, lai nos\u016bt\u012btu labojamo teksta fragmentu redaktoram!<\/p>\n<p>\n                    Zi\u0146ot par k\u013c\u016bdu\n                <\/p>\n","protected":false},"excerpt":{"rendered":"Amerikas Savienoto Valstu (ASV) prezidents Donalds Tramps vakar Baltaj\u0101 nam\u0101 uz\u0146\u0113ma Centr\u0101l\u0101zijas valstu Kazahst\u0101nas, Kirgizst\u0101nas, Uzbekist\u0101nas, Tad\u017eikist\u0101nas un&hellip;\n","protected":false},"author":2,"featured_media":42306,"comment_status":"","ping_status":"","sticky":false,"template":"","format":"standard","meta":{"footnotes":""},"categories":[14],"tags":[23,57,28,29,32,33,22,30,31,35,39,38,36,37,34,40,20,26,27,24,25,54,55,56,21,58],"class_list":{"0":"post-42305","1":"post","2":"type-post","3":"status-publish","4":"format-standard","5":"has-post-thumbnail","7":"category-zinas-no-arvalstim","8":"tag-aktualitates","9":"tag-arvalstim","10":"tag-breaking-news","11":"tag-breakingnews","12":"tag-featured-news","13":"tag-featurednews","14":"tag-headlines","15":"tag-latest-news","16":"tag-latestnews","17":"tag-latvia","18":"tag-latvian","19":"tag-latviesu","20":"tag-latviesu-valoda","21":"tag-latviesuvaloda","22":"tag-latvija","23":"tag-lv","24":"tag-news","25":"tag-popularakas-zinas","26":"tag-popularakaszinas","27":"tag-top-stories","28":"tag-topstories","29":"tag-world","30":"tag-world-news","31":"tag-worldnews","32":"tag-zinas","33":"tag-zinas-no-arvalstim"},"share_on_mastodon":{"url":"https:\/\/pubeurope.com\/@lv\/115507451848218180","error":""},"_links":{"self":[{"href":"https:\/\/www.europesays.com\/lv\/wp-json\/wp\/v2\/posts\/42305","targetHints":{"allow":["GET"]}}],"collection":[{"href":"https:\/\/www.europesays.com\/lv\/wp-json\/wp\/v2\/posts"}],"about":[{"href":"https:\/\/www.europesays.com\/lv\/wp-json\/wp\/v2\/types\/post"}],"author":[{"embeddable":true,"href":"https:\/\/www.europesays.com\/lv\/wp-json\/wp\/v2\/users\/2"}],"replies":[{"embeddable":true,"href":"https:\/\/www.europesays.com\/lv\/wp-json\/wp\/v2\/comments?post=42305"}],"version-history":[{"count":0,"href":"https:\/\/www.europesays.com\/lv\/wp-json\/wp\/v2\/posts\/42305\/revisions"}],"wp:featuredmedia":[{"embeddable":true,"href":"https:\/\/www.europesays.com\/lv\/wp-json\/wp\/v2\/media\/42306"}],"wp:attachment":[{"href":"https:\/\/www.europesays.com\/lv\/wp-json\/wp\/v2\/media?parent=42305"}],"wp:term":[{"taxonomy":"category","embeddable":true,"href":"https:\/\/www.europesays.com\/lv\/wp-json\/wp\/v2\/categories?post=42305"},{"taxonomy":"post_tag","embeddable":true,"href":"https:\/\/www.europesays.com\/lv\/wp-json\/wp\/v2\/tags?post=42305"}],"curies":[{"name":"wp","href":"https:\/\/api.w.org\/{rel}","templated":true}]}}