{"id":42342,"date":"2025-11-07T08:46:15","date_gmt":"2025-11-07T08:46:15","guid":{"rendered":"https:\/\/www.europesays.com\/lv\/42342\/"},"modified":"2025-11-07T08:46:15","modified_gmt":"2025-11-07T08:46:15","slug":"inovativi-ilgtspejigi-un-cilvecigi-ka-digitalizacija-maina-domasanu-un-uznemejdarbibu-latvija-dienas-bizness","status":"publish","type":"post","link":"https:\/\/www.europesays.com\/lv\/42342\/","title":{"rendered":"Inovat\u012bvi, ilgtsp\u0113j\u012bgi un cilv\u0113c\u012bgi: k\u0101 digitaliz\u0101cija maina dom\u0101\u0161anu un uz\u0146\u0113m\u0113jdarb\u012bbu Latvij\u0101 :: Dienas Bizness"},"content":{"rendered":"<p class=\"text-font font-size--text-xlarge margin-3--bottom font-weight--bold padding-1--top\">Digitaliz\u0101cija vairs nav n\u0101kotnes jaut\u0101jums \u2013 t\u0101 ir \u0161odiena, un tie\u0161i no t\u0101, cik \u0101tri un gudri sp\u0113jam tai piel\u0101goties, ir atkar\u012bga m\u016bsu konkur\u0113tsp\u0113ja un izaugsme. \u0160o atzi\u0146u vienbals\u012bgi apliecin\u0101ja ar\u012b dal\u012bbnieki iedvesmas konferenc\u0113 \u201cFuture Ready 2025\u201d, kas \u0161oruden jau otro reizi pulc\u0113ja uz\u0146\u0113mumu p\u0101rst\u0101vjus &#8211; vad\u012bt\u0101jus un profesion\u0101\u013cus, lai run\u0101tu par zin\u0101\u0161anu un tehnolo\u0123iju noz\u012bmi cilv\u0113ka dz\u012bv\u0113 un biznesa att\u012bst\u012bb\u0101.<\/p>\n<p class=\"text-font font-size--text-xlarge margin-3--bottom\">Konferenc\u0113 vald\u012bja p\u0101rliec\u012bba \u2013 digit\u0101l\u0101s p\u0101rmai\u0146as nav tikai tehnolo\u0123iju ievie\u0161ana, bet dom\u0101\u0161anas un v\u0113rt\u012bbu mai\u0146a. To sav\u0101 atkl\u0101\u0161anas run\u0101 uzsv\u0113ra Latvijas Darba dev\u0113ju konfeder\u0101cijas izgl\u012bt\u012bbas un nodarbin\u0101t\u012bbas jomas vad\u012bt\u0101ja Liene Voro\u0146enko, apstiprinot, ka uz\u0146\u0113muma izaugsmes pamat\u0101 ir cilv\u0113ku zin\u0101\u0161anas, prasme m\u0101c\u012bties un v\u0113lme att\u012bst\u012bties. \u201cLatvija ir viena no br\u012bni\u0161\u0137\u012bg\u0101kaj\u0101m valst\u012bm, ja mums j\u0101sal\u012bdzin\u0101s ar to k\u0101 darbinieki m\u0101c\u0101s. Latvij\u0101 ir augst\u0101k\u0101 lielo uz\u0146\u0113mumu darbinieku (30%) iesaiste m\u0101c\u012bbas Eirop\u0101. 65% darbinieku m\u0101c\u0101s darba laik\u0101, kas noz\u012bm\u0113, ka m\u0101c\u012bbas ir k\u013cuvu\u0161as par biznesa sast\u0101vda\u013cu un integr\u0113tu darba procesu, kur\u0101 m\u0113s m\u0113\u0123in\u0101m atrast tos veidus, k\u0101 tas ietekm\u0113s m\u016bsu produktivit\u0101ti un m\u016bsu uz\u0146\u0113mumu att\u012bst\u012bbu.\u201d<\/p>\n<p class=\"text-font font-size--text-xlarge margin-3--bottom\">Par m\u0101c\u012b\u0161anos k\u0101 b\u016btisku att\u012bst\u012bbas virz\u012bt\u0101jsp\u0113ku konferenc\u0113 run\u0101ja ar\u012b \u0101rvalstu eksperti, akcent\u0113jot cilv\u0113ka un tehnolo\u0123iju sadarb\u012bbas noz\u012bmi zin\u0101\u0161anu un inov\u0101ciju rad\u012b\u0161an\u0101.<\/p>\n<p class=\"text-font font-size--text-xlarge margin-3--bottom\">Kathleen D. Kennedy, Masa\u010d\u016bsetsas Tehnolo\u0123iju instit\u016bta (MIT) Kolekt\u012bv\u0101 intelekta centra izpilddirektore un MIT Horizon vad\u012bt\u0101ja, dal\u012bj\u0101s pieredz\u0113 par t\u0101 saukto \u201csuperpr\u0101tu\u201d jeb cilv\u0113ka un tehnolo\u0123ijas sadarb\u012bbu, kas \u013cauj rad\u012bt inov\u0101cijas un efekt\u012bv\u0101k risin\u0101t sare\u017e\u0123\u012btus uzdevumus.<\/p>\n<p class=\"text-font font-size--text-xlarge margin-3--bottom\">Digit\u0101l\u0101s vides ietekme uz cilv\u0113ku dz\u012bvi bija viena no konferences galvenaj\u0101m t\u0113m\u0101m. K\u0101 uzsv\u0113ra Avital (Ali) Sahar, sabiedrisk\u0101s uztveres un reput\u0101cijas vad\u012bbas eksperts, digit\u0101laj\u0101 laikmet\u0101 robe\u017eas starp profesion\u0101lo un priv\u0101to dz\u012bvi izz\u016bd. \u201cM\u0113s bie\u017ei aizmirstam, ka m\u016bsu digit\u0101l\u0101 p\u0113da ir da\u013ca no m\u016bsu reput\u0101cijas \u2013 t\u0101 var pal\u012bdz\u0113t, bet var ar\u012b k\u013c\u016bt par risku,\u201d vi\u0146\u0161 nor\u0101d\u012bja.<\/p>\n<p class=\"text-font font-size--text-xlarge margin-3--bottom\">Ar\u012b psiholo\u0123iskie aspekti digitaliz\u0101cijas kontekst\u0101 nepalika bez uzman\u012bbas. Psiholo\u0123ijas doktore un kognit\u012bvi biheivior\u0101l\u0101s terapijas speci\u0101liste Marija \u0100belti\u0146a dal\u012bj\u0101s ar ieteikumiem, k\u0101 saglab\u0101t l\u012bdzsvaru starp produktivit\u0101ti un pa\u0161saj\u016btu, str\u0101d\u0101jot vid\u0113, kur tehnolo\u0123ijas pieprasa arvien \u0101tr\u0101ku reakciju. Vi\u0146as v\u0113st\u012bjums bija vienk\u0101r\u0161s, bet sp\u0113c\u012bgs \u2013 digit\u0101l\u0101 efektivit\u0101te nezaud\u0113 j\u0113gu tikai tad, ja cilv\u0113ks nezaud\u0113 sevi.<\/p>\n<p class=\"text-font font-size--text-xlarge margin-3--bottom\">Konferenc\u0113 \u012bpa\u0161u iedvesmu sniedza ar\u012b Latvijas uz\u0146\u0113mumu pieredzes st\u0101sti, kas pier\u0101da \u2013 inovat\u012bva dom\u0101\u0161ana un ilgtsp\u0113ja nav tikai teorija, bet ikdienas prakse.<\/p>\n<p class=\"text-font font-size--text-xlarge margin-3--bottom\">Toms Au\u0161k\u0101ps, Balticovo valdes loceklis un inov\u0101ciju virz\u012bt\u0101js, dal\u012bj\u0101s ar redz\u0113jumu par to, k\u0101 uz\u0146\u0113mums sp\u0113j saglab\u0101t trad\u012bcijas un v\u0113rt\u012bbas, vienlaikus dom\u0101jot par n\u0101kotni un ilgtsp\u0113ju.<\/p>\n<p class=\"text-font font-size--text-xlarge margin-3--bottom\">Lauris Zemturis, Linearis apkalpo\u0161anas noda\u013cas vad\u012bt\u0101js, uzsv\u0113ra klientu servisa un inov\u0101ciju noz\u012bmi k\u0101 galveno att\u012bst\u012bbas dzinuli.<\/p>\n<p class=\"text-font font-size--text-xlarge margin-3--bottom\">Savuk\u0101rt R\u016bdolfs Str\u0113lis, \u201cKalve Coffee\u201d padomes priek\u0161s\u0113d\u0113t\u0101js, dal\u012bj\u0101s ar st\u0101stu par uz\u0146\u0113mumu, kas no personiskas aizrau\u0161an\u0101s izaudzis l\u012bdz kvalit\u0101tes simbolam.<\/p>\n<p class=\"text-font font-size--text-xlarge margin-3--bottom\">\u201cFuture Ready2025\u201d apliecin\u0101ja \u2013 Latvij\u0101 netr\u016bkst uz\u0146\u0113mumu, kas nebaid\u0101s no p\u0101rmai\u0146\u0101m. Glu\u017ei pret\u0113ji \u2013 tie m\u0101c\u0101s un mekl\u0113 arvien jaunas iesp\u0113jas. Digitaliz\u0101cija k\u013c\u016bst par ce\u013cu uz ilgtsp\u0113j\u012bgu, konkur\u0113tsp\u0113j\u012bgu un cilv\u0113kcentr\u0113tu att\u012bst\u012bbu, kur\u0101 tehnolo\u0123ijas kalpo cilv\u0113kam, nevis otr\u0101di.<\/p>\n<p class=\"text-font font-size--text-xlarge margin-3--bottom\">K\u0101 konferences nosl\u0113gum\u0101 atzina dal\u012bbnieki, inovat\u012bvi risin\u0101jumi, ilgtsp\u0113j\u012bga pieeja un cilv\u0113c\u012bga attieksme ir tr\u012bs pamati, kas \u013cauj uz\u0146\u0113mumiem augt un b\u016bt notur\u012bgiem n\u0101kotnes izaicin\u0101jumu priek\u0161\u0101.<\/p>\n<p class=\"text-font font-size--text-xlarge margin-3--bottom\">Konferenci \u201cFuture Ready\u201d organiz\u0113ja Latvijas Digit\u0101lais akselerators un Latvijas Inform\u0101cijas tehnolo\u0123iju klasteris &#8211; Eiropas Digit\u0101l\u0101s inov\u0101cijas centrs, ar Eiropas Savien\u012bbas atbalstu projektu ietvaros \u201cEDIC uz\u0146\u0113mumu digit\u0101lo prasmju att\u012bst\u012bba\u201d, \u201cEDIC: atbalsts digitaliz\u0101cijai un m\u0101ksl\u012bg\u0101 intelekta att\u012bst\u012bbai Latvij\u0101\u201d un \u201cDigit\u0101lo prasmju att\u012bst\u012bba jaunu produktu un tehnolo\u0123iju att\u012bst\u012bbai Latvijas komersantos\u201d.<\/p>\n<p class=\"text-font font-size--text-xlarge margin-3--bottom\">Finans\u0113 Eiropas Savien\u012bba un Eiropas Savien\u012bba \u2013 NextGenerationEU. Paustie uzskati ir autoru viedok\u013ci un ne vienm\u0113r atspogu\u013co Eiropas Savien\u012bbas vai Eiropas Komisijas nost\u0101ju.<\/p>\n<p>Skat\u012bties p\u0101r\u0113jos att\u0113lus<\/p>\n","protected":false},"excerpt":{"rendered":"Digitaliz\u0101cija vairs nav n\u0101kotnes jaut\u0101jums \u2013 t\u0101 ir \u0161odiena, un tie\u0161i no t\u0101, cik \u0101tri un gudri sp\u0113jam&hellip;\n","protected":false},"author":2,"featured_media":42343,"comment_status":"","ping_status":"","sticky":false,"template":"","format":"standard","meta":{"footnotes":""},"categories":[16],"tags":[869,77,870,76,867,35,39,38,36,37,34,871,868,40,21],"class_list":{"0":"post-42342","1":"post","2":"type-post","3":"status-publish","4":"format-standard","5":"has-post-thumbnail","7":"category-bizness","8":"tag-biznesa-zinas","9":"tag-bizness","10":"tag-bizness-latvija","11":"tag-business","12":"tag-dienas-zinas","13":"tag-latvia","14":"tag-latvian","15":"tag-latviesu","16":"tag-latviesu-valoda","17":"tag-latviesuvaloda","18":"tag-latvija","19":"tag-latvijas-biznesa-zinas","20":"tag-latvijas-zinas","21":"tag-lv","22":"tag-zinas"},"share_on_mastodon":{"url":"https:\/\/pubeurope.com\/@lv\/115507546188356646","error":""},"_links":{"self":[{"href":"https:\/\/www.europesays.com\/lv\/wp-json\/wp\/v2\/posts\/42342","targetHints":{"allow":["GET"]}}],"collection":[{"href":"https:\/\/www.europesays.com\/lv\/wp-json\/wp\/v2\/posts"}],"about":[{"href":"https:\/\/www.europesays.com\/lv\/wp-json\/wp\/v2\/types\/post"}],"author":[{"embeddable":true,"href":"https:\/\/www.europesays.com\/lv\/wp-json\/wp\/v2\/users\/2"}],"replies":[{"embeddable":true,"href":"https:\/\/www.europesays.com\/lv\/wp-json\/wp\/v2\/comments?post=42342"}],"version-history":[{"count":0,"href":"https:\/\/www.europesays.com\/lv\/wp-json\/wp\/v2\/posts\/42342\/revisions"}],"wp:featuredmedia":[{"embeddable":true,"href":"https:\/\/www.europesays.com\/lv\/wp-json\/wp\/v2\/media\/42343"}],"wp:attachment":[{"href":"https:\/\/www.europesays.com\/lv\/wp-json\/wp\/v2\/media?parent=42342"}],"wp:term":[{"taxonomy":"category","embeddable":true,"href":"https:\/\/www.europesays.com\/lv\/wp-json\/wp\/v2\/categories?post=42342"},{"taxonomy":"post_tag","embeddable":true,"href":"https:\/\/www.europesays.com\/lv\/wp-json\/wp\/v2\/tags?post=42342"}],"curies":[{"name":"wp","href":"https:\/\/api.w.org\/{rel}","templated":true}]}}