{"id":42352,"date":"2025-11-07T08:59:11","date_gmt":"2025-11-07T08:59:11","guid":{"rendered":"https:\/\/www.europesays.com\/lv\/42352\/"},"modified":"2025-11-07T08:59:11","modified_gmt":"2025-11-07T08:59:11","slug":"foto-%e2%9f%a9-andzelina-dzolija-negaiditi-apmeklejusi-ukrainas-frontes-pilsetu-hersonu","status":"publish","type":"post","link":"https:\/\/www.europesays.com\/lv\/42352\/","title":{"rendered":"FOTO \u27e9 And\u017eel\u012bna D\u017eolija negaid\u012bti apmekl\u0113jusi Ukrainas frontes pils\u0113tu Hersonu"},"content":{"rendered":"<p>Holivudas aktrise <a href=\"https:\/\/www.apollo.lv\/term\/556015\/andzelina-dzolija\" class=\"topicLink\" target=\"_blank\" rel=\"nofollow noopener\">And\u017eel\u012bna D\u017eolija<\/a> tre\u0161dien dev\u0101s uz Ukrainu, kur uztur\u0113j\u0101s frontes tuvum\u0101. Aktrise robe\u017eu esot \u0161\u0137\u0113rsojusi k\u0101j\u0101m.<\/p>\n<p><img decoding=\"async\" class=\"figure__image\" onclick=\"triggerEvent('articleImageClick', { id: 17262012, focus: 'single-image', focusIndex: '17262012' })\" onkeydown=\"if (event.key === 'Enter') {&#10;        triggerEvent('articleImageClick', { id: 17262012, focus: 'single-image', focusIndex: '17262012' })&#10;        }\" role=\"button\" tabindex=\"0\" data-focus-from=\"single-image\" data-focus-index=\"17262012\" src=\"https:\/\/www.europesays.com\/lv\/wp-content\/uploads\/2025\/11\/17262012t1he1e3.jpg\" onload=\"this.parentElement.classList.remove('figure__image-loading')\" alt=\"Aktrise And\u017eel\u012bna D\u017eolija Ukrain\u0101 2025. gada 5. novembr\u012b\"\/>Aktrise And\u017eel\u012bna D\u017eolija Ukrain\u0101 2025. gada 5. novembr\u012b Foto: Handout \/ Legacy of War Foundation \/ AFP \/ Scanpix<\/p>\n<p>Krievijas karasp\u0113ks okup\u0113jis Hersonas apgabala da\u013cu, kas atrodas Dnipro upes kreisaj\u0101 krast\u0101. Apgabala galvaspils\u0113ta <a href=\"https:\/\/www.apollo.lv\/term\/676141\/hersona\" class=\"topicLink\" target=\"_blank\" rel=\"nofollow noopener\">Hersona<\/a> atrodas labaj\u0101 krast\u0101 un pak\u013cauta nemit\u012bgiem Krievijas uzbrukumiem.<\/p>\n<p>&#8220;Mikolajivas un Hersonas iedz\u012bvot\u0101ji katru dienu sadz\u012bvo ar briesm\u0101m, bet vi\u0146i atsak\u0101s padoties. Redz\u0113t vi\u0146u sp\u0113ku un savstarp\u0113jo atbalstu laik\u0101, kad vald\u012bbas vis\u0101 pasaul\u0113 uzgrie\u017e muguru civiliedz\u012bvot\u0101ju aizsardz\u012bbai, \u2013 tas m\u0101ca pazem\u012bbu,&#8221; teikts D\u017eolijas pazi\u0146ojum\u0101.<\/p>\n<p><img decoding=\"async\" class=\"figure__image\" onclick=\"triggerEvent('articleImageClick', { id: 17262007, focus: 'single-image', focusIndex: '17262007' })\" onkeydown=\"if (event.key === 'Enter') {&#10;        triggerEvent('articleImageClick', { id: 17262007, focus: 'single-image', focusIndex: '17262007' })&#10;        }\" role=\"button\" tabindex=\"0\" data-focus-from=\"single-image\" data-focus-index=\"17262007\" src=\"https:\/\/www.europesays.com\/lv\/wp-content\/uploads\/2025\/11\/17262007t1hdb78.jpg\" onload=\"this.parentElement.classList.remove('figure__image-loading')\" alt=\"Aktrise And\u017eel\u012bna D\u017eolija Ukrain\u0101 2025. gada 5. novembr\u012b\"\/>Aktrise And\u017eel\u012bna D\u017eolija Ukrain\u0101 2025. gada 5. novembr\u012b Foto: Handout \/ Legacy of War Foundation \/ AFP \/ Scanpix<\/p>\n<p>T\u0101 ir D\u017eolijas otr\u0101 viz\u012bte Ukrain\u0101 kop\u0161 Krievijas pilna m\u0113roga iebrukuma s\u0101kuma. 2022. gad\u0101 D\u017eolija apmekl\u0113ja \u013bvivu \u2013 sal\u012bdzino\u0161i dro\u0161u pils\u0113tu Ukrainas rietumu da\u013c\u0101. Ta\u010du otraj\u0101 viz\u012bt\u0113 vi\u0146a dev\u0101s uz frontes tuvum\u0101 eso\u0161o Hersonu un Mikolajivu.<\/p>\n<p>D\u017eolija neesot br\u012bdin\u0101jusi Ukrainas amatpersonas par savu iera\u0161anos, k\u0101 ar\u012b robe\u017epunktu \u0161\u0137\u0113rsojusi k\u0101j\u0101m.<\/p>\n<p>Viz\u012btes laik\u0101 noticis incidents, kas saist\u012bts ar vienu no D\u017eolijas pavado\u0146iem. L\u012bdz \u0161im medijos izskan\u0113ju\u0161\u0101s zi\u0146as ir neskaidras. Mikolajivas re\u0123ion\u0101lais bru\u0146oto sp\u0113ku rekrut\u0113\u0161anas birojs izdevumam &#8220;Politico&#8221; apstiprin\u0101jis, ka D\u017eolijas \u0161oferis esot bijis bru\u0146oto sp\u0113ku rezervists, kuram blokposten\u012b esot dots r\u012bkojums ierasties uz milit\u0101raj\u0101m m\u0101c\u012bb\u0101m.<\/p>\n","protected":false},"excerpt":{"rendered":"Holivudas aktrise And\u017eel\u012bna D\u017eolija tre\u0161dien dev\u0101s uz Ukrainu, kur uztur\u0113j\u0101s frontes tuvum\u0101. Aktrise robe\u017eu esot \u0161\u0137\u0113rsojusi k\u0101j\u0101m. Aktrise&hellip;\n","protected":false},"author":2,"featured_media":42353,"comment_status":"","ping_status":"","sticky":false,"template":"","format":"standard","meta":{"footnotes":""},"categories":[14],"tags":[23,1683,57,28,29,32,33,22,12002,74,30,31,35,39,38,36,37,34,40,12003,20,26,27,24,25,276,54,55,56,21,58],"class_list":{"0":"post-42352","1":"post","2":"type-post","3":"status-publish","4":"format-standard","5":"has-post-thumbnail","7":"category-zinas-no-arvalstim","8":"tag-aktualitates","9":"tag-andzelina-dzolija","10":"tag-arvalstim","11":"tag-breaking-news","12":"tag-breakingnews","13":"tag-featured-news","14":"tag-featurednews","15":"tag-headlines","16":"tag-hersona","17":"tag-krievijas-iebrukums-ukraina","18":"tag-latest-news","19":"tag-latestnews","20":"tag-latvia","21":"tag-latvian","22":"tag-latviesu","23":"tag-latviesu-valoda","24":"tag-latviesuvaloda","25":"tag-latvija","26":"tag-lv","27":"tag-mikolajiva","28":"tag-news","29":"tag-popularakas-zinas","30":"tag-popularakaszinas","31":"tag-top-stories","32":"tag-topstories","33":"tag-ukraina","34":"tag-world","35":"tag-world-news","36":"tag-worldnews","37":"tag-zinas","38":"tag-zinas-no-arvalstim"},"share_on_mastodon":{"url":"https:\/\/pubeurope.com\/@lv\/115507597422570607","error":""},"_links":{"self":[{"href":"https:\/\/www.europesays.com\/lv\/wp-json\/wp\/v2\/posts\/42352","targetHints":{"allow":["GET"]}}],"collection":[{"href":"https:\/\/www.europesays.com\/lv\/wp-json\/wp\/v2\/posts"}],"about":[{"href":"https:\/\/www.europesays.com\/lv\/wp-json\/wp\/v2\/types\/post"}],"author":[{"embeddable":true,"href":"https:\/\/www.europesays.com\/lv\/wp-json\/wp\/v2\/users\/2"}],"replies":[{"embeddable":true,"href":"https:\/\/www.europesays.com\/lv\/wp-json\/wp\/v2\/comments?post=42352"}],"version-history":[{"count":0,"href":"https:\/\/www.europesays.com\/lv\/wp-json\/wp\/v2\/posts\/42352\/revisions"}],"wp:featuredmedia":[{"embeddable":true,"href":"https:\/\/www.europesays.com\/lv\/wp-json\/wp\/v2\/media\/42353"}],"wp:attachment":[{"href":"https:\/\/www.europesays.com\/lv\/wp-json\/wp\/v2\/media?parent=42352"}],"wp:term":[{"taxonomy":"category","embeddable":true,"href":"https:\/\/www.europesays.com\/lv\/wp-json\/wp\/v2\/categories?post=42352"},{"taxonomy":"post_tag","embeddable":true,"href":"https:\/\/www.europesays.com\/lv\/wp-json\/wp\/v2\/tags?post=42352"}],"curies":[{"name":"wp","href":"https:\/\/api.w.org\/{rel}","templated":true}]}}