{"id":42379,"date":"2025-11-07T09:29:06","date_gmt":"2025-11-07T09:29:06","guid":{"rendered":"https:\/\/www.europesays.com\/lv\/42379\/"},"modified":"2025-11-07T09:29:06","modified_gmt":"2025-11-07T09:29:06","slug":"bolt-vaditaja-latvija-kristine-bezerra-kjerulfa-dienas-bizness","status":"publish","type":"post","link":"https:\/\/www.europesays.com\/lv\/42379\/","title":{"rendered":"Bolt vad\u012bt\u0101ja Latvij\u0101 Krist\u012bne Bezerra-Kjerulfa :: Dienas Bizness"},"content":{"rendered":"<p class=\"text-font font-size--text-xlarge margin-3--bottom font-weight--bold padding-1--top\">Bez uzticamas un salied\u0113tas komandas nav iesp\u0113jams ne pie\u0146emt labus l\u0113mumus, ne sasniegt uzst\u0101d\u012btos m\u0113r\u0137us, dom\u0101 Krist\u012bne Bezerra-Kjerulfa, Bolt vad\u012bt\u0101ja Latvij\u0101.<\/p>\n<p class=\"text-font font-size--text-xlarge margin-3--bottom\">Veiksm\u012bgs bizness Latvij\u0101 s\u0101kas ar cilv\u0113kiem &#8211; mums ir daudz talant\u012bgu un ambiciozu profesion\u0101\u013cu, t\u0101p\u0113c ieguld\u012bjums vi\u0146u izaugsm\u0113 un att\u012bst\u012bb\u0101 ir b\u016btisks, uzskata K.Bezerra-Kjerulfa. Ne maz\u0101k svar\u012bgi ir b\u016bt ar\u012b inform\u0113tiem un elast\u012bgiem, k\u0101 ar\u012b sekot l\u012bdzi main\u012bgajai biznesa videi un iniciat\u012bv\u0101m, kas paver iesp\u0113jas inov\u0101cij\u0101m. Papildus tam \u013coti b\u016btiski ir izprast pa\u0161u sabiedr\u012bbu un sp\u0113t rea\u0123\u0113t uz t\u0101s vajadz\u012bb\u0101m. Tas pal\u012bdz pl\u0101not gan \u012bstermi\u0146a, gan ilgtermi\u0146a so\u013cus, lai nep\u0101rtraukti pilnveidotos un b\u016btu soli priek\u0161\u0101 citiem tirgus sp\u0113l\u0113t\u0101jiem, p\u0101rliecin\u0101ta ir Bolt vad\u012bt\u0101ja Latvij\u0101.<\/p>\n<p class=\"text-font font-size--text-xlarge margin-3--bottom\">Nov\u0113rt\u0113 izgl\u012bt\u012bbu<\/p>\n<p class=\"text-font font-size--text-xlarge margin-3--bottom\">B\u0113rn\u012bb\u0101 mans liel\u0101kais sapnis bija k\u013c\u016bt par veterin\u0101r\u0101rstu, jo kop\u0161 sevi atceros, mums vienm\u0113r ir biju\u0161i su\u0146i, atminas K.Bezerra-Kjerulfa. \u201c\u0122imen\u0113 eso\u0161ie \u0101rsti gan mani atrun\u0101ja, sakot, ka, ja m\u0101cies par \u0101rstu, tad j\u0101b\u016bt cilv\u0113ku \u0101rstam. Tas \u0161\u0137ita negod\u012bgi, jo man vienm\u0113r grib\u0113j\u0101s r\u016bp\u0113ties tie\u0161i par dz\u012bvniekiem. Neraugoties uz to, ka \u0161o sapni tom\u0113r nepiepild\u012bju, joproj\u0101m ar prieku r\u016bp\u0113jos par dz\u012bvniekiem. \u0160obr\u012bd m\u0101j\u0101s man ir divi su\u0146i &#8211; ang\u013cu kokerspaniels \u017dizele un kavaliera kinga \u010c\u0101rlza spaniels Fibi. Vidusskolas beig\u0101s man \u013coti grib\u0113j\u0101s m\u0101c\u012bties \u0101rzem\u0113s, un s\u0101kotn\u0113ji pl\u0101noju stud\u0113t diplom\u0101tiju. Pat biju gatava st\u0101ties Stokholmas Universit\u0101t\u0113, bet izr\u0101d\u012bj\u0101s, ka Latvijas izgl\u012bt\u012bbas dokumentu izsnieg\u0161anas termi\u0146i nesakr\u012bt ar uz\u0146em\u0161anas laikiem, kas noz\u012bm\u0113tu, ka man n\u0101ktos izlaist gadu. T\u0101 k\u0101 negrib\u0113ju kav\u0113t, p\u0113d\u0113j\u0101 br\u012bd\u012b iesniedzu dokumentus Koventrijas Universit\u0101t\u0113, Lielbrit\u0101nij\u0101, un \u0161is l\u0113mums izr\u0101d\u012bj\u0101s \u013coti v\u0113rt\u012bgs. Programma bija pla\u0161a un daudzpus\u012bga, sniedzot iesp\u0113ju man att\u012bst\u012bt gan anal\u012btisk\u0101s prasmes, gan struktur\u0113ti rakst\u012bt un dom\u0101t,\u201d st\u0101sta K.Bezerra-Kjerulfa.<\/p>\n<p class=\"text-font font-size--text-xlarge margin-3--bottom\">Savu pirmo darba pieredzi, v\u0113l b\u016bdama jauna meitene, vi\u0146a guva k\u0101d\u0101 baleta festiv\u0101l\u0101, str\u0101d\u0101jot k\u0101 kuratore. \u201c\u0160is laiks man \u013c\u0101va saprast, k\u0101 notiek darbs starptautisk\u0101 vid\u0113, k\u0101 j\u0101str\u0101d\u0101 ar cilv\u0113kiem, k\u0101 j\u0101organiz\u0113 procesi un cik svar\u012bgi ir iev\u0113rot grafikus. Tom\u0113r mans pirmais \u012bstais darbs p\u0113c studij\u0101m bija uz\u0146\u0113mum\u0101 PricewaterhouseCoopers (PwC), kur nostr\u0101d\u0101ju se\u0161us gadus. \u0160aj\u0101 darba viet\u0101 piedal\u012bjos nodok\u013cu un funkciju auditos, v\u0113rt\u0113jumos un starptautiskos projektos. T\u0101 bija \u0101rk\u0101rt\u012bgi v\u0113rt\u012bga pieredze, kas deva pla\u0161u izpratni par procesiem un noteikti bija l\u012bdzv\u0113rt\u012bga ieg\u016btaj\u0101m zin\u0101\u0161an\u0101m gan bakalaura, gan ma\u0123istra studij\u0101s,\u201d sprie\u017e K.Bezerra-Kjerulfa.<\/p>\n<p class=\"text-font font-size--text-xlarge margin-3--bottom\">Visu rakstu lasiet 4.novembra \u017eurn\u0101l\u0101 Dienas Bizness!<\/p>\n<p class=\"text-font font-size--text-xlarge margin-3--bottom\">Abon\u0113t ir \u0113rt\u0101k: <a href=\"https:\/\/ekiosks.lv\/\" target=\"_blank\" rel=\"nofollow noopener\">e-kiosks.lv<\/a>.<\/p>\n","protected":false},"excerpt":{"rendered":"Bez uzticamas un salied\u0113tas komandas nav iesp\u0113jams ne pie\u0146emt labus l\u0113mumus, ne sasniegt uzst\u0101d\u012btos m\u0113r\u0137us, dom\u0101 Krist\u012bne Bezerra-Kjerulfa,&hellip;\n","protected":false},"author":2,"featured_media":42380,"comment_status":"","ping_status":"","sticky":false,"template":"","format":"standard","meta":{"footnotes":""},"categories":[16],"tags":[869,77,870,76,867,35,39,38,36,37,34,871,868,40,21],"class_list":{"0":"post-42379","1":"post","2":"type-post","3":"status-publish","4":"format-standard","5":"has-post-thumbnail","7":"category-bizness","8":"tag-biznesa-zinas","9":"tag-bizness","10":"tag-bizness-latvija","11":"tag-business","12":"tag-dienas-zinas","13":"tag-latvia","14":"tag-latvian","15":"tag-latviesu","16":"tag-latviesu-valoda","17":"tag-latviesuvaloda","18":"tag-latvija","19":"tag-latvijas-biznesa-zinas","20":"tag-latvijas-zinas","21":"tag-lv","22":"tag-zinas"},"share_on_mastodon":{"url":"https:\/\/pubeurope.com\/@lv\/115507715312070861","error":""},"_links":{"self":[{"href":"https:\/\/www.europesays.com\/lv\/wp-json\/wp\/v2\/posts\/42379","targetHints":{"allow":["GET"]}}],"collection":[{"href":"https:\/\/www.europesays.com\/lv\/wp-json\/wp\/v2\/posts"}],"about":[{"href":"https:\/\/www.europesays.com\/lv\/wp-json\/wp\/v2\/types\/post"}],"author":[{"embeddable":true,"href":"https:\/\/www.europesays.com\/lv\/wp-json\/wp\/v2\/users\/2"}],"replies":[{"embeddable":true,"href":"https:\/\/www.europesays.com\/lv\/wp-json\/wp\/v2\/comments?post=42379"}],"version-history":[{"count":0,"href":"https:\/\/www.europesays.com\/lv\/wp-json\/wp\/v2\/posts\/42379\/revisions"}],"wp:featuredmedia":[{"embeddable":true,"href":"https:\/\/www.europesays.com\/lv\/wp-json\/wp\/v2\/media\/42380"}],"wp:attachment":[{"href":"https:\/\/www.europesays.com\/lv\/wp-json\/wp\/v2\/media?parent=42379"}],"wp:term":[{"taxonomy":"category","embeddable":true,"href":"https:\/\/www.europesays.com\/lv\/wp-json\/wp\/v2\/categories?post=42379"},{"taxonomy":"post_tag","embeddable":true,"href":"https:\/\/www.europesays.com\/lv\/wp-json\/wp\/v2\/tags?post=42379"}],"curies":[{"name":"wp","href":"https:\/\/api.w.org\/{rel}","templated":true}]}}