{"id":42505,"date":"2025-11-07T12:08:14","date_gmt":"2025-11-07T12:08:14","guid":{"rendered":"https:\/\/www.europesays.com\/lv\/42505\/"},"modified":"2025-11-07T12:08:14","modified_gmt":"2025-11-07T12:08:14","slug":"lusis-komente-%e2%9f%a9-satversmes-preambula-paver-durvis-migrantiem-dzenderiem-un-bernu-dzimumu-mainai","status":"publish","type":"post","link":"https:\/\/www.europesays.com\/lv\/42505\/","title":{"rendered":"L\u016aSIS KOMENT\u0112 \u27e9 Satversmes preambula paver durvis migrantiem, d\u017eenderiem un b\u0113rnu dzimumu mai\u0146ai"},"content":{"rendered":"<p>Atliek tikai k\u0101rt\u012bg\u0101k izlas\u012bt preambulu, lai b\u016btu skaidrs, k\u0101di ir patiesie m\u0113r\u0137i, k\u0101lab to savulaik ieviesa. Rau, ko varas nopirktie mediji jums nest\u0101sta.\u00a0<\/p>\n<p>Preambul\u0101 teikts: \u201cLatvija k\u0101 demokr\u0101tiska, tiesiska, soci\u0101li atbild\u012bga un nacion\u0101la valsts balst\u0101s uz cilv\u0113ka cie\u0146u un br\u012bv\u012bbu, atz\u012bst un aizsarg\u0101 cilv\u0113ka pamatties\u012bbas un ciena maz\u0101kumtaut\u012bbas.\u201d Tagad atliek vien pietiekami lielai da\u013cai sabiedr\u012bbas nolemt, ka \u201ccilv\u0113ka pamatties\u012bbas\u201d ir b\u016bt inform\u0113tam par piecdesmit da\u017e\u0101diem dzimumiem, un Satversmes preambula b\u016bt\u012bb\u0101 piespied\u012bs par to m\u0101c\u012bt jau skol\u0101s un b\u0113rnud\u0101rzos. Kuru katru mirkli tas s\u0101ks notikt.<\/p>\n","protected":false},"excerpt":{"rendered":"Atliek tikai k\u0101rt\u012bg\u0101k izlas\u012bt preambulu, lai b\u016btu skaidrs, k\u0101di ir patiesie m\u0113r\u0137i, k\u0101lab to savulaik ieviesa. Rau, ko&hellip;\n","protected":false},"author":2,"featured_media":42506,"comment_status":"","ping_status":"","sticky":false,"template":"","format":"standard","meta":{"footnotes":""},"categories":[5],"tags":[23,28,29,32,33,22,30,31,35,39,38,36,37,34,239,40,20,26,27,2022,2023,238,24,25,240,21],"class_list":{"0":"post-42505","1":"post","2":"type-post","3":"status-publish","4":"format-standard","5":"has-post-thumbnail","7":"category-aktualitates","8":"tag-aktualitates","9":"tag-breaking-news","10":"tag-breakingnews","11":"tag-featured-news","12":"tag-featurednews","13":"tag-headlines","14":"tag-latest-news","15":"tag-latestnews","16":"tag-latvia","17":"tag-latvian","18":"tag-latviesu","19":"tag-latviesu-valoda","20":"tag-latviesuvaloda","21":"tag-latvija","22":"tag-lusis-komente","23":"tag-lv","24":"tag-news","25":"tag-popularakas-zinas","26":"tag-popularakaszinas","27":"tag-satversme","28":"tag-stambulas-konvencija","29":"tag-toms-lusis","30":"tag-top-stories","31":"tag-topstories","32":"tag-tvnet-viedokli","33":"tag-zinas"},"share_on_mastodon":{"url":"https:\/\/pubeurope.com\/@lv\/115508340486685055","error":""},"_links":{"self":[{"href":"https:\/\/www.europesays.com\/lv\/wp-json\/wp\/v2\/posts\/42505","targetHints":{"allow":["GET"]}}],"collection":[{"href":"https:\/\/www.europesays.com\/lv\/wp-json\/wp\/v2\/posts"}],"about":[{"href":"https:\/\/www.europesays.com\/lv\/wp-json\/wp\/v2\/types\/post"}],"author":[{"embeddable":true,"href":"https:\/\/www.europesays.com\/lv\/wp-json\/wp\/v2\/users\/2"}],"replies":[{"embeddable":true,"href":"https:\/\/www.europesays.com\/lv\/wp-json\/wp\/v2\/comments?post=42505"}],"version-history":[{"count":0,"href":"https:\/\/www.europesays.com\/lv\/wp-json\/wp\/v2\/posts\/42505\/revisions"}],"wp:featuredmedia":[{"embeddable":true,"href":"https:\/\/www.europesays.com\/lv\/wp-json\/wp\/v2\/media\/42506"}],"wp:attachment":[{"href":"https:\/\/www.europesays.com\/lv\/wp-json\/wp\/v2\/media?parent=42505"}],"wp:term":[{"taxonomy":"category","embeddable":true,"href":"https:\/\/www.europesays.com\/lv\/wp-json\/wp\/v2\/categories?post=42505"},{"taxonomy":"post_tag","embeddable":true,"href":"https:\/\/www.europesays.com\/lv\/wp-json\/wp\/v2\/tags?post=42505"}],"curies":[{"name":"wp","href":"https:\/\/api.w.org\/{rel}","templated":true}]}}