{"id":42526,"date":"2025-11-07T12:35:09","date_gmt":"2025-11-07T12:35:09","guid":{"rendered":"https:\/\/www.europesays.com\/lv\/42526\/"},"modified":"2025-11-07T12:35:09","modified_gmt":"2025-11-07T12:35:09","slug":"roja-trauceta-lmt-tikla-darbiba-bazes-stacijas-modernizacijas-del-lente-lv","status":"publish","type":"post","link":"https:\/\/www.europesays.com\/lv\/42526\/","title":{"rendered":"Roj\u0101 trauc\u0113ta LMT t\u012bkla darb\u012bba b\u0101zes stacijas moderniz\u0101cijas d\u0113\u013c\u00a0\u2014\u00a0Lente.lv"},"content":{"rendered":"<p>Trauc\u0113jumi LMT t\u012bkl\u0101 Roj\u0101 moderniz\u0101cijas darbu d\u0113\u013c<\/p>\n<p>Roj\u0101 \u0161odien, 7. novembr\u012b, nov\u0113roti b\u016btiski trauc\u0113jumi mobilo sakaru operatora LMT t\u012bkla darb\u012bb\u0101. \u0160\u012bs ne\u0113rt\u012bbas radu\u0161\u0101s pl\u0101noto Rojas b\u0101zes stacijas moderniz\u0101cijas darbu d\u0113\u013c. Lai gan ir paredzami \u012bslaic\u012bgi p\u0101rtraukumi, uz\u0146\u0113mums sola, ka visi moderniz\u0101cijas darbi tiks pabeigti l\u012bdz \u0161\u012b vakara beig\u0101m, atjaunojot pilnv\u0113rt\u012bgu pakalpojumu pieejam\u012bbu.<\/p>\n<p>\u0160ie moderniz\u0101cijas procesi ir nepiecie\u0161ami, lai nodro\u0161in\u0101tu LMT t\u012bkla efektivit\u0101ti, \u0101trumu un stabilit\u0101ti n\u0101kotn\u0113. Lai gan \u0161\u0101du darbu laik\u0101 klienti var saskarties ar \u012bslaic\u012bgiem sign\u0101la zudumiem vai pakalpojumu p\u0101rtraukumiem, uz\u0146\u0113mums ir ap\u0146\u0113mies tos minimiz\u0113t un p\u0113c iesp\u0113jas \u0101tr\u0101k atgriezties pie ierast\u0101 darba re\u017e\u012bma. K\u0101 nor\u0101da LMT p\u0101rst\u0101vji, \u0161\u0101di tehniskie darbi var rad\u012bt \u012bslaic\u012bgas ne\u0113rt\u012bbas, ta\u010du to m\u0113r\u0137is ir uzlabot pakalpojumu kvalit\u0101ti un nodro\u0161in\u0101t stabil\u0101kus sakarus n\u0101kotn\u0113.<\/p>\n<p>LMT grupas finansi\u0101lais st\u0101voklis un \u012bpa\u0161umties\u012bbas<\/p>\n<p>Neatkar\u012bgi no ikdienas operacion\u0101lajiem izaicin\u0101jumiem, LMT grupas finan\u0161u st\u0101voklis \u0161\u0137iet stabils. P\u0113c provizoriskiem datiem, pag\u0101ju\u0161aj\u0101 gad\u0101 grupas apgroz\u012bjums sasniedzis 309,6 miljonus eiro, kas ir neliels pieaugums \u2013 0,5% \u2013 sal\u012bdzin\u0101jum\u0101 ar 2023. gadu. \u0160ie skait\u013ci liecina par uz\u0146\u0113muma sp\u0113ju notur\u0113t savas poz\u012bcijas dinamiskaj\u0101 tirg\u016b. LMT kapit\u0101l\u0101 da\u013cas pieder vair\u0101kiem noz\u012bm\u012bgiem akcion\u0101riem: Zviedrijas &#8220;Telia Company&#8221; un t\u0101s meitasuz\u0146\u0113mumam &#8220;Sonera Holding&#8221; kop\u0101 ir 49% akciju. Pa 23% pieder SIA &#8220;Tet&#8221; un VAS &#8220;Latvijas Valsts radio un telev\u012bzijas centrs&#8221; (LVRTC), savuk\u0101rt 5% akciju kontrol\u0113 SIA &#8220;Publisko akt\u012bvu p\u0101rvald\u012bt\u0101js &#8220;Possessor&#8221;&#8221;.<\/p>\n","protected":false},"excerpt":{"rendered":"Trauc\u0113jumi LMT t\u012bkl\u0101 Roj\u0101 moderniz\u0101cijas darbu d\u0113\u013c Roj\u0101 \u0161odien, 7. novembr\u012b, nov\u0113roti b\u016btiski trauc\u0113jumi mobilo sakaru operatora LMT&hellip;\n","protected":false},"author":2,"featured_media":42527,"comment_status":"","ping_status":"","sticky":false,"template":"","format":"standard","meta":{"footnotes":""},"categories":[16],"tags":[9853,77,76,35,39,38,36,37,34,1213,40,12040,11632,12039],"class_list":{"0":"post-42526","1":"post","2":"type-post","3":"status-publish","4":"format-standard","5":"has-post-thumbnail","7":"category-bizness","8":"tag-bazes-stacijas-modernizacija","9":"tag-bizness","10":"tag-business","11":"tag-latvia","12":"tag-latvian","13":"tag-latviesu","14":"tag-latviesu-valoda","15":"tag-latviesuvaloda","16":"tag-latvija","17":"tag-lmt","18":"tag-lv","19":"tag-mobilo-sakaru-operatori","20":"tag-roja","21":"tag-tikla-traucejumi"},"share_on_mastodon":{"url":"https:\/\/pubeurope.com\/@lv\/115508447345360130","error":""},"_links":{"self":[{"href":"https:\/\/www.europesays.com\/lv\/wp-json\/wp\/v2\/posts\/42526","targetHints":{"allow":["GET"]}}],"collection":[{"href":"https:\/\/www.europesays.com\/lv\/wp-json\/wp\/v2\/posts"}],"about":[{"href":"https:\/\/www.europesays.com\/lv\/wp-json\/wp\/v2\/types\/post"}],"author":[{"embeddable":true,"href":"https:\/\/www.europesays.com\/lv\/wp-json\/wp\/v2\/users\/2"}],"replies":[{"embeddable":true,"href":"https:\/\/www.europesays.com\/lv\/wp-json\/wp\/v2\/comments?post=42526"}],"version-history":[{"count":0,"href":"https:\/\/www.europesays.com\/lv\/wp-json\/wp\/v2\/posts\/42526\/revisions"}],"wp:featuredmedia":[{"embeddable":true,"href":"https:\/\/www.europesays.com\/lv\/wp-json\/wp\/v2\/media\/42527"}],"wp:attachment":[{"href":"https:\/\/www.europesays.com\/lv\/wp-json\/wp\/v2\/media?parent=42526"}],"wp:term":[{"taxonomy":"category","embeddable":true,"href":"https:\/\/www.europesays.com\/lv\/wp-json\/wp\/v2\/categories?post=42526"},{"taxonomy":"post_tag","embeddable":true,"href":"https:\/\/www.europesays.com\/lv\/wp-json\/wp\/v2\/tags?post=42526"}],"curies":[{"name":"wp","href":"https:\/\/api.w.org\/{rel}","templated":true}]}}