{"id":42651,"date":"2025-11-07T14:51:07","date_gmt":"2025-11-07T14:51:07","guid":{"rendered":"https:\/\/www.europesays.com\/lv\/42651\/"},"modified":"2025-11-07T14:51:07","modified_gmt":"2025-11-07T14:51:07","slug":"foto-%e2%9f%a9-spraigas-cinas-par-godalgam-verienigaja-rigas-rudens-legendu-rogaininga-grizinkalna","status":"publish","type":"post","link":"https:\/\/www.europesays.com\/lv\/42651\/","title":{"rendered":"FOTO \u27e9 Spraigas c\u012b\u0146as par godalg\u0101m v\u0113rien\u012bgaj\u0101 R\u012bgas rudens le\u0123endu rogaining\u0101 Gr\u012bzi\u0146kaln\u0101"},"content":{"rendered":"<p>Sezonas divu lab\u0101ko komandu duelis nenotika, jo K\u0101rlis un Daina Stonkas nepiedal\u012bj\u0101s, bet Vlads Kutjavins ar J\u0101ni Zelti\u0146u no \u201cSakasXOne\u201d \u0161oreiz uzr\u0101d\u012bja tikai sept\u012bto rezult\u0101tu, ta\u010du internacion\u0101lajam duetam ar to pietika uzvarai sezonas kopv\u0113rt\u0113jum\u0101.<\/p>\n<p>\u201cMAGNESIA\u201d 2h O-run pirmajiem diviem \u2013 triatlonistam Oskaram Cimermanim (75) un O\u013cegam Nikolajevam (71) \u2013 \u013coti atz\u012bstams sniegums, sav\u0101cot vair\u0101k par 70 punktiem. Ar 63 punktiem tre\u0161o vietu ieguva kopv\u0113rt\u0113juma uzvar\u0113t\u0101js J\u0101nis D\u016bka. Sieviet\u0113m uzvaru s\u0113riju turpin\u0101ja sezonas l\u012bdere An\u017eela \u0160apovalova (61 punkts), kurai tr\u012bs punktus piek\u0101p\u0101s iepriek\u0161\u0113jo sezonu l\u012bdere Anita U\u017eule. Tre\u0161\u0101 vieta Laurai V\u0101rtukapteinei.<\/p>\n<p>3h \u201cGERBLE\u201d MTB distanc\u0113 tre\u0161o pan\u0101kumu guva un kopv\u0113rt\u0113juma l\u012bderpoz\u012bcijas nostiprin\u0101ja \u0161\u012b gada Master velo orient\u0113\u0161an\u0101s pasaules \u010dempions M\u0101rti\u0146\u0161 Linde, kuram 176 punkti, par \u010detriem apsteidzot laika limitu p\u0101rt\u0113r\u0113ju\u0161o pirm\u0101 posma uzvar\u0113t\u0101ju Raiti Mui\u017enieku, kuram n\u0101c\u0101s \u0161\u0137irties no da\u017eiem punktiem, bet tas netrauc\u0113ja pak\u0101pties uz otro vietu kopv\u0113rt\u0113jum\u0101. C\u012b\u0146\u0101 par tre\u0161o vietu M\u0101rti\u0146u starp\u0101 L\u012bsmanis apsteidza Godi\u0146u.<\/p>\n<p>Sieviet\u0113m bija \u013coti spraiga c\u012b\u0146a. Otro reizi sezon\u0101 Inese Kau\u0137e c\u012b\u0146\u0101 par uzvaru ieguva vien\u0101du punktu skaitu ar k\u0101du citu konkurenti un atkal ie\u0146\u0113ma otro vietu, jo \u0161oreiz nedaudz maz\u0101k distanc\u0113 bija pavad\u012bjusi pasaules un Eiropas \u010dempion\u0101tu dal\u012bbniece no Igaunijas Eleri Hirva. Tikai punkts maz\u0101k lietuvietei Monikai Martu\u0161itei, kurai tre\u0161\u0101 vieta, aiz sevis atst\u0101jot v\u0113l divas sp\u0113c\u012bgas tautietes. Neskatoties uz sesto vietu, kopv\u0113rt\u0113jum\u0101 l\u012bderpoz\u012bcijas saglab\u0101ja Dina Zobena.<\/p>\n<p>\u0160ogad ieviestaj\u0101 jaunin\u0101jum\u0101 \u2013 TVNET+ Uz\u0146\u0113mumu izaicin\u0101juma balv\u0101 R\u012bg\u0101 lab\u0101kie bija Kinetics running team, kas aiz sevis atst\u0101ja IF Insurance un Wellman, kuriem tika kopv\u0113rt\u0113juma tituls. Vair\u0101k par Le\u0123endu rogainingu var las\u012bt rogainings.lv<\/p>\n","protected":false},"excerpt":{"rendered":"Sezonas divu lab\u0101ko komandu duelis nenotika, jo K\u0101rlis un Daina Stonkas nepiedal\u012bj\u0101s, bet Vlads Kutjavins ar J\u0101ni Zelti\u0146u&hellip;\n","protected":false},"author":2,"featured_media":42652,"comment_status":"","ping_status":"","sticky":false,"template":"","format":"standard","meta":{"footnotes":""},"categories":[17],"tags":[35,39,38,36,37,34,40,3245,172,67],"class_list":{"0":"post-42651","1":"post","2":"type-post","3":"status-publish","4":"format-standard","5":"has-post-thumbnail","7":"category-sports","8":"tag-latvia","9":"tag-latvian","10":"tag-latviesu","11":"tag-latviesu-valoda","12":"tag-latviesuvaloda","13":"tag-latvija","14":"tag-lv","15":"tag-orientesanas","16":"tag-riga","17":"tag-sports"},"share_on_mastodon":{"url":"https:\/\/pubeurope.com\/@lv\/115508981432485741","error":""},"_links":{"self":[{"href":"https:\/\/www.europesays.com\/lv\/wp-json\/wp\/v2\/posts\/42651","targetHints":{"allow":["GET"]}}],"collection":[{"href":"https:\/\/www.europesays.com\/lv\/wp-json\/wp\/v2\/posts"}],"about":[{"href":"https:\/\/www.europesays.com\/lv\/wp-json\/wp\/v2\/types\/post"}],"author":[{"embeddable":true,"href":"https:\/\/www.europesays.com\/lv\/wp-json\/wp\/v2\/users\/2"}],"replies":[{"embeddable":true,"href":"https:\/\/www.europesays.com\/lv\/wp-json\/wp\/v2\/comments?post=42651"}],"version-history":[{"count":0,"href":"https:\/\/www.europesays.com\/lv\/wp-json\/wp\/v2\/posts\/42651\/revisions"}],"wp:featuredmedia":[{"embeddable":true,"href":"https:\/\/www.europesays.com\/lv\/wp-json\/wp\/v2\/media\/42652"}],"wp:attachment":[{"href":"https:\/\/www.europesays.com\/lv\/wp-json\/wp\/v2\/media?parent=42651"}],"wp:term":[{"taxonomy":"category","embeddable":true,"href":"https:\/\/www.europesays.com\/lv\/wp-json\/wp\/v2\/categories?post=42651"},{"taxonomy":"post_tag","embeddable":true,"href":"https:\/\/www.europesays.com\/lv\/wp-json\/wp\/v2\/tags?post=42651"}],"curies":[{"name":"wp","href":"https:\/\/api.w.org\/{rel}","templated":true}]}}