{"id":42717,"date":"2025-11-07T15:48:09","date_gmt":"2025-11-07T15:48:09","guid":{"rendered":"https:\/\/www.europesays.com\/lv\/42717\/"},"modified":"2025-11-07T15:48:09","modified_gmt":"2025-11-07T15:48:09","slug":"veselibas-nozares-profesionaliem-pasniegti-mk-atzinibas-raksti-un-veselibas-ministrijas-apbalvojumi","status":"publish","type":"post","link":"https:\/\/www.europesays.com\/lv\/42717\/","title":{"rendered":"Vesel\u012bbas nozares profesion\u0101\u013ciem pasniegti MK Atzin\u012bbas raksti un Vesel\u012bbas ministrijas apbalvojumi"},"content":{"rendered":"<p>Lai godin\u0101tu izcilus vesel\u012bbas apr\u016bpes, sabiedr\u012bbas vesel\u012bbas un farm\u0101cijas jomas profesion\u0101\u013cus par vi\u0146u noz\u012bm\u012bgo ieguld\u012bjumu Latvijas vesel\u012bbas sist\u0113mas stiprin\u0101\u0161an\u0101 un att\u012bst\u012bb\u0101, piektdien, 7. novembr\u012b, notika svin\u012bg\u0101 apbalvo\u0161anas ceremonija, kur\u0101 vesel\u012bbas ministrs Hosams Abu Meri pasniedza Ministru kabineta Atzin\u012bbas rakstus, k\u0101 ar\u012b Vesel\u012bbas ministrijas Atzin\u012bbas un Pateic\u012bbas rakstus.<\/p>\n<p>Pas\u0101kums tradicion\u0101li notiek valsts sv\u0113tku m\u0113nes\u012b \u2013 laik\u0101, kad \u012bpa\u0161i godin\u0101m cilv\u0113kus, kuri ar savu profesionalit\u0101ti un zin\u0101\u0161an\u0101m stiprina Latviju, un vienlaikus vesel\u012bbas nozar\u0113 ir vistuv\u0101k cilv\u0113kam \u2013 pacientam, sniedzot pal\u012bdz\u012bbu un apr\u016bpi br\u012b\u017eos, kad tas nepiecie\u0161ams.<\/p>\n<p>\u201cCilv\u0113ki ir vesel\u012bbas apr\u016bpes sist\u0113mas dz\u012bv\u012bbas asinsrite \u2013 pateicoties jums, t\u0101 elpo, aug un att\u012bst\u0101s. J\u016bsu zin\u0101\u0161anas, profesionalit\u0101te un sirds gudr\u012bba veido pamatu dro\u0161ai un cilv\u0113c\u012bgai vesel\u012bbas apr\u016bpei Latvij\u0101. Latvijas valsts sv\u0113tku ieska\u0146\u0101 man ir \u012bpa\u0161s gods pateikties ikvienam no jums \u2013 \u0101rstam, m\u0101sai, farmaceitam, apr\u016bp\u0113t\u0101jam, p\u0113tniekam, vesel\u012bbas politikas veidot\u0101jam un visiem, kas ar savu darbu ik dienu sarg\u0101 cilv\u0113ku vesel\u012bbu un dz\u012bv\u012bbu. J\u016bsu profesion\u0101lais sp\u0113ks un cilv\u0113c\u012bba ir m\u016bsu kop\u0113j\u0101 dro\u0161\u012bba \u2013\u00a0 J\u016bs esat tie, kas ar zin\u0101\u0161an\u0101m un l\u012bdzciet\u012bbu p\u0101rv\u0113r\u0161 izaicin\u0101jumus izaugsm\u0113 un stiprina m\u016bsu valsts vesel\u012bbas pamatus. \u0160\u012b ir skaista trad\u012bcija valsts sv\u0113tku m\u0113nes\u012b b\u016bt kop\u0101, lepoties par paveikto un sajust, ka m\u0113s ikviens veidojam vesel\u0101ku un stipr\u0101ku Latviju,\u201d uzrun\u0101 sac\u012bja vesel\u012bbas ministrs Hosams Abu Meri.<\/p>\n<p>\u201c\u0160\u012b diena ir pateic\u012bba cilv\u0113kiem, kuru darbs ik dienu veido m\u016bsu vesel\u012bbas apr\u016bpes sist\u0113mas sp\u0113ku un uzticam\u012bbu. Simboliski, ka ceremonija notiek R\u012bgas Stradi\u0146a universit\u0101tes Aul\u0101 \u2013 viet\u0101, kur izgl\u012bt\u012bbu ieg\u016bst n\u0101kam\u0101s paaudzes vesel\u012bbas apr\u016bpes speci\u0101listi, un tas apliecina pieredzes, zin\u0101\u0161anu un profesion\u0101lo v\u0113rt\u012bbu p\u0113ctec\u012bbu. Cilv\u0113ki, kuri ar savu darbu un p\u0101rliec\u012bbu stiprina m\u016bsu valsts vesel\u012bbas sist\u0113mu un ar\u012b iedvesmo, ir m\u016bsu nozares balsti. Sirsn\u012bgi sveicu un pateicos ikvienam no jums,\u201d pau\u017e Vesel\u012bbas ministrijas valsts sekret\u0101re Agnese Va\u013culiene.<\/p>\n<p>Ministru kabineta Atzin\u012bbas raksts pie\u0161\u0137irts diviem nozares izvirz\u012btajiem kandid\u0101tiem, bet Vesel\u012bbas ministrijas Atzin\u012bbas rakstu un Pateic\u012bbas rakstu kopum\u0101 sa\u0146em 106 nozares profesion\u0101\u013ci.<\/p>\n<p>Ar Ministru kabineta Atzin\u012bbas rakstu apbalvoti:<\/p>\n<ul>&#13;<\/p>\n<li>par inovat\u012bvu un ilgtsp\u0113j\u012bgu pieeju att\u012bst\u012b\u0161anu neatliekam\u0101s medic\u012bnisk\u0101s pal\u012bdz\u012bbas nozar\u0113, k\u0101 ar\u012b efekt\u012bvas sadarb\u012bbas veicin\u0101\u0161anu Latvijas un starptautisk\u0101 m\u0113rog\u0101 Neatliekam\u0101s medic\u012bnisk\u0101s pal\u012bdz\u012bbas dienesta direktore\u00a0Liene Cipule;<\/li>\n<p>&#13;<\/p>\n<li>par sasniegumiem insulta \u0101rst\u0113\u0161an\u0101 un \u0101rstniec\u012bbas kvalit\u0101tes pilnveid\u0113 Latvij\u0101 un starptautisk\u0101 m\u0113rog\u0101 Paula Stradi\u0146a kl\u012bnisk\u0101 universit\u0101tes slimn\u012bcas Neirolo\u0123ijas kl\u012bnikas Insulta vien\u012bbas virs\u0101rsts, Dr. med. Kristaps Jurj\u0101ns.\u00a0<\/li>\n<p>&#13;\n<\/ul>\n<p>Ar Vesel\u012bbas ministrijas Atzin\u012bbas rakstu apbalvoti: <\/p>\n<ul>&#13;<\/p>\n<li>par ilggad\u0113ju, profesion\u0101lu darbu un ieguld\u012bjumu neatliekam\u0101s pal\u012bdz\u012bbas sist\u0113mas att\u012bst\u012bb\u0101 Neatliekam\u0101s medic\u012bnisk\u0101s pal\u012bdz\u012bbas dienesta direktora vietniece neatliekam\u0101s medic\u012bnisk\u0101s pal\u012bdz\u012bbas jaut\u0101jumos\u00a0M\u0101ra D\u012bri\u0146a;<\/li>\n<p>&#13;<\/p>\n<li>par noz\u012bm\u012bgu ieguld\u012bjumu vesel\u012bbas apr\u016bpes sist\u0113mas juridisko pamatu stiprin\u0101\u0161an\u0101, pacientu ties\u012bbu aizsardz\u012bbas veicin\u0101\u0161an\u0101 un akt\u012bvu iesaisti sabiedr\u012bbas inform\u0113\u0161an\u0101 par vesel\u012bbas ties\u012bb\u0101m; par profesion\u0101lu un atbild\u012bgu darbu, sekm\u0113jot tiesiski sak\u0101rtotu, dro\u0161u un pacientam pieejamu vesel\u012bbas apr\u016bpes vidi Latvij\u0101,\u00a0vesel\u012bbas ministra \u0101r\u0161tata padomniece \u0101rstu un pacientu ties\u012bbu jaut\u0101jumos\u00a0Karina Palkova;<\/li>\n<p>&#13;<\/p>\n<li>par m\u016b\u017ea ieguld\u012bjumu gastroenterolo\u0123ijas nozar\u0113 un noz\u012bm\u012bgu ieguld\u012bjumu m\u0101su profesijas att\u012bst\u012bb\u0101, par pa\u0161aizliedz\u012bbu, augstu profesionalit\u0101ti un cilv\u0113c\u012bgu attieksmi, kas k\u013cuvusi par iedvesmas avotu kol\u0113\u0123iem un pacientiem daudzu gadu garum\u0101,\u00a0SIA \u201cVesel\u012bbas centra 4\u201d medm\u0101sa Sandra T\u0113vi\u0146a;<\/li>\n<p>&#13;<\/p>\n<li>par m\u016b\u017ea ieguld\u012bjumu, pa\u0161aizliedz\u012bgu un atbild\u012bgu darbu, kas b\u016btiski veicin\u0101jis endoskopisko izmekl\u0113jumu kvalit\u0101tes uzlabo\u0161anu un nozares att\u012bst\u012bbu Latvij\u0101,\u00a0AS \u201cVesel\u012bbas centru apvien\u012bba\u201d gastroenterolo\u0123e, endoskopiste Ga\u013cina \u010cui;<\/li>\n<p>&#13;<\/p>\n<li>par pa\u0161aizliedz\u012bgu, profesion\u0101lu un ilggad\u0113ju darbu traumatolo\u0123ijas un ortop\u0113dijas jom\u0101, noz\u012bm\u012bgu ieguld\u012bjumu pacientu vesel\u012bbas atjauno\u0161an\u0101, k\u0101 ar\u012b augstu atbild\u012bbas saj\u016btu un emp\u0101tiju ikdienas darb\u0101\u00a0 AS \u201cVesel\u012bbas centru apvien\u012bba\u201d traumatologs-ortop\u0113ds Rafaels Visams;<\/li>\n<p>&#13;<\/p>\n<li>par nesavt\u012bgu darbu, ilgtermi\u0146a ieguld\u012bjumu vesel\u012bbas apr\u016bpes nozar\u0113\u00a0SIA \u201cJelgavas pils\u0113tas slimn\u012bca\u201d visp\u0101r\u0113j\u0101s apr\u016bpes m\u0101sa\u00a0Nat\u0101lija Basalaja;<\/li>\n<p>&#13;<\/p>\n<li>par nenov\u0113rt\u0113jamo ieguld\u012bjumu Latvijas sabiedr\u012bbas vesel\u012bbas politikas veido\u0161an\u0101, akt\u012bvi iesaistoties pier\u0101d\u012bjumos balst\u012btus ieteikumu, argumentu un risin\u0101jumu izstr\u0101d\u0113 da\u017e\u0101du sabiedr\u012bbas vesel\u012bbas probl\u0113mu mazin\u0101\u0161anai,\u00a0Pasaules Vesel\u012bbas organiz\u0101cijas Latvijas p\u0101rst\u0101vniec\u012bbas vad\u012bt\u0101ja Karina Z\u0101l\u012bte;<\/li>\n<p>&#13;<\/p>\n<li>par ilggad\u0113ju, profesion\u0101lu darbu un noz\u012bm\u012bgu ieguld\u012bjumu vesel\u012bbas apr\u016bp\u0113 SIA \u201cGremo\u0161anas slim\u012bbu centrs \u201cGastro\u201d \u201d endoskopists, anesteziologs-reanimatologs Aigars Vanags;<\/li>\n<p>&#13;<\/p>\n<li>par noz\u012bm\u012bgu ieguld\u012bjumu Valsts soci\u0101l\u0101s apr\u016bpes centra \u201cZemgale\u201d klientu vesel\u012bbas saglab\u0101\u0161an\u0101, uzlabo\u0161an\u0101 un slim\u012bbu profilaks\u0113 fili\u0101les \u201cR\u016bja\u201d zob\u0101rste Ingr\u012bda Kalni\u0146a;<\/li>\n<p>&#13;<\/p>\n<li>par profesion\u0101lu darbu un nopelniem Latvijas \u0137irur\u0123ijas att\u012bst\u012bb\u0101 VSIA \u201cPaula Stradi\u0146a kl\u012bnisk\u0101 universit\u0101tes slimn\u012bca\u201d \u0136irur\u0123ijas kl\u012bnikas, atbild\u012bgais \u0101rsts aug\u0161\u0113j\u0101 gremo\u0161anas trakta \u0137irur\u0123ij\u0101 M\u0101ris Pav\u0101rs;<\/li>\n<p>&#13;<\/p>\n<li>par ilggad\u0113ju, profesion\u0101lu darbu un ieguld\u012bjumu vesel\u012bbas apr\u016bp\u0113 VSIA \u201cPaula Stradi\u0146a kl\u012bnisk\u0101 universit\u0101tes slimn\u012bca\u201d Latvijas Kardiolo\u0123ijas centra ambulatorisk\u0101 un diagnostisks noda\u013cas virsm\u0101sa Ilze Ro\u017ekalne;<\/li>\n<p>&#13;<\/p>\n<li>par m\u016b\u017ea ieguld\u012bjumu Latvijas vesel\u012bbas apr\u016bp\u0113 prof. Juris Salaks;<\/li>\n<p>&#13;<\/p>\n<li>par ilggad\u0113jo un noz\u012bm\u012bgo ieguld\u012bjumu laborator\u0101s medic\u012bnas jom\u0101, \u0101rstu t\u0101l\u0101kizgl\u012bt\u012bb\u0101, jauno speci\u0101listu apm\u0101c\u012bb\u0101 un SIA \u201cCentr\u0101l\u0101 laboratorija\u201d sekm\u012bg\u0101 darb\u012bb\u0101\u00a0laboratorijas \u0101rste\u00a0Ludmila Fi\u013cip\u010denko;<\/li>\n<p>&#13;<\/p>\n<li>par profesion\u0101lo darbu, ieguld\u012bjumu neiro\u0137irur\u0123ijas att\u012bst\u012bb\u0101 un jauno speci\u0101listu izgl\u012bto\u0161an\u0101 SIA \u201cR\u012bgas Austrumu kl\u012bnisk\u0101 universit\u0101tes slimn\u012bca\u201d stacion\u0101ra \u201cGai\u013cezers\u201d Neiro\u0137irur\u0123ijas noda\u013cas virs\u0101rsts K\u0101rlis Bic\u0101ns;<\/li>\n<p>&#13;<\/p>\n<li>par ilggad\u0113ju, apzin\u012bgu un priek\u0161z\u012bm\u012bgu darbu gar\u012bg\u0101s vesel\u012bbas apr\u016bpes jom\u0101 un person\u012bgo ieguld\u012bjumu pacientu apr\u016bpes person\u0101la profesion\u0101laj\u0101 izaugsm\u0113 VSIA \u201cPiej\u016bras slimn\u012bca\u201d galven\u0101 m\u0101sa Indra Zeme;<\/li>\n<p>&#13;<\/p>\n<li>par ilggad\u0113ju, profesion\u0101lu, nesavt\u012bgu un sabiedr\u012bbai noz\u012bm\u012bgu darbu medic\u012bn\u0101 un ieguld\u012bjumu jauno \u0101rstu apm\u0101c\u012bb\u0101 un vesel\u012bbas apr\u016bpes kvalit\u0101tes att\u012bst\u012bb\u0101 Vidzemes re\u0123ion\u0101 SIA \u201cVidzemes slimn\u012bca\u201d Dzemd\u012bbu un ginekolo\u0123ijas noda\u013cas ginekolo\u0123e, dzemd\u012bbu speci\u0101liste In\u0101ra Muceniece;<\/li>\n<p>&#13;<\/p>\n<li>par ilggad\u0113ju darbu mikrobiolo\u0123ijas jom\u0101 un m\u016b\u017ea ieguld\u012bjumu SIA \u201cVidzemes slimn\u012bca\u201d laboratorijas att\u012bst\u012bb\u0101, kvalit\u0101tes vad\u012bbas sist\u0113mas izveid\u0113 un uztur\u0113\u0161an\u0101, jaun\u0101s paaudzes speci\u0101listu profesion\u0101laj\u0101 izaugsm\u0113 SIA \u201cVidzemes slimn\u012bca\u201d laboratorijas mikrobiolo\u0123ijas \u0101rste Anto\u0146ina Mui\u017ezemniece;<\/li>\n<p>&#13;<\/p>\n<li>par noz\u012bm\u012bgo ieguld\u012bjumu psihiatrijas nozares att\u012bst\u012bb\u0101, profesion\u0101lo un\u00a0 pa\u0161aizliedz\u012bgo darbu pacientu lab\u0101\u00a0SIA \u201cVidzemes slimn\u012bca\u201d\u00a0Ambulator\u0101s da\u013cas psihiatrs Egons Aumeisters;<\/li>\n<p>&#13;<\/p>\n<li>par ilggad\u0113ju, profesion\u0101lu un atbild\u012bgu darbu SIA \u201cVidzemes slimn\u012bca\u201d Diagnostisk\u0101s radiolo\u0123ijas noda\u013cas radiologa asistente Rota Pir\u012bte;<\/li>\n<p>&#13;<\/p>\n<li>par atbild\u012bgu, sabiedriski noz\u012bm\u012bgu darbu un\u00a0 ieguld\u012bjumu vesel\u012bbas apr\u016bpes jomas juridiskaj\u0101 att\u012bst\u012bb\u0101 SIA \u201cVidzemes slimn\u012bca\u201d juriste medic\u012bnas ties\u012bb\u0101s Rud\u012bte Motte;<\/li>\n<p>&#13;<\/p>\n<li>par ilggad\u0113ju, profesion\u0101lu darbu un ieguld\u012bjumu b\u0113rnu vesel\u012bbas apr\u016bp\u0113 Madonas novad\u0101 SIA \u201cMadonas slimn\u012bca\u201d\u00a0B\u0113rnu noda\u013cas pediatre\u00a0Marija Kucina;<\/li>\n<p>&#13;<\/p>\n<li>par ilggad\u0113ju, pa\u0161aizliedz\u012bgu darbu, profesion\u0101lu ieguld\u012bjumu \u0137irur\u0123ijas att\u012bst\u012bb\u0101 un jauno kol\u0113\u0123u apm\u0101c\u012bb\u0101\u00a0SIA \u201cMadonas slimn\u012bca\u201d\u00a0\u0137irurgs\u00a0Ivars Pud\u0101ns;<\/li>\n<p>&#13;<\/p>\n<li>par godpr\u0101t\u012bgu, rado\u0161u un ilggad\u0113ju darbu un iev\u0113rojamu ieguld\u012bjumu vesel\u012bbas apr\u016bpes nozares att\u012bst\u012bb\u0101 neirolo\u0123ijas jom\u0101 SIA \u201cLiep\u0101jas re\u0123ion\u0101l\u0101 slimn\u012bca\u201d Neirolo\u0123ijas noda\u013cas virs\u0101rste, neirolo\u0123e Tatjana Krasnopjorova;<\/li>\n<p>&#13;<\/p>\n<li>par m\u016b\u017ea ieguld\u012bjumu SIA \u201cPriekules slimn\u012bcas\u201d att\u012bst\u012bb\u0101\u00a0SIA \u201cPriekules slimn\u012bca\u201d valdes locekle, anesteziologs-reanimatologs\u00a0Tatjana E\u0161envalde;<\/li>\n<p>&#13;<\/p>\n<li>par noz\u012bm\u012bgu un nenov\u0113rt\u0113jamu personisko ieguld\u012bjumu m\u016bzikas terapijas profesijas veido\u0161an\u0101 un att\u012bst\u012bb\u0101 Latvij\u0101 Latvijas M\u016bzikas terapijas asoci\u0101cijas m\u016bzikas terapeite Mirdza Paipare;<\/li>\n<p>&#13;<\/p>\n<li>par ieguld\u012bjumu Latvijas vesel\u012bbas apr\u016bpes sist\u0113mas att\u012bst\u012bb\u0101 un pilnveido\u0161an\u0101 R\u012bgas Stradi\u0146a universit\u0101tes Sabiedr\u012bbas vesel\u012bbas instit\u016bta profesore Gunta Lazd\u0101ne;<\/li>\n<p>&#13;<\/p>\n<li>par noz\u012bm\u012bgu ieguld\u012bjumu Latvijas vesel\u012bbas nozar\u0113, jauno speci\u0101listu profesion\u0101laj\u0101 apm\u0101c\u012bb\u0101, minim\u0101li invaz\u012bv\u0101s \u0137irur\u0123ijas att\u012bst\u012bb\u0101 un modernu oper\u0101ciju tehniku ievie\u0161an\u0101 Latvij\u0101\u00a0SIA \u201cC\u0113su kl\u012bnika\u201d \u0137irurgs\u00a0Gundars Forstmanis;<\/li>\n<p>&#13;<\/p>\n<li>par ilggad\u0113ju un godpr\u0101t\u012bgu darbu vesel\u012bbas apr\u016bpes nozar\u0113 VSIA \u201cDaugavpils psihoneirolo\u0123isk\u0101 slimn\u012bca\u201d Finan\u0161u vad\u012bbas un pl\u0101no\u0161anas noda\u013cas galven\u0101 ekonomiste Ludmila Krupe\u0146ko;<\/li>\n<p>&#13;<\/p>\n<li>par ilggad\u0113ju un noz\u012bm\u012bgu ieguld\u012bjumu Latvijas vesel\u012bbas apr\u016bp\u0113, infektolo\u0123ijas att\u012bst\u012bb\u0101 un sabiedr\u012bbas vesel\u012bbas aizsardz\u012bb\u0101 SIA \u201cZieme\u013ckurzemes re\u0123ion\u0101l\u0101 slimn\u012bca\u201d Infekciju noda\u013cas vad\u012bt\u0101ja, \u0101rsts infektologs Gunta Andersone;<\/li>\n<p>&#13;<\/p>\n<li>par ilggad\u0113ju un noz\u012bm\u012bgu ieguld\u012bjumu Latvijas vesel\u012bbas apr\u016bp\u0113, re\u0123ion\u0101l\u0101s medic\u012bnas att\u012bst\u012bb\u0101 un sabiedr\u012bbas vesel\u012bbas stiprin\u0101\u0161an\u0101\u00a0SIA \u201cZieme\u013ckurzemes re\u0123ion\u0101l\u0101 slimn\u012bca\u201d valdes loceklis, \u0137irurgs Dainis G\u012blis;<\/li>\n<p>&#13;<\/p>\n<li>par ilgu, apzin\u012bgu un priek\u0161z\u012bm\u012bgu darbu vesel\u012bbas apr\u016bp\u0113, par izcilu darba pien\u0101kumu veik\u0161anu un akt\u012bvu iesaist\u012b\u0161anos iedz\u012bvot\u0101ju vesel\u012bbas saglab\u0101\u0161an\u0101 un slim\u012bbu profilaks\u0113\u00a0SIA \u201cDziedniec\u012bba\u201d visp\u0101r\u0113j\u0101s apr\u016bpes m\u0101sa\u00a0Zoja Voite\u0161uka;<\/li>\n<p>&#13;<\/p>\n<li>par ilggad\u0113ju, pa\u0161aizliedz\u012bgu darbu medic\u012bn\u0101\u00a0SIA \u201cAl\u016bksnes slimn\u012bca\u201d \u0101rste Zita Skulte;<\/li>\n<p>&#13;<\/p>\n<li>par noz\u012bm\u012bgu ieguld\u012bjumu vesel\u012bbas apr\u016bpes sist\u0113mas sak\u0101rto\u0161an\u0101 un Nacion\u0101l\u0101 vesel\u012bbas ienesta m\u0113r\u0137u sasnieg\u0161an\u0101 Nacion\u0101l\u0101 vesel\u012bbas dienesta L\u012bgumpartneru departamenta Kurzemes noda\u013cas vad\u012bt\u0101ja Anita Zolmane;<\/li>\n<p>&#13;<\/p>\n<li>par noz\u012bm\u012bgu ieguld\u012bjumu vesel\u012bbas apr\u016bpes sist\u0113mas sak\u0101rto\u0161an\u0101 un Nacion\u0101l\u0101 vesel\u012bbas dienesta m\u0113r\u0137u sasnieg\u0161an\u0101\u00a0Nacion\u0101l\u0101 vesel\u012bbas dienesta L\u012bgumpartneru departamenta R\u012bgas noda\u013cas vad\u012bt\u0101ja\u00a0Ren\u0101te Neimane.<\/li>\n<p>&#13;\n<\/ul>\n<p>Ar Vesel\u012bbas ministrijas Pateic\u012bbas rakstu apbalvoti: <\/p>\n<ul>&#13;<\/p>\n<li>par ieguld\u012bjumu vesel\u012bbas nozares invest\u012bciju projektu pl\u0101no\u0161an\u0101, \u012bsteno\u0161an\u0101 un kapit\u0101lsabiedr\u012bbu uzraudz\u012bb\u0101 Vesel\u012bbas ministrijas\u00a0Kapit\u0101lsabiedr\u012bbu un invest\u012bciju uzraudz\u012bbas noda\u013cas vad\u012bt\u0101ja Ieva Ku\u0161\u0137e;<\/li>\n<p>&#13;<\/p>\n<li>par ilgtermi\u0146a ieguld\u012bjumu starptautisk\u0101s sadarb\u012bbas vesel\u012bbas nozar\u0113 veicin\u0101\u0161anu un nodro\u0161in\u0101\u0161anu\u00a0Vesel\u012bbas ministrijas Eiropas lietu un starptautisk\u0101s sadarb\u012bbas departamenta direktora vietnieks Aleksandrs Taka\u0161ovs;<\/li>\n<p>&#13;<\/p>\n<li>par nesavt\u012bgu darbu, ilgtermi\u0146a ieguld\u012bjumu vesel\u012bbas apr\u016bpes nozar\u0113 SIA \u201cR\u012bgas Austrumu kl\u012bnisk\u0101 universit\u0101tes slimn\u012bca\u201d neatliekam\u0101s medic\u012bnas \u0101rste Zane Baula;<\/li>\n<p>&#13;<\/p>\n<li>par nesavt\u012bgu darbu, ilgtermi\u0146a ieguld\u012bjumu vesel\u012bbas apr\u016bpes nozar\u0113 VSIA \u201cPaula Stradi\u0146a kl\u012bnisk\u0101 universit\u0101tes slimn\u012bca\u201d reanimatologs, anesteziologs Edgars Zell\u0101ns;<\/li>\n<p>&#13;<\/p>\n<li>par profesion\u0101lu, nesavt\u012bgu darbu un\u00a0 ieguld\u012bjumu vesel\u012bbas apr\u016bpes nozar\u0113 un SIA \u201cR\u012bgas Austrumu kl\u012bnisk\u0101 universit\u0101tes slimn\u012bca\u201d att\u012bst\u012bb\u0101\u00a0RAKUS valdes priek\u0161s\u0113d\u0113t\u0101js Haralds Plaudis;<\/li>\n<p>&#13;<\/p>\n<li>par ieguld\u012bjumu atkar\u012bbu izraiso\u0161as vielas lietojo\u0161o jaunie\u0161u integr\u0113tu vesel\u012bbas apr\u016bpes pakalpojumu izstr\u0101d\u0113\u00a0\u201cOPEN Rado\u0161ais Centrs\u201d dibin\u0101t\u0101js, vad\u012bt\u0101js\u00a0Edijs Klai\u0161is;<\/li>\n<p>&#13;<\/p>\n<li>par noz\u012bm\u012bgo ieguld\u012bjumu m\u0101sas profesijas att\u012bst\u012bbas veicin\u0101\u0161an\u0101 un papla\u0161in\u0101t\u0101s kompetences m\u0101sas lomas stiprin\u0101\u0161an\u0101, sniedzot b\u016btisku atbalstu vesel\u012bbas apr\u016bpes politikas veidot\u0101jiem Latvij\u0101, Pasaules Vesel\u012bbas organiz\u0101cijas Eiropas Re\u0123ion\u0101l\u0101 biroja M\u0101su un vecm\u0101\u0161u politikas padomniece\u00a0Margrieta Langins;<\/li>\n<p>&#13;<\/p>\n<li>par profesion\u0101lu un ilggad\u0113ju darbu, noz\u012bm\u012bgu ieguld\u012bjumu vesel\u012bbas apr\u016bpes nozar\u0113 un Latvijas radiolo\u0123ijas att\u012bst\u012bb\u0101 SIA \u201cR\u012bgas Austrumu kl\u012bnisk\u0101 universit\u0101tes slimn\u012bca\u201d Radiolo\u0123ijas noda\u013cas vad\u012bt\u0101js\u00a0Rom\u0101ns Bukb\u0101rdis;<\/li>\n<p>&#13;<\/p>\n<li>par ilggad\u0113ju, profesion\u0101lu darbu un b\u016btisku ieguld\u012bjumu VSIA \u201cB\u0113rnu kl\u012bnisk\u0101s universit\u0101tes slimn\u012bca\u201d digit\u0101lo risin\u0101jumu att\u012bst\u012bb\u0101\u00a0BKUS Inform\u0101ciju sist\u0113mu uztur\u0113\u0161anas un att\u012bst\u012bbas da\u013cas vad\u012bt\u0101ja Nora Kaufmane;<\/li>\n<p>&#13;<\/p>\n<li>par profesion\u0101lu, pa\u0161aizliedz\u012bgu darbu un noz\u012bm\u012bgu ieguld\u012bjumu Vesel\u012bbas ministrijas darb\u012bbas nodro\u0161in\u0101\u0161an\u0101 kr\u012bzes situ\u0101cij\u0101 Vesel\u012bbas ministrijas valsts sekret\u0101ra vietniece digitaliz\u0101cijas un p\u0101rmai\u0146u vad\u012bbas jaut\u0101jumos Aiga Balode;<\/li>\n<p>&#13;<\/p>\n<li>par noz\u012bm\u012bgu ieguld\u012bjumu narkolo\u0123isk\u0101s un psihiatrisk\u0101s pakalpojumu kvalit\u0101tes un pal\u012bdz\u012bbas snieg\u0161anas sist\u0113mas veido\u0161an\u0101 un \u012bsteno\u0161an\u0101 Latvij\u0101 VSIA \u201cSlimn\u012bca \u201c\u0122intermui\u017ea\u201d \u201d psihiatrs Art\u016brs Blekte;<\/li>\n<p>&#13;<\/p>\n<li>par noz\u012bm\u012bgu ieguld\u012bjumu pier\u0101d\u012bjumos balst\u012btu atkar\u012bbu profilakses programmu ievie\u0161an\u0101 Latvij\u0101, k\u0101 ar\u012b sm\u0113\u0137\u0113\u0161anas izplat\u012bbas un to rad\u012bto seku datu anal\u012bz\u0113 un priek\u0161likumu snieg\u0161an\u0101 atkar\u012bbu izraiso\u0161o vielu lieto\u0161anas ierobe\u017eo\u0161anas politikas uzlabo\u0161anai Latvij\u0101\u00a0Slim\u012bbu profilakses un kontroles centra Atkar\u012bbas slim\u012bbu riska anal\u012bzes noda\u013cas vec\u0101k\u0101 sabiedr\u012bbas vesel\u012bbas anal\u012bti\u0137e\u00a0Una M\u0101rti\u0146sone;<\/li>\n<p>&#13;<\/p>\n<li>par noz\u012bm\u012bgu ieguld\u012bjumu un akt\u012bvu iesaisti sm\u0113\u0137\u0113\u0161anas ierobe\u017eo\u0161anas regul\u0113juma izstr\u0101d\u0113 un ievie\u0161anas uzraudz\u012bb\u0101 Latvij\u0101 Vesel\u012bbas inspekcijas Sabiedr\u012bbas vesel\u012bbas departamenta Produktu dro\u0161uma un tirgus uzraudz\u012bbas noda\u013cas vec\u0101k\u0101 referente\u00a0 Dace Vasi\u013cvolfa;<\/li>\n<p>&#13;<\/p>\n<li>par atsevi\u0161\u0137u svar\u012bgu uzdevumu sekm\u012bgu un godpr\u0101t\u012bgu izpildi Vesel\u012bbas ministrijas Juridisk\u0101 departamenta Juridisk\u0101 atbalsta noda\u013cas vec\u0101kais jurists \u0122irts Jirgensons;<\/li>\n<p>&#13;<\/p>\n<li>par ilggad\u0113ju, profesion\u0101lu un godpr\u0101t\u012bgu darbu Atvese\u013co\u0161anas fonda pl\u0101na ievie\u0161an\u0101 un uzraudz\u012bb\u0101, sniedzot b\u016btisku ieguld\u012bjumu valsts vesel\u012bbas apr\u016bp\u0113, Vesel\u012bbas ministrijas Eiropas Savien\u012bbas fondu departamenta Atvese\u013co\u0161anas fonda noda\u013cas vad\u012bt\u0101ja Krist\u012bne Karsa;<\/li>\n<p>&#13;<\/p>\n<li>par ilggad\u0113ju, profesion\u0101li izcilu un atbild\u012bgu darbu neatliekam\u0101s medic\u012bnisk\u0101s pal\u012bdz\u012bbas jom\u0101, b\u016btisku ieguld\u012bjumu Neatliekam\u0101s medic\u012bnisk\u0101s pal\u012bdz\u012bbas dienesta att\u012bst\u012bb\u0101, vad\u012bbas kompetenci un sabiedriski noz\u012bm\u012bgu pienesumu vesel\u012bbas apr\u016bpes sist\u0113mas stiprin\u0101\u0161an\u0101\u00a0NMPD Brig\u0101\u017eu atbalsta centra \u201cR\u0113zekne\u201d vad\u012bt\u0101ja\u00a0In\u0101ra Tirole;<\/li>\n<p>&#13;<\/p>\n<li>par ilggad\u0113ju, profesion\u0101li izcilu un godpr\u0101t\u012bgu darbu neatliekam\u0101s medic\u012bnisk\u0101s pal\u012bdz\u012bbas jom\u0101, b\u016btisku ieguld\u012bjumu dienesta att\u012bst\u012bb\u0101 un valsts p\u0101rvaldes stiprin\u0101\u0161an\u0101\u00a0NMPD Brig\u0101\u017eu atbalsta centra \u201cPurvciems\u201d galvenais \u0101rsta pal\u012bgs M\u0101ra Vagale;<\/li>\n<p>&#13;<\/p>\n<li>par ilggad\u0113ju un profesion\u0101lu darbu\u00a0SIA \u201c\u0122imenes zob\u0101rstniec\u012bba\u201d zobu higi\u0113niste\u00a0Sintija \u0136ikuste;<\/li>\n<p>&#13;<\/p>\n<li>par izcilu ieguld\u012bjumu Latvijas vesel\u012bbas apr\u016bp\u0113, m\u016bsdien\u012bgas anesteziolo\u0123ijas att\u012bst\u012bb\u0101 un pacientu dro\u0161\u012bbas stiprin\u0101\u0161an\u0101 SIA &#8220;Gremo\u0161anas slim\u012bbu centrs \u201cGastro\u201d \u201d anesteziologs\u2013reanimatologs un \u201cGastro\u201d galvenais \u0101rsts J\u0101nis Za\u0137is;<\/li>\n<p>&#13;<\/p>\n<li>par noz\u012bm\u012bgu ieguld\u012bjumu Valsts soci\u0101l\u0101s apr\u016bpes centrs \u201cZemgale\u201d klientu vesel\u012bbas saglab\u0101\u0161an\u0101, uzlabo\u0161an\u0101 un slim\u012bbu profilaks\u0113\u00a0fili\u0101les \u201cLielb\u0113rze\u201d visp\u0101r\u0113j\u0101s apr\u016bpes m\u0101sa Elfa Tursa;<\/li>\n<p>&#13;<\/p>\n<li>par noz\u012bm\u012bgu ieguld\u012bjumu Valsts soci\u0101l\u0101s apr\u016bpes centrs \u201cZemgale\u201d klientu vesel\u012bbas saglab\u0101\u0161an\u0101, uzlabo\u0161an\u0101 un slim\u012bbu profilaks\u0113 fili\u0101les \u201cRopa\u017ei\u201d visp\u0101r\u0113j\u0101s apr\u016bpes m\u0101sa Zenta Kulbare;<\/li>\n<p>&#13;<\/p>\n<li>par pa\u0161aizliedz\u012bgu, profesion\u0101lu, godpr\u0101t\u012bgu darbu un ilggad\u0113ju ieguld\u012bjumu kl\u012bnisko p\u0113t\u012bjumu jom\u0101, kas veicin\u0101ja kvalitat\u012bvu un savlaic\u012bgu kl\u012bnisko p\u0113t\u012bjumu izv\u0113rt\u0113\u0161anu un kl\u012bnisko p\u0113t\u012bjumu norises Latvij\u0101 uzraudz\u012bbu, Z\u0101\u013cu valsts a\u0123ent\u016bra Kl\u012bnisko p\u0113t\u012bjumu noda\u013cas vad\u012bt\u0101ja vietniece\u00a0Laila Matveja;<\/li>\n<p>&#13;<\/p>\n<li>par ieguld\u012bjumu b\u0113rnu gastroenterolo\u0123ijas un uztura terapijas att\u012bst\u012bb\u0101 Latvij\u0101, ilggad\u0113ju pa\u0161aizliedz\u012bgu darbu un inovat\u012bvu \u0101rstniec\u012bbas meto\u017eu ievie\u0161anu b\u0113rnu gastroenterolo\u0123ij\u0101\u00a0VSIA \u201cB\u0113rnu kl\u012bnisk\u0101 universit\u0101tes slimn\u012bca\u201d b\u0113rnu gastroenterolo\u0123e\u00a0Dr. Inita Ka\u017ee;<\/li>\n<p>&#13;<\/p>\n<li>par ieguld\u012bjumu apr\u016bpes procesu att\u012bst\u012bbas veicin\u0101\u0161an\u0101 un pilnveid\u0113\u00a0VSIA \u201cB\u0113rnu kl\u012bnisk\u0101 universit\u0101tes slimn\u012bca\u201d apr\u016bpes direktore Linda Fr\u012bdenberga;<\/li>\n<p>&#13;<\/p>\n<li>par ieguld\u012bjumu medic\u012bn\u0101, medic\u012bnas zin\u0101tn\u0113 un pedago\u0123iskaj\u0101 darb\u0101 VSIA \u201cPaula Stradi\u0146a kl\u012bnisk\u0101 universit\u0101tes slimn\u012bca\u201d Intern\u0101s medic\u012bnas kl\u012bnikas Nefrolo\u0123ijas centra virs\u0101rste, nefrolo\u0123e Viktorija Kuzema;<\/li>\n<p>&#13;<\/p>\n<li>par ilggad\u0113ju darbu un noz\u012bm\u012bgu ieguld\u012bjumu hemodial\u012bzes pacientu apr\u016bp\u0113 un VISA \u201cPaula Stradi\u0146a kl\u012bnisk\u0101 universit\u0101tes slimn\u012bca\u201d att\u012bst\u012bb\u0101 PSKUS Intern\u0101s medic\u012bnas kl\u012bnikas Nefrolo\u0123ijas centra 31. Hemodial\u012bzes noda\u013cas virsm\u0101sa Dagnija Pamata;<\/li>\n<p>&#13;<\/p>\n<li>par ilgu, apzin\u012bgu un priek\u0161z\u012bm\u012bgu darbu vesel\u012bbas apr\u016bp\u0113, par izcilu darba pien\u0101kumu veik\u0161anu un akt\u012bvu iesaist\u012b\u0161anos iedz\u012bvot\u0101ju vesel\u012bbas saglab\u0101\u0161an\u0101 un slim\u012bbu profilaks\u0113\u00a0SIA \u201cLatvijas Amerikas Acu centrs\u201d oftalmolo\u0123e\u00a0Ingr\u012bda Sargune;<\/li>\n<p>&#13;<\/p>\n<li>par ilgu, apzin\u012bgu un priek\u0161z\u012bm\u012bgu darbu vesel\u012bbas apr\u016bp\u0113, par izcilu darba pien\u0101kumu veik\u0161anu un akt\u012bvu iesaist\u012b\u0161anos iedz\u012bvot\u0101ju vesel\u012bbas saglab\u0101\u0161an\u0101 un slim\u012bbu profilaks\u0113\u00a0SIA \u201cLatvijas Amerikas Acu centrs\u201d medic\u012bnas m\u0101sa un kl\u012bnisko p\u0113t\u012bjumu koordinatore Ing\u016bna Sausi\u0146a;<\/li>\n<p>&#13;<\/p>\n<li>par noz\u012bm\u012bgu ieguld\u012bjumu pacientu vesel\u012bbas apr\u016bp\u0113 VSIA \u201cNacion\u0101lais rehabilit\u0101cijas centrs \u201cVaivari\u201d \u201d 1. noda\u013cas vad\u012bt\u0101ja, fizik\u0101l\u0101s un rehabilit\u0101cijas medic\u012bnas \u0101rste Jekaterina Krasovska;<\/li>\n<p>&#13;<\/p>\n<li>par akt\u012bvu iesaist\u012b\u0161anos iedz\u012bvot\u0101ju vesel\u012bbas saglab\u0101\u0161an\u0101 VSIA \u201cNacion\u0101lais rehabilit\u0101cijas centrs \u201cVaivari\u201d \u201d fizioterapeits Vit\u0101lijs \u0160am\u0161ura;<\/li>\n<p>&#13;<\/p>\n<li>par akt\u012bvu iesaist\u012b\u0161anos iedz\u012bvot\u0101ju vesel\u012bbas saglab\u0101\u0161an\u0101 VSIA \u201cNacion\u0101lais rehabilit\u0101cijas centrs \u201cVaivari\u201d \u201d visp\u0101r\u0113j\u0101s apr\u016bpes m\u0101sa Be\u0101te Kova\u013cova;<\/li>\n<p>&#13;<\/p>\n<li>par profesion\u0101lu darbu un noz\u012bm\u012bgu\u00a0ieguld\u012bjumu vesel\u012bbas apr\u016bpes kvalit\u0101tes uzlabo\u0161an\u0101 Latvij\u0101 visp\u0101r\u0113j\u0101s\u00a0apr\u016bpes m\u0101sai El\u012bna Langu\u0161a;<\/li>\n<p>&#13;<\/p>\n<li>par profesion\u0101lu darbu un ieguld\u012bjumu neatliekam\u0101s medic\u012bnas jom\u0101 un vesel\u012bbas apr\u016bpes kvalit\u0101tes cel\u0161an\u0101\u00a0Neatliekam\u0101s medic\u012bnisk\u0101s pal\u012bdz\u012bbas dienesta intens\u012bv\u0101s terapijas izbraukuma brig\u0101des neatliekam\u0101s medic\u012bnas \u0101rste\u00a0Nata\u013cja A\u0161\u010deulova;<\/li>\n<p>&#13;<\/p>\n<li>par noz\u012bm\u012bgo ieguld\u012bjumu Latvijas vesel\u012bbas apr\u016bp\u0113 un medic\u012bnas ties\u012bbu jom\u0101\u00a0Vesel\u012bbas inspekcijas \u0100rstniec\u012bbas riska fonda noda\u013cas vad\u012bt\u0101ja\u00a0Dace Tarasova;<\/li>\n<p>&#13;<\/p>\n<li>par noz\u012bm\u012bgu ieguld\u012bjumu bariatrijas nozares att\u012bst\u012bb\u0101 Latvij\u0101 daudzprofilu \u0137irur\u0123isk\u0101s kl\u012bnikas \u201cAIWA Clinic\u201d visp\u0101r\u0113j\u0101s \u0137irur\u0123ijas \u0101rsts, bariatriskais \u0137irurgs Maksims Muk\u0101ns;<\/li>\n<p>&#13;<\/p>\n<li>par izcilu ieguld\u012bjumu AS \u201cVesel\u012bbas centru apvien\u012bba\u201d Neirokl\u012bnikas att\u012bst\u012bb\u0101 un neirolo\u0123ijas pakalpojumu pilnveido\u0161an\u0101 Latvij\u0101\u00a0kl\u012bnikas \u201cP\u013cavnieki\u201d neirologs un elektro-encefalogr\u0101fijas metodes speci\u0101lists\u00a0J\u0101nis Mednieks;<\/li>\n<p>&#13;<\/p>\n<li>par noz\u012bm\u012bgu ieguld\u012bjumu Latvijas sabiedr\u012bbas vesel\u012bbas att\u012bst\u012bb\u0101\u00a0Slim\u012bbu profilakses un kontroles centra Vesel\u012bbas veicin\u0101\u0161anas departamenta direktore\u00a0Ilze Straume;<\/li>\n<p>&#13;<\/p>\n<li>par noz\u012bm\u012bgu un ieguld\u012bjumu sabiedr\u012bbas vesel\u012bbas stiprin\u0101\u0161an\u0101, pacientu dro\u0161\u012bbas veicin\u0101\u0161an\u0101 un vesel\u012bbas apr\u016bpes kvalit\u0101tes pilnveid\u0113 Latvij\u0101\u00a0Slim\u012bbu profilakses un kontroles centra P\u0113tniec\u012bbas un vesel\u012bbas statistikas departamenta Pacientu dro\u0161\u012bbas un vesel\u012bbas apr\u016bpes kvalit\u0101tes pilnveides noda\u013cas vad\u012bt\u0101ja\u00a0Irisa Z\u012ble-Velika;<\/li>\n<p>&#13;<\/p>\n<li>par noz\u012bm\u012bgu ieguld\u012bjumu rehabilit\u0101cijas nozares att\u012bst\u012bb\u0101 Latvij\u0101\u00a0ergoterapeite\u00a0Zane Liepi\u0146a;<\/li>\n<p>&#13;<\/p>\n<li>par noz\u012bm\u012bgu ieguld\u012bjumu laborator\u0101s medic\u012bnas jom\u0101 un SIA \u201cCentr\u0101l\u0101 laboratorija\u201d sekm\u012bg\u0101 darb\u012bb\u0101\u00a0laboratorijas speci\u0101liste Velta Katkevi\u010da;<\/li>\n<p>&#13;<\/p>\n<li>par noz\u012bm\u012bgu ieguld\u012bjumu kvalitat\u012bvas ambulator\u0101s laboratorisk\u0101s apr\u016bpes jom\u0101 un SIA \u201cCentr\u0101l\u0101 laboratorija\u201d m\u0101jas viz\u012b\u0161u pakalpojuma att\u012bst\u012bb\u0101\u00a0ambulator\u0101s apr\u016bpes m\u0101sa Aigija Bir\u0123ele;<\/li>\n<p>&#13;<\/p>\n<li>par noz\u012bm\u012bgu ieguld\u012bjumu torak\u0101l\u0101s \u0137irur\u0123ijas un invaz\u012bv\u0101s pneimonolo\u0123ijas att\u012bst\u012bb\u0101, ilggad\u0113ju profesion\u0101lu darbu vesel\u012bbas apr\u016bp\u0113\u00a0\u00a0SIA \u201cR\u012bgas Austrumu kl\u012bnisk\u0101 universit\u0101tes slimn\u012bca\u201d stacion\u0101rs \u201cTuberkulozes un plau\u0161u slim\u012bbu centrs\u201d Torak\u0101l\u0101s \u0137irur\u0123ijas un invaz\u012bv\u0101s pneimonolo\u0123ijas kl\u012bnikas vad\u012bt\u0101js\u00a0 Ints Sili\u0146\u0161;<\/li>\n<p>&#13;<\/p>\n<li>par ilggad\u0113jo un pa\u0161aizliedz\u012bgo darbu SIA \u201cR\u012bgas Austrumu kl\u012bnisk\u0101 universit\u0101tes slimn\u012bca\u201d visp\u0101r\u0113j\u0101s un neatliekam\u0101s \u0137irur\u0123ijas kl\u012bnik\u0101, augstu profesionalit\u0101ti pacientu apr\u016bp\u0113 un akt\u012bvu iesaisti jauno speci\u0101listu sagatavo\u0161an\u0101 SIA \u201cR\u012bgas Austrumu kl\u012bnisk\u0101 universit\u0101tes slimn\u012bca\u201d Visp\u0101r\u0113j\u0101s un neatliekam\u0101s \u0137irur\u0123ijas kl\u012bnikas visp\u0101r\u0113j\u0101s apr\u016bpes m\u0101sa Iluta Kustova;<\/li>\n<p>&#13;<\/p>\n<li>par profesion\u0101lu ieguld\u012bjumu un iniciat\u012bvu multiprofesion\u0101l\u0101s komandas darb\u0101, sekm\u0113jot psihiatrisk\u0101s rehabilit\u0101cijas procesa att\u012bst\u012bbu un kvalit\u0101tes pilnveidi VSIA \u201cPiej\u016bras slimn\u012bca\u201d Psihiatrisk\u0101s rehabilit\u0101cijas noda\u013cas fizioterapeite Linda Kabi\u0146ecka;<\/li>\n<p>&#13;<\/p>\n<li>par ilggad\u0113ju,\u00a0 pa\u0161aizliedz\u012bgu darbu pacientu lab\u0101 un noz\u012bm\u012bgu ieguld\u012bjumu vesel\u012bbas apr\u016bp\u0113 SIA \u201cMadonas slimn\u012bca\u201d visp\u0101r\u0113j\u0101s apr\u016bpes m\u0101sa-podologs Sarm\u012bte Puz\u0101ka;<\/li>\n<p>&#13;<\/p>\n<li>par godpr\u0101t\u012bgu un nesavt\u012bgu darbu vesel\u012bbas apr\u016bpes nozar\u0113, sniedzot noz\u012bm\u012bgu ieguld\u012bjumu pacientu apr\u016bpes kvalit\u0101tes cel\u0161an\u0101 un profesion\u0101las komandas veido\u0161an\u0101\u00a0SIA \u201cLiep\u0101jas re\u0123ion\u0101l\u0101 slimn\u012bca\u201d Kardiolo\u0123ijas noda\u013cas virsm\u0101sa L\u012bga Ei\u010dina;<\/li>\n<p>&#13;<\/p>\n<li>par godpr\u0101t\u012bgu darbu vesel\u012bbas apr\u016bp\u0113, veicinot iedz\u012bvot\u0101ju plau\u0161u vesel\u012bbu un slim\u012bbu profilaksi, ieguld\u012bjumu zin\u0101tn\u0113 un kol\u0113\u0123u m\u016b\u017eizgl\u012bt\u012bb\u0101 SIA \u201cProfesora Skrides Sirds kl\u012bnika\u201d pneimonologs, alergologs Dr. med. M\u0101ris Bukovskis;<\/li>\n<p>&#13;<\/p>\n<li>par ieguld\u012bjumu Latvijas M\u016bzikas terapijas asoci\u0101cijas dibin\u0101\u0161an\u0101 un profesion\u0101lu, atbild\u012bgu un m\u0113r\u0137tiec\u012bgu darbu\u00a0m\u016bzikas terapeite\u00a0Aralda Bu\u017eere;<\/li>\n<p>&#13;<\/p>\n<li>par ieguld\u012bjumu jauno m\u016bzikas terapeitu sagatavo\u0161an\u0101, profesion\u0101lu darbu un noz\u012bm\u012bgu devumu m\u016bzikas terapijas profesijas starptautisk\u0101 atpaz\u012bstam\u012bb\u0101 un att\u012bst\u012bb\u0101\u00a0m\u016bzikas terapeite\u00a0L\u012bga En\u0123ele;<\/li>\n<p>&#13;<\/p>\n<li>par ilggad\u0113ju, profesion\u0101lu darbu un noz\u012bm\u012bgu ieguld\u012bjumu Latvijas vesel\u012bbas apr\u016bp\u0113, infektolo\u0123ijas zin\u0101tnes att\u012bst\u012bb\u0101 un sabiedr\u012bbas vesel\u012bbas stiprin\u0101\u0161an\u0101\u00a0R\u012bgas Stradi\u0146a universit\u0101tes Sabiedr\u012bbas vesel\u012bbas instit\u016bta profesore\u00a0Baiba Rozent\u0101le; \u00a0<\/li>\n<p>&#13;<\/p>\n<li>par noz\u012bm\u012bgu ieguld\u012bjumu vesel\u012bbas apr\u016bp\u0113 un farm\u0101cijas nozar\u0113\u00a0AS \u201cOlpha\u201d valdes priek\u0161s\u0113d\u0113t\u0101js\u00a0Juris Bundulis;<\/li>\n<p>&#13;<\/p>\n<li>par stabilu, ilgsto\u0161u, profesion\u0101li uzticamu un iniciat\u012bvas bag\u0101tu\u00a0 darbu aptiek\u0101 un noz\u012bm\u012bgo veikumu Bauskas un apkaimes iedz\u012bvot\u0101ju vesel\u012bbai \u201cM\u0113ness aptieka\u201d farmaceita asistente Inta Jansone;<\/li>\n<p>&#13;<\/p>\n<li>par noz\u012bm\u012bgu devumu z\u0101\u013cu pieejam\u012bbas uzlabo\u0161an\u0101 un sabiedr\u012bbas inform\u0113t\u012bbas veicin\u0101\u0161an\u0101 vesel\u012bbas jom\u0101 AS \u201cSENTOR FARM APTIEKAS\u201d farmaceite \u0112rika P\u0113tersone;<\/li>\n<p>&#13;<\/p>\n<li>par augstu farmaceitisk\u0101s apr\u016bpes kvalit\u0101tes nodro\u0161in\u0101\u0161anu, veiksm\u012bgu farmaceita un \u0101rsta sadarb\u012bbas nostiprin\u0101\u0161anu Daugavpil\u012b\u00a0farmaceite\u00a0Ilona Kli\u010dova;<\/li>\n<p>&#13;<\/p>\n<li>par noz\u012bm\u012bgo ieguld\u012bjumu Latvijas vesel\u012bbas apr\u016bpes att\u012bst\u012bb\u0101, pacientu \u0101rst\u0113\u0161an\u0101, izgl\u012bt\u012bbas un zin\u0101tnes stiprin\u0101\u0161an\u0101, un starptautiskaj\u0101 sadarb\u012bb\u0101 SIA \u201cOrto kl\u012bnika&#8221; valdes priek\u0161s\u0113d\u0113t\u0101js, traumatologs-ortop\u0113ds Andrejs Peredistijs;<\/li>\n<p>&#13;<\/p>\n<li>par apzin\u012bgu un\u00a0 ilggad\u0113ju darbu vesel\u012bbas apr\u016bpes nozar\u0113 VSIA \u201cDaugavpils psihoneirolo\u0123isk\u0101 slimn\u012bca\u201d fizioterapeite Alla Kezika;<\/li>\n<p>&#13;<\/p>\n<li>par noz\u012bm\u012bgu ieguld\u012bjumu SIA \u201cZieme\u013ckurzemes re\u0123ion\u0101l\u0101 slimn\u012bca\u201d un Latvijas vesel\u012bbas apr\u016bpes nozares att\u012bst\u012bb\u0101\u00a0projektu vad\u012bt\u0101ja\u00a0Krist\u012bne Puri\u0146a;<\/li>\n<p>&#13;<\/p>\n<li>par ieguld\u012bto darbu un akt\u012bvu iesaist\u012b\u0161anos pilotprojekta \u201cPilotprojekts integr\u0113tai pieejai \u2013 pakalpojumu pieejam\u012bbas uzlabo\u0161anai nepilngad\u012bgajiem ar atkar\u012bbas probl\u0113m\u0101m R\u012bg\u0101\u201d sagatavo\u0161an\u0101 un \u012bsteno\u0161an\u0101 VSIA \u201cSlimn\u012bca \u201c\u0122intermui\u017ea\u201d \u201d Pusaud\u017eu narkolo\u0123isk\u0101s motiv\u0101cijas programmas vad\u012bt\u0101js, b\u0113rnu psihiatrs un narkologs Artjoms Baharevs;<\/li>\n<p>&#13;<\/p>\n<li>par ilggad\u0113ju darbu sievie\u0161u vesel\u012bbas saglab\u0101\u0161an\u0101, slim\u012bbu profilaks\u0113 un noz\u012bm\u012bgu ieguld\u012bjumu ginekolo\u0123ijas nozares att\u012bst\u012bb\u0101 vecm\u0101te SIA \u201cMedic\u012bnas sabiedr\u012bba \u201cARS\u201d \u201d Ginekolo\u0123ijas noda\u013cas vad\u012bt\u0101ja Iveta L\u016bse;<\/li>\n<p>&#13;<\/p>\n<li>par ilggad\u0113ju darbu b\u0113rnu vesel\u012bbas saglab\u0101\u0161an\u0101 un slim\u012bbu profilaks\u0113, par ieguld\u012bjumu vec\u0101ku izgl\u012bto\u0161an\u0101 SIA \u201cMedic\u012bnas sabiedr\u012bba \u201cARS\u201d \u201d pediatre Astr\u012bda Dzirniece;<\/li>\n<p>&#13;<\/p>\n<li>par ilggad\u0113ju, apzin\u012bgu un priek\u0161z\u012bm\u012bgu darbu vesel\u012bbas apr\u016bp\u0113, par izcilu darba pien\u0101kumu veik\u0161anu un akt\u012bvu iesaist\u012b\u0161anos iedz\u012bvot\u0101ju vesel\u012bbas saglab\u0101\u0161an\u0101 un slim\u012bbu profilaks\u0113\u00a0SIA \u201cDziedniec\u012bba\u201d visp\u0101r\u0113j\u0101s apr\u016bpes m\u0101sa Vineta Z\u016bberga;<\/li>\n<p>&#13;<\/p>\n<li>par ilggad\u0113ju, apzin\u012bgu un priek\u0161z\u012bm\u012bgu darbu vesel\u012bbas apr\u016bp\u0113, par izcilu darba pien\u0101kumu veik\u0161anu un akt\u012bvu iesaist\u012b\u0161anos iedz\u012bvot\u0101ju vesel\u012bbas saglab\u0101\u0161an\u0101 un slim\u012bbu profilaks\u0113\u00a0SIA \u201cDziedniec\u012bba\u201d valdes priek\u0161s\u0113d\u0113t\u0101ja pal\u012bdze\u00a0Vivita Vircava;<\/li>\n<p>&#13;<\/p>\n<li>par profesion\u0101lu un godpr\u0101t\u012bgu darbu\u00a0\u00a0SIA \u201cAl\u016bksnes slimn\u012bca\u201d projektu vad\u012bt\u0101ja\u00a0Anita \u017dukova;<\/li>\n<p>&#13;<\/p>\n<li>par ilggad\u0113ju, pa\u0161aizliedz\u012bgu un profesion\u0101lu darbu vesel\u012bbas apr\u016bp\u0113\u00a0SIA \u201cAl\u016bksnes slimn\u012bca\u201d \u0136irur\u0123ijas noda\u013cas medic\u012bnas m\u0101sa\u00a0Di\u0101na Jakobsone;<\/li>\n<p>&#13;<\/p>\n<li>par augsti profesion\u0101lo sniegumu psihiatrisko pacientu apr\u016bp\u0113 un kvalitat\u012bvu jauno kol\u0113\u0123u apm\u0101c\u012bbu gar\u012bg\u0101s vesel\u012bbas apr\u016bpes jom\u0101 \u201cSlimn\u012bca \u201c\u0122intermui\u017ea\u201d \u201d 2. ak\u016bt\u0101s psihiatrijas noda\u013cas m\u0101sas pal\u012bdze Inese Molotkova; \u00a0<\/li>\n<p>&#13;<\/p>\n<li>par noz\u012bm\u012bgu ieguld\u012bjumu vesel\u012bbas apr\u016bpes sist\u0113mas sak\u0101rto\u0161an\u0101 un Nacion\u0101l\u0101 vesel\u012bbas dienesta m\u0113r\u0137u sasnieg\u0161an\u0101\u00a0Nacion\u0101l\u0101 vesel\u012bbas dienesta Juridisk\u0101 departamenta direktors Sandris Kundz\u0101ns;<\/li>\n<p>&#13;<\/p>\n<li>par noz\u012bm\u012bgu ieguld\u012bjumu sievie\u0161u reprodukt\u012bv\u0101s vesel\u012bbas apr\u016bpes pilnveid\u0113, sabiedr\u012bbas izgl\u012bto\u0161an\u0101 un kvalitat\u012bvas vesel\u012bbas apr\u016bpes pieejam\u012bbas veicin\u0101\u0161an\u0101 AS \u201cVesel\u012bbas centru apvien\u012bba\u201d \u0101rste ginekolo\u0123e, dzemd\u012bbu speci\u0101liste Karl\u012bna Elksne;<\/li>\n<p>&#13;<\/p>\n<li>par profesion\u0101lu darbu un noz\u012bm\u012bgu ieguld\u012bjumu vienotu kvalit\u0101tes standartu ievie\u0161an\u0101 gastroenterolo\u0123isko pacientu diagnostik\u0101 un \u0101rst\u0113\u0161an\u0101 AS \u201cVesel\u012bbas centru apvien\u012bba\u201d vado\u0161\u0101 speci\u0101liste gastroenterolo\u0123ij\u0101 O\u013cesja Basina;<\/li>\n<p>&#13;<\/p>\n<li>par ilgsto\u0161u godpr\u0101t\u012bgu darbu vesel\u012bbas apr\u016bp\u0113, veicinot iedz\u012bvot\u0101ju sirds vesel\u012bbu, VSIA \u201cPaula Stradi\u0146a kl\u012bnisk\u0101 universit\u0101tes slimn\u012bca\u201d kardiolo\u0123e Krist\u012bne Dombrovska.<\/li>\n<p>&#13;\n<\/ul>\n<p>Vesel\u012bbas ministrijas apbalvojumus pie\u0161\u0137ir Apbalvojuma padome, izv\u0113rt\u0113jot sa\u0146emtos pieteikumus no \u0101rstniec\u012bbas iest\u0101d\u0113m, profesion\u0101laj\u0101m nozares organiz\u0101cij\u0101m, pa\u0161vald\u012bb\u0101m, k\u0101 ar\u012b kandidat\u016bras var izvirz\u012bt ministrs, VM vad\u012bba un padot\u012bbas iest\u0101des. Apbalvojumus pasniedz divas reizes gad\u0101 Latvijas valsts sv\u0113tku m\u0113ne\u0161os \u2013 novembr\u012b un maij\u0101 par b\u016btisku ieguld\u012bjumu vesel\u012bbas nozares att\u012bst\u012bb\u0101, sabiedr\u012bbas vesel\u012bbas uzlabo\u0161an\u0101, slim\u012bbu profilaks\u0113 un izgl\u012bto\u0161an\u0101, k\u0101 ar\u012b vesel\u012bbas apr\u016bpes t\u0113mu aktualiz\u0113\u0161an\u0101 sabiedr\u012bb\u0101.<\/p>\n<p>          <img decoding=\"async\" src=\"https:\/\/www.europesays.com\/lv\/wp-content\/uploads\/2025\/11\/logo-lv.png\" alt=\"\"\/><\/p>\n<p>                  \u0160\u012b inform\u0101cija ir publisks pazi\u0146ojums un neatspogu\u013co LV port\u0101la viedokli. Par t\u0101s saturu atbild ies\u016bt\u012bt\u0101js. <a data-popup=\"rules\">Public\u0113\u0161anas noteikumi<\/a><\/p>\n","protected":false},"excerpt":{"rendered":"Lai godin\u0101tu izcilus vesel\u012bbas apr\u016bpes, sabiedr\u012bbas vesel\u012bbas un farm\u0101cijas jomas profesion\u0101\u013cus par vi\u0146u noz\u012bm\u012bgo ieguld\u012bjumu Latvijas vesel\u012bbas sist\u0113mas&hellip;\n","protected":false},"author":2,"featured_media":42718,"comment_status":"","ping_status":"","sticky":false,"template":"","format":"standard","meta":{"footnotes":""},"categories":[12],"tags":[23,28,29,32,33,22,30,31,35,39,38,36,37,34,40,20,26,27,24,25,21],"class_list":{"0":"post-42717","1":"post","2":"type-post","3":"status-publish","4":"format-standard","5":"has-post-thumbnail","7":"category-latvija","8":"tag-aktualitates","9":"tag-breaking-news","10":"tag-breakingnews","11":"tag-featured-news","12":"tag-featurednews","13":"tag-headlines","14":"tag-latest-news","15":"tag-latestnews","16":"tag-latvia","17":"tag-latvian","18":"tag-latviesu","19":"tag-latviesu-valoda","20":"tag-latviesuvaloda","21":"tag-latvija","22":"tag-lv","23":"tag-news","24":"tag-popularakas-zinas","25":"tag-popularakaszinas","26":"tag-top-stories","27":"tag-topstories","28":"tag-zinas"},"share_on_mastodon":{"url":"https:\/\/pubeurope.com\/@lv\/115509205741606511","error":""},"_links":{"self":[{"href":"https:\/\/www.europesays.com\/lv\/wp-json\/wp\/v2\/posts\/42717","targetHints":{"allow":["GET"]}}],"collection":[{"href":"https:\/\/www.europesays.com\/lv\/wp-json\/wp\/v2\/posts"}],"about":[{"href":"https:\/\/www.europesays.com\/lv\/wp-json\/wp\/v2\/types\/post"}],"author":[{"embeddable":true,"href":"https:\/\/www.europesays.com\/lv\/wp-json\/wp\/v2\/users\/2"}],"replies":[{"embeddable":true,"href":"https:\/\/www.europesays.com\/lv\/wp-json\/wp\/v2\/comments?post=42717"}],"version-history":[{"count":0,"href":"https:\/\/www.europesays.com\/lv\/wp-json\/wp\/v2\/posts\/42717\/revisions"}],"wp:featuredmedia":[{"embeddable":true,"href":"https:\/\/www.europesays.com\/lv\/wp-json\/wp\/v2\/media\/42718"}],"wp:attachment":[{"href":"https:\/\/www.europesays.com\/lv\/wp-json\/wp\/v2\/media?parent=42717"}],"wp:term":[{"taxonomy":"category","embeddable":true,"href":"https:\/\/www.europesays.com\/lv\/wp-json\/wp\/v2\/categories?post=42717"},{"taxonomy":"post_tag","embeddable":true,"href":"https:\/\/www.europesays.com\/lv\/wp-json\/wp\/v2\/tags?post=42717"}],"curies":[{"name":"wp","href":"https:\/\/api.w.org\/{rel}","templated":true}]}}