{"id":42725,"date":"2025-11-07T15:55:07","date_gmt":"2025-11-07T15:55:07","guid":{"rendered":"https:\/\/www.europesays.com\/lv\/42725\/"},"modified":"2025-11-07T15:55:07","modified_gmt":"2025-11-07T15:55:07","slug":"asv-lidostas-atcelti-lidojumi-valdibas-dikstaves-del","status":"publish","type":"post","link":"https:\/\/www.europesays.com\/lv\/42725\/","title":{"rendered":"ASV lidost\u0101s atcelti lidojumi vald\u012bbas d\u012bkst\u0101ves d\u0113\u013c"},"content":{"rendered":"<p class=\"descr\">ASV transporta sekret\u0101rs \u0160ons Dafijs ir devis r\u012bkojumu par 10% samazin\u0101t lidojumu skaitu no valsts 40 liel\u0101kaj\u0101m lidost\u0101m. Tas ir saist\u012bts ar vald\u012bbas darb\u012bbas p\u0101rtraukumu, kas ilgst jau aptuveni 40 dienas. \u0160aj\u0101 laik\u0101 liel\u0101k\u0101 da\u013ca ASV vald\u012bbas darbinieku ir atva\u013cin\u0101ti vai str\u0101d\u0101 bez atl\u012bdz\u012bbas. Pa\u0161laik 13 000 gaisa satiksmes dispe\u010deru un 50 000 transporta dro\u0161\u012bbas darbinieku nesa\u0146em atalgojumu.<\/p>\n<p>Dafijs paskaidroja, ka gaisa satiksmes samazin\u0101\u0161ana ir nepiecie\u0161ama dro\u0161\u012bbas labad. Vi\u0146\u0161 nenosauca lidostas, kuras skar ierobe\u017eojumi, ta\u010du tiek prognoz\u0113ts, ka noslogot\u0101k\u0101s starp t\u0101m ir Va\u0161ingtona, \u0145ujorka, Losand\u017eelosa, Dalasa, \u010cik\u0101ga un Atlanta. Kopum\u0101 pl\u0101nots samazin\u0101t l\u012bdz 1800 lidojumiem. Feder\u0101l\u0101 avi\u0101cijas p\u0101rvalde pl\u0101no ierobe\u017eojumus piem\u0113rot tikai iek\u0161zemes lidojumiem, nevis starptautiskajiem lidojumiem. Dafijs ar\u012b sol\u012bja, ka ikvienam pasa\u017eierim, kur\u0161 <a href=\"https:\/\/nra.lv\/birka\/atcelti-reisi\/\" rel=\"nofollow noopener\" target=\"_blank\">atc\u0113la savu ce\u013cojumu<\/a> darb\u012bbas p\u0101rtraukuma laik\u0101, b\u016bs ties\u012bbas uz atmaksu.<\/p>\n<p>Amerik\u0101\u0146u pasa\u017eieri izjuta darb\u012bbas p\u0101rtraukuma ietekmi jau iepriek\u0161 &#8211; gaisa satiksmes dispe\u010deru tr\u016bkuma d\u0113\u013c tika kav\u0113ti desmitiem t\u016bksto\u0161u lidojumu. Aviokomp\u0101nijas l\u0113\u0161, ka tas ietekm\u0113ja 3,2 miljonus pasa\u017eieru. Feder\u0101l\u0101 avi\u0101cijas p\u0101rvalde r\u0113\u0137ina, ka tr\u016bkst 3500 dispe\u010deru, un eso\u0161ie darbinieki bie\u017ei str\u0101d\u0101 se\u0161as dienas ned\u0113\u013c\u0101 vai virsstundas.<\/p>\n<p><a href=\"https:\/\/nra.lv\/birka\/asv\/\" rel=\"nofollow noopener\" target=\"_blank\">ASV d\u012bkst\u0101ve<\/a> ir p\u0101rsp\u0113jusi visu laiku rekordliel\u0101ko. Vald\u012bbas d\u012bkst\u0101vi izrais\u012bja Sen\u0101ta nesp\u0113ja apstiprin\u0101t likumprojektu par vesel\u012bbas apdro\u0161in\u0101\u0161anas pabalstu samazin\u0101\u0161anu &#8211; tam nepiecie\u0161ams 60 no 100 balsu vair\u0101kums aug\u0161pal\u0101t\u0101. Republik\u0101\u0146u partijai \u0161\u0101da vair\u0101kuma aug\u0161pal\u0101t\u0101 nav. T\u0101 rezult\u0101t\u0101 vald\u012bba, nesp\u0113jot vienoties par bud\u017eeta likumprojektu, aptur\u0113ja darb\u012bbu.<\/p>\n<p>Vald\u012bbas d\u012bkst\u0101ve ir p\u0101rsviedusies uz avi\u0101ciju. Pagaid\u0101m nav zin\u0101ms, uz k\u0101d\u0101m jom\u0101m v\u0113l t\u0101 p\u0101rsvied\u012bsies.<\/p>\n<p>\t\t\t\t\t\tinfo<\/p>\n<p>Uzzini pirmais<br \/>kas interesants noticis Latvij\u0101 un pasaul\u0113,<br \/>pievienojoties mums <a href=\"https:\/\/t.me\/neatkariga\" rel=\"nofollow\">Telegram<\/a> vai <a href=\"https:\/\/whatsapp.com\/channel\/0029VaMLFUH5K3zLU5s4wm3y\" rel=\"nofollow noopener\" target=\"_blank\">Whatsapp<\/a> kan\u0101l\u0101<\/p>\n","protected":false},"excerpt":{"rendered":"ASV transporta sekret\u0101rs \u0160ons Dafijs ir devis r\u012bkojumu par 10% samazin\u0101t lidojumu skaitu no valsts 40 liel\u0101kaj\u0101m lidost\u0101m.&hellip;\n","protected":false},"author":2,"featured_media":42726,"comment_status":"","ping_status":"","sticky":false,"template":"","format":"standard","meta":{"footnotes":""},"categories":[5],"tags":[23,28,29,32,33,22,30,31,35,39,38,36,37,34,40,20,26,27,24,25,21],"class_list":{"0":"post-42725","1":"post","2":"type-post","3":"status-publish","4":"format-standard","5":"has-post-thumbnail","7":"category-aktualitates","8":"tag-aktualitates","9":"tag-breaking-news","10":"tag-breakingnews","11":"tag-featured-news","12":"tag-featurednews","13":"tag-headlines","14":"tag-latest-news","15":"tag-latestnews","16":"tag-latvia","17":"tag-latvian","18":"tag-latviesu","19":"tag-latviesu-valoda","20":"tag-latviesuvaloda","21":"tag-latvija","22":"tag-lv","23":"tag-news","24":"tag-popularakas-zinas","25":"tag-popularakaszinas","26":"tag-top-stories","27":"tag-topstories","28":"tag-zinas"},"share_on_mastodon":{"url":"https:\/\/pubeurope.com\/@lv\/115509233111862485","error":""},"_links":{"self":[{"href":"https:\/\/www.europesays.com\/lv\/wp-json\/wp\/v2\/posts\/42725","targetHints":{"allow":["GET"]}}],"collection":[{"href":"https:\/\/www.europesays.com\/lv\/wp-json\/wp\/v2\/posts"}],"about":[{"href":"https:\/\/www.europesays.com\/lv\/wp-json\/wp\/v2\/types\/post"}],"author":[{"embeddable":true,"href":"https:\/\/www.europesays.com\/lv\/wp-json\/wp\/v2\/users\/2"}],"replies":[{"embeddable":true,"href":"https:\/\/www.europesays.com\/lv\/wp-json\/wp\/v2\/comments?post=42725"}],"version-history":[{"count":0,"href":"https:\/\/www.europesays.com\/lv\/wp-json\/wp\/v2\/posts\/42725\/revisions"}],"wp:featuredmedia":[{"embeddable":true,"href":"https:\/\/www.europesays.com\/lv\/wp-json\/wp\/v2\/media\/42726"}],"wp:attachment":[{"href":"https:\/\/www.europesays.com\/lv\/wp-json\/wp\/v2\/media?parent=42725"}],"wp:term":[{"taxonomy":"category","embeddable":true,"href":"https:\/\/www.europesays.com\/lv\/wp-json\/wp\/v2\/categories?post=42725"},{"taxonomy":"post_tag","embeddable":true,"href":"https:\/\/www.europesays.com\/lv\/wp-json\/wp\/v2\/tags?post=42725"}],"curies":[{"name":"wp","href":"https:\/\/api.w.org\/{rel}","templated":true}]}}