{"id":42732,"date":"2025-11-07T16:05:21","date_gmt":"2025-11-07T16:05:21","guid":{"rendered":"https:\/\/www.europesays.com\/lv\/42732\/"},"modified":"2025-11-07T16:05:21","modified_gmt":"2025-11-07T16:05:21","slug":"gruzinu-sapna-izskaidroja-nacionalas-opozicijas-aizliegumu","status":"publish","type":"post","link":"https:\/\/www.europesays.com\/lv\/42732\/","title":{"rendered":"\u00abGruz\u012bnu sap\u0146\u0101\u00bb izskaidroja nacion\u0101l\u0101s opoz\u012bcijas aizliegumu"},"content":{"rendered":"<p>Biju\u0161\u0101 prezidente Zura\u0161vili ar\u012b tiks pak\u013cauta sankcij\u0101m.<\/p>\n<p>Iesp\u0113jamais aizliegums Gruzijas Satversmes tiesas radik\u0101laj\u0101m opoz\u012bcijas partij\u0101m uzlabos iek\u0161politisko situ\u0101ciju, pazi\u0146oja vald\u012bbas partijas \u00abGruz\u012bnu sapnis\u00bb deput\u0101ts Iraklijs Kadagashvili.<\/p>\n<p>\u00abJ\u0101beidz Gruzij\u0101 piln\u012bgas pretest\u012bbas (radik\u0101\u013cu) laikmets pret konstit\u016bciju, demokr\u0101tiju un valsti,\u00bb sac\u012bja vi\u0146\u0161 intervij\u0101 telev\u012bzijas kan\u0101lam \u00abRustavi 2\u00bb.<\/p>\n<p>Vi\u0146a v\u0101rdiem sakot, \u00abpretest\u012bba pret v\u0113l\u0113\u0161an\u0101m, tautas gribu, demokr\u0101tiskaj\u0101m instit\u016bcij\u0101m nevar un nedr\u012bkst b\u016bt norma\u00bb.<\/p>\n<p>\u00ab\u0160o m\u0113r\u0137i ar\u012b cen\u0161as pan\u0101kt m\u016bsu pras\u012bba Satversmes ties\u0101 pret partij\u0101m, kas veic piln\u012bgas pretest\u012bbas politiku,\u00bb sac\u012bja Iraklijs Kadagashvili.<\/p>\n<p>Iepriek\u0161 Satversmes tiesa re\u0123istr\u0113ja \u00abGruz\u012bnu sap\u0146a\u00bb pras\u012bbu pret trim radik\u0101laj\u0101m partij\u0101m: \u00abVienotais nacion\u0101lais kust\u012bba\u00bb, \u00abP\u0101rmai\u0146u koal\u012bcija\u00bb un \u00abLelo \u2013 Sp\u0113c\u012bga Gruzija\u00bb. L\u012bdz devi\u0146u m\u0113ne\u0161u laik\u0101 j\u0101pie\u0146em spriedums. Gruzijas konstit\u016bcija aizliedz t\u0101du partiju darb\u012bbu, kas aicina g\u0101zt varu un p\u0101rk\u0101pj valsts teritori\u0101lo integrit\u0101ti, propagand\u0113 karu un vardarb\u012bbu.<\/p>\n<p>Savuk\u0101rt vald\u012bbas partijas parlament\u0101r\u0101s frakcijas priek\u0161s\u0113d\u0113t\u0101ja vietniece Rima Beradze nor\u0101d\u012bja uz negat\u012bvo lomu politiskajos procesos Gruzij\u0101 biju\u0161ajai prezidentai Salomei Zura\u0161vili, nosaucot vi\u0146u par \u00abieviestu cilv\u0113ku\u00bb.<\/p>\n<p>\u00abZura\u0161vili ir piem\u0113rs, no kura mums ir kauns. \u0160odien vi\u0146a dara visu, lai kait\u0113tu Gruzijas nacion\u0101laj\u0101m interes\u0113m,\u00bb pazi\u0146oja Rima Beradze.<\/p>\n<p>Biju\u0161\u0101 prezidente aicina pilso\u0146us uz akt\u012bv\u0101m ielu protestiem pret \u00abGruz\u012bnu sap\u0146a\u00bb politiku.<\/p>\n<p>Iepriek\u0161 Gruzijas eksperts P\u0113tr\u0113 Mamradze pazi\u0146oja, ka \u00abiesp\u0113jamais anti-nacion\u0101l\u0101s gruz\u012bnu opoz\u012bcijas aizliegums caur Satversmes tiesu b\u016bs labums valstij\u00bb.<\/p>\n","protected":false},"excerpt":{"rendered":"Biju\u0161\u0101 prezidente Zura\u0161vili ar\u012b tiks pak\u013cauta sankcij\u0101m. Iesp\u0113jamais aizliegums Gruzijas Satversmes tiesas radik\u0101laj\u0101m opoz\u012bcijas partij\u0101m uzlabos iek\u0161politisko situ\u0101ciju,&hellip;\n","protected":false},"author":2,"featured_media":42733,"comment_status":"","ping_status":"","sticky":false,"template":"","format":"standard","meta":{"footnotes":""},"categories":[14],"tags":[23,57,28,29,32,33,22,30,31,35,39,38,36,37,34,40,20,26,27,24,25,54,55,56,21,58],"class_list":{"0":"post-42732","1":"post","2":"type-post","3":"status-publish","4":"format-standard","5":"has-post-thumbnail","7":"category-zinas-no-arvalstim","8":"tag-aktualitates","9":"tag-arvalstim","10":"tag-breaking-news","11":"tag-breakingnews","12":"tag-featured-news","13":"tag-featurednews","14":"tag-headlines","15":"tag-latest-news","16":"tag-latestnews","17":"tag-latvia","18":"tag-latvian","19":"tag-latviesu","20":"tag-latviesu-valoda","21":"tag-latviesuvaloda","22":"tag-latvija","23":"tag-lv","24":"tag-news","25":"tag-popularakas-zinas","26":"tag-popularakaszinas","27":"tag-top-stories","28":"tag-topstories","29":"tag-world","30":"tag-world-news","31":"tag-worldnews","32":"tag-zinas","33":"tag-zinas-no-arvalstim"},"share_on_mastodon":{"url":"https:\/\/pubeurope.com\/@lv\/115509272582593371","error":""},"_links":{"self":[{"href":"https:\/\/www.europesays.com\/lv\/wp-json\/wp\/v2\/posts\/42732","targetHints":{"allow":["GET"]}}],"collection":[{"href":"https:\/\/www.europesays.com\/lv\/wp-json\/wp\/v2\/posts"}],"about":[{"href":"https:\/\/www.europesays.com\/lv\/wp-json\/wp\/v2\/types\/post"}],"author":[{"embeddable":true,"href":"https:\/\/www.europesays.com\/lv\/wp-json\/wp\/v2\/users\/2"}],"replies":[{"embeddable":true,"href":"https:\/\/www.europesays.com\/lv\/wp-json\/wp\/v2\/comments?post=42732"}],"version-history":[{"count":0,"href":"https:\/\/www.europesays.com\/lv\/wp-json\/wp\/v2\/posts\/42732\/revisions"}],"wp:featuredmedia":[{"embeddable":true,"href":"https:\/\/www.europesays.com\/lv\/wp-json\/wp\/v2\/media\/42733"}],"wp:attachment":[{"href":"https:\/\/www.europesays.com\/lv\/wp-json\/wp\/v2\/media?parent=42732"}],"wp:term":[{"taxonomy":"category","embeddable":true,"href":"https:\/\/www.europesays.com\/lv\/wp-json\/wp\/v2\/categories?post=42732"},{"taxonomy":"post_tag","embeddable":true,"href":"https:\/\/www.europesays.com\/lv\/wp-json\/wp\/v2\/tags?post=42732"}],"curies":[{"name":"wp","href":"https:\/\/api.w.org\/{rel}","templated":true}]}}