{"id":42734,"date":"2025-11-07T16:06:08","date_gmt":"2025-11-07T16:06:08","guid":{"rendered":"https:\/\/www.europesays.com\/lv\/42734\/"},"modified":"2025-11-07T16:06:08","modified_gmt":"2025-11-07T16:06:08","slug":"meistera-kandidatura-generalprokurora-amatam-skiet-loti-kvalitativa","status":"publish","type":"post","link":"https:\/\/www.europesays.com\/lv\/42734\/","title":{"rendered":"Meistera kandidat\u016bra \u0123ener\u0101lprokurora amatam \u0161\u0137iet \u013coti kvalitat\u012bva"},"content":{"rendered":"<p>Jur\u0113vics uzsv\u0113ra, ka kandid\u0101ts \u0161\u0137iet \u013coti kvalitat\u012bvs &#8211; ar noz\u012bm\u012bgu pieredzi un skaidru redz\u0113jumu par prokurat\u016bras att\u012bst\u012bbu. Vi\u0146apr\u0101t, kandid\u0101ta ieceres var\u0113tu veicin\u0101t prokurat\u016bras darba uzlabo\u0161anu kopum\u0101. Jur\u0113vics ar\u012b atsauc\u0101s uz publiskaj\u0101m diskusij\u0101m, kur\u0101s kandid\u0101ta redz\u0113jums esot izskan\u0113jis k\u0101 lo\u0123isks, saprotams un v\u0113rsts uz Latvijas tiesu sist\u0113mas att\u012bst\u012bbu.<\/p>\n<p>Vi\u0146\u0161 atg\u0101din\u0101ja, ka JV Saeimas frakcija jau iepriek\u0161 paudusi uztic\u012bbu tiesu varai. Vi\u0146apr\u0101t, \u0161obr\u012bd Tieslietu padome ir r\u016bp\u012bgi izv\u0113rt\u0113jusi vair\u0101kus kandid\u0101tus, non\u0101kot pie \u0161\u012b l\u0113muma izsv\u0113rt\u0101 proces\u0101.<\/p>\n<p>Jur\u0113vics uzsv\u0113ra, ka frakcija, k\u0101 ierasts, pirms balsojuma apspried\u012bs \u0161o jaut\u0101jumu, ta\u010du vi\u0146\u0161 pats neredzot pamatu, k\u0101d\u0113\u013c frakcijai nevajadz\u0113tu atbalst\u012bt kandid\u0101tu, kur\u0161 izg\u0101jis visus nepiecie\u0161amos izv\u0113rt\u0113\u0161anas posmus.<\/p>\n<p>Nosl\u0113gum\u0101 Jur\u0113vics pauda uzskatu, ka JV frakcijai b\u016bs pamats atbalst\u012bt kandid\u0101ta apstiprin\u0101\u0161anu \u0123ener\u0101lprokurora amat\u0101.<\/p>\n<p>Jau zi\u0146ots, ka Tieslietu padome piektdien nol\u0113ma \u0123ener\u0101lprokurora amatam virz\u012bt Meisteru.<\/p>\n<p>Likums paredz, ka \u0123ener\u0101lprokuroru p\u0113c Tieslietu padomes priek\u0161likuma amat\u0101 uz pieciem gadiem iece\u013c Saeima. Viena un t\u0101 pati persona var b\u016bt par \u0123ener\u0101lprokuroru ne vair\u0101k k\u0101 divus termi\u0146us p\u0113c k\u0101rtas.<\/p>\n","protected":false},"excerpt":{"rendered":"Jur\u0113vics uzsv\u0113ra, ka kandid\u0101ts \u0161\u0137iet \u013coti kvalitat\u012bvs &#8211; ar noz\u012bm\u012bgu pieredzi un skaidru redz\u0113jumu par prokurat\u016bras att\u012bst\u012bbu. Vi\u0146apr\u0101t,&hellip;\n","protected":false},"author":2,"featured_media":42735,"comment_status":"","ping_status":"","sticky":false,"template":"","format":"standard","meta":{"footnotes":""},"categories":[12],"tags":[23,28,29,2734,32,33,8749,22,30,31,35,39,38,36,37,34,40,20,26,27,24,25,21],"class_list":{"0":"post-42734","1":"post","2":"type-post","3":"status-publish","4":"format-standard","5":"has-post-thumbnail","7":"category-latvija","8":"tag-aktualitates","9":"tag-breaking-news","10":"tag-breakingnews","11":"tag-edmunds-jurevics","12":"tag-featured-news","13":"tag-featurednews","14":"tag-generalprokuratura","15":"tag-headlines","16":"tag-latest-news","17":"tag-latestnews","18":"tag-latvia","19":"tag-latvian","20":"tag-latviesu","21":"tag-latviesu-valoda","22":"tag-latviesuvaloda","23":"tag-latvija","24":"tag-lv","25":"tag-news","26":"tag-popularakas-zinas","27":"tag-popularakaszinas","28":"tag-top-stories","29":"tag-topstories","30":"tag-zinas"},"share_on_mastodon":{"url":"https:\/\/pubeurope.com\/@lv\/115509276385518977","error":""},"_links":{"self":[{"href":"https:\/\/www.europesays.com\/lv\/wp-json\/wp\/v2\/posts\/42734","targetHints":{"allow":["GET"]}}],"collection":[{"href":"https:\/\/www.europesays.com\/lv\/wp-json\/wp\/v2\/posts"}],"about":[{"href":"https:\/\/www.europesays.com\/lv\/wp-json\/wp\/v2\/types\/post"}],"author":[{"embeddable":true,"href":"https:\/\/www.europesays.com\/lv\/wp-json\/wp\/v2\/users\/2"}],"replies":[{"embeddable":true,"href":"https:\/\/www.europesays.com\/lv\/wp-json\/wp\/v2\/comments?post=42734"}],"version-history":[{"count":0,"href":"https:\/\/www.europesays.com\/lv\/wp-json\/wp\/v2\/posts\/42734\/revisions"}],"wp:featuredmedia":[{"embeddable":true,"href":"https:\/\/www.europesays.com\/lv\/wp-json\/wp\/v2\/media\/42735"}],"wp:attachment":[{"href":"https:\/\/www.europesays.com\/lv\/wp-json\/wp\/v2\/media?parent=42734"}],"wp:term":[{"taxonomy":"category","embeddable":true,"href":"https:\/\/www.europesays.com\/lv\/wp-json\/wp\/v2\/categories?post=42734"},{"taxonomy":"post_tag","embeddable":true,"href":"https:\/\/www.europesays.com\/lv\/wp-json\/wp\/v2\/tags?post=42734"}],"curies":[{"name":"wp","href":"https:\/\/api.w.org\/{rel}","templated":true}]}}