{"id":42742,"date":"2025-11-07T16:12:08","date_gmt":"2025-11-07T16:12:08","guid":{"rendered":"https:\/\/www.europesays.com\/lv\/42742\/"},"modified":"2025-11-07T16:12:08","modified_gmt":"2025-11-07T16:12:08","slug":"pie-kara-muzeja-iedegts-neatkaribas-kara-pieminas-ugunskurs","status":"publish","type":"post","link":"https:\/\/www.europesays.com\/lv\/42742\/","title":{"rendered":"Pie Kara muzeja iedegts Neatkar\u012bbas kara piemi\u0146as ugunskurs"},"content":{"rendered":"<p>Pie Latvijas Kara muzeja \u0161odien iedegts Neatkar\u012bbas kara piemi\u0146as ugunskurs, turpat ar\u012b apskat\u0101ma nacion\u0101lo un sabiedroto bru\u0146oto sp\u0113ku milit\u0101ro tehniku un ekip\u0113jumu, tostarp Latvij\u0101 ra\u017eoto &#8220;Patria&#8221; 6&#215;6 bru\u0146utransportieri. <\/p>\n<p>Svin\u012bgo ugunskura iedeg\u0161anas pas\u0101kumu apmekl\u0113ja vair\u0101ki desmiti cilv\u0113ku, vi\u0146u vid\u016b ar\u012b b\u0113rni un jaunie\u0161i. <\/p>\n<p>Patriotisko noska\u0146u veicin\u0101ja p\u016bt\u0113ju or\u0137estris.<\/p>\n<p>Pla\u0161\u0101k skaties 360 Zi\u0146\u0101s jau \u0161ovakar.<\/p>\n","protected":false},"excerpt":{"rendered":"Pie Latvijas Kara muzeja \u0161odien iedegts Neatkar\u012bbas kara piemi\u0146as ugunskurs, turpat ar\u012b apskat\u0101ma nacion\u0101lo un sabiedroto bru\u0146oto sp\u0113ku&hellip;\n","protected":false},"author":2,"featured_media":42743,"comment_status":"","ping_status":"","sticky":false,"template":"","format":"standard","meta":{"footnotes":""},"categories":[12],"tags":[129,1304,23,28,29,32,33,22,30,31,35,39,38,36,37,34,40,20,26,27,1305,1306,24,25,21],"class_list":{"0":"post-42742","1":"post","2":"type-post","3":"status-publish","4":"format-standard","5":"has-post-thumbnail","7":"category-latvija","8":"tag-__typenameadvicekeyword","9":"tag-id970","10":"tag-aktualitates","11":"tag-breaking-news","12":"tag-breakingnews","13":"tag-featured-news","14":"tag-featurednews","15":"tag-headlines","16":"tag-latest-news","17":"tag-latestnews","18":"tag-latvia","19":"tag-latvian","20":"tag-latviesu","21":"tag-latviesu-valoda","22":"tag-latviesuvaloda","23":"tag-latvija","24":"tag-lv","25":"tag-news","26":"tag-popularakas-zinas","27":"tag-popularakaszinas","28":"tag-slug360-zinas","29":"tag-title360-zinas","30":"tag-top-stories","31":"tag-topstories","32":"tag-zinas"},"share_on_mastodon":{"url":"https:\/\/pubeurope.com\/@lv\/115509300106152084","error":""},"_links":{"self":[{"href":"https:\/\/www.europesays.com\/lv\/wp-json\/wp\/v2\/posts\/42742","targetHints":{"allow":["GET"]}}],"collection":[{"href":"https:\/\/www.europesays.com\/lv\/wp-json\/wp\/v2\/posts"}],"about":[{"href":"https:\/\/www.europesays.com\/lv\/wp-json\/wp\/v2\/types\/post"}],"author":[{"embeddable":true,"href":"https:\/\/www.europesays.com\/lv\/wp-json\/wp\/v2\/users\/2"}],"replies":[{"embeddable":true,"href":"https:\/\/www.europesays.com\/lv\/wp-json\/wp\/v2\/comments?post=42742"}],"version-history":[{"count":0,"href":"https:\/\/www.europesays.com\/lv\/wp-json\/wp\/v2\/posts\/42742\/revisions"}],"wp:featuredmedia":[{"embeddable":true,"href":"https:\/\/www.europesays.com\/lv\/wp-json\/wp\/v2\/media\/42743"}],"wp:attachment":[{"href":"https:\/\/www.europesays.com\/lv\/wp-json\/wp\/v2\/media?parent=42742"}],"wp:term":[{"taxonomy":"category","embeddable":true,"href":"https:\/\/www.europesays.com\/lv\/wp-json\/wp\/v2\/categories?post=42742"},{"taxonomy":"post_tag","embeddable":true,"href":"https:\/\/www.europesays.com\/lv\/wp-json\/wp\/v2\/tags?post=42742"}],"curies":[{"name":"wp","href":"https:\/\/api.w.org\/{rel}","templated":true}]}}