{"id":42749,"date":"2025-11-07T16:19:07","date_gmt":"2025-11-07T16:19:07","guid":{"rendered":"https:\/\/www.europesays.com\/lv\/42749\/"},"modified":"2025-11-07T16:19:07","modified_gmt":"2025-11-07T16:19:07","slug":"ukraina-veikusi-dronu-triecienu-naftas-kimijas-rupnicai-baskortostana-diena","status":"publish","type":"post","link":"https:\/\/www.europesays.com\/lv\/42749\/","title":{"rendered":"Ukraina veikusi dronu triecienu naftas \u0137\u012bmijas r\u016bpn\u012bcai Ba\u0161kortost\u0101n\u0101 \/ Diena"},"content":{"rendered":"<p>R\u016bpn\u012bca ra\u017eo produktus Krievijas armijas un milit\u0101ri r\u016bpniecisk\u0101 kompleksa vajadz\u012bb\u0101m, ar\u012b jonolu, avi\u0101cijas benz\u012bnu un sint\u0113tiskos polim\u0113rus.<\/p>\n<p>&#13;<br \/>\n&#13;<\/p>\n<p>Trieciena rezult\u0101t\u0101 vien\u0101 r\u016bpn\u012bcas ceh\u0101 izc\u0113l\u0101s ugunsgr\u0113ks, nor\u0101da HUR.<\/p>\n<p>&#13;<br \/>\n&#13;<\/p>\n<p>Sterlitamakas administr\u0101cijas vad\u012bt\u0101js vad\u012bt\u0101js zi\u0146oja par spr\u0101dzienu otrdien r\u016bpn\u012bcas \u016bdens att\u012br\u012b\u0161anas ceh\u0101.<\/p>\n<p>&#13;<br \/>\n&#13;<\/p>\n<p>Tas notika divu dronu trieciena rezult\u0101t\u0101, apstiprin\u0101ja re\u0123iona l\u012bderis Radijs Habirovs.<\/p>\n<p>&#13;<\/p>\n","protected":false},"excerpt":{"rendered":"R\u016bpn\u012bca ra\u017eo produktus Krievijas armijas un milit\u0101ri r\u016bpniecisk\u0101 kompleksa vajadz\u012bb\u0101m, ar\u012b jonolu, avi\u0101cijas benz\u012bnu un sint\u0113tiskos polim\u0113rus. &#13;&hellip;\n","protected":false},"author":2,"featured_media":5501,"comment_status":"","ping_status":"","sticky":false,"template":"","format":"standard","meta":{"footnotes":""},"categories":[5],"tags":[23,28,29,32,33,22,30,31,35,39,38,36,37,34,40,20,26,27,24,25,21],"class_list":{"0":"post-42749","1":"post","2":"type-post","3":"status-publish","4":"format-standard","5":"has-post-thumbnail","7":"category-aktualitates","8":"tag-aktualitates","9":"tag-breaking-news","10":"tag-breakingnews","11":"tag-featured-news","12":"tag-featurednews","13":"tag-headlines","14":"tag-latest-news","15":"tag-latestnews","16":"tag-latvia","17":"tag-latvian","18":"tag-latviesu","19":"tag-latviesu-valoda","20":"tag-latviesuvaloda","21":"tag-latvija","22":"tag-lv","23":"tag-news","24":"tag-popularakas-zinas","25":"tag-popularakaszinas","26":"tag-top-stories","27":"tag-topstories","28":"tag-zinas"},"share_on_mastodon":{"url":"https:\/\/pubeurope.com\/@lv\/115509327490730457","error":""},"_links":{"self":[{"href":"https:\/\/www.europesays.com\/lv\/wp-json\/wp\/v2\/posts\/42749","targetHints":{"allow":["GET"]}}],"collection":[{"href":"https:\/\/www.europesays.com\/lv\/wp-json\/wp\/v2\/posts"}],"about":[{"href":"https:\/\/www.europesays.com\/lv\/wp-json\/wp\/v2\/types\/post"}],"author":[{"embeddable":true,"href":"https:\/\/www.europesays.com\/lv\/wp-json\/wp\/v2\/users\/2"}],"replies":[{"embeddable":true,"href":"https:\/\/www.europesays.com\/lv\/wp-json\/wp\/v2\/comments?post=42749"}],"version-history":[{"count":0,"href":"https:\/\/www.europesays.com\/lv\/wp-json\/wp\/v2\/posts\/42749\/revisions"}],"wp:featuredmedia":[{"embeddable":true,"href":"https:\/\/www.europesays.com\/lv\/wp-json\/wp\/v2\/media\/5501"}],"wp:attachment":[{"href":"https:\/\/www.europesays.com\/lv\/wp-json\/wp\/v2\/media?parent=42749"}],"wp:term":[{"taxonomy":"category","embeddable":true,"href":"https:\/\/www.europesays.com\/lv\/wp-json\/wp\/v2\/categories?post=42749"},{"taxonomy":"post_tag","embeddable":true,"href":"https:\/\/www.europesays.com\/lv\/wp-json\/wp\/v2\/tags?post=42749"}],"curies":[{"name":"wp","href":"https:\/\/api.w.org\/{rel}","templated":true}]}}