{"id":42752,"date":"2025-11-07T16:24:11","date_gmt":"2025-11-07T16:24:11","guid":{"rendered":"https:\/\/www.europesays.com\/lv\/42752\/"},"modified":"2025-11-07T16:24:11","modified_gmt":"2025-11-07T16:24:11","slug":"generalprokurora-amatam-tieslietu-padome-virza-meisteru","status":"publish","type":"post","link":"https:\/\/www.europesays.com\/lv\/42752\/","title":{"rendered":"\u0122ener\u0101lprokurora amatam Tieslietu padome virza Meisteru"},"content":{"rendered":"<p>Savuk\u0101rt biju\u0161ais Organiz\u0113t\u0101s noziedz\u012bbas un citu nozaru specializ\u0113t\u0101s prokurat\u016bras prokurors J\u0101nis Ilsteris pirms padomes balsojuma medijiem pauda atzin\u012bbu par Meisteru, kur\u0161 var\u0113jis lab\u0101k paskaidrot savu poz\u012bciju par praktisk\u0101m liet\u0101m nek\u0101 p\u0101r\u0113jie kandid\u0101ti.<\/p>\n<p>TP padomes s\u0113di, at\u0161\u0137ir\u012bb\u0101 no iepriek\u0161\u0113j\u0101 konkursa, \u017eurn\u0101listiem bija iesp\u0113ja v\u0113rot tikai att\u0101lin\u0101ti tie\u0161saist\u0113. Strupi\u0161s skaidroja, ka \u0161\u0101di dro\u0161\u012bbas pas\u0101kumi saist\u012bti ar iepriek\u0161\u0113jo reizi, kad p\u0113c \u017eurn\u0101listu kl\u0101tb\u016btnes padomes s\u0113des sl\u0113gtaj\u0101 da\u013c\u0101 atrasts iesl\u0113gts diktafons. LETA jau rakst\u012bja, ka Valsts policija j\u016bnij\u0101 s\u0101ka krimin\u0101lprocesu par atrastu aizdom\u012bgu ierakst\u012b\u0161anas ier\u012bci TP s\u0113des sl\u0113gtaj\u0101 da\u013c\u0101, kur\u0101 padomes locek\u013ci l\u0113ma par \u0123ener\u0101lprokurora amata kandid\u0101tiem.<\/p>\n<p>Likums paredz, ka \u0123ener\u0101lprokuroru p\u0113c Tieslietu padomes priek\u0161likuma amat\u0101 uz pieciem gadiem iece\u013c Saeima. Viena un t\u0101 pati persona var b\u016bt par \u0123ener\u0101lprokuroru ne vair\u0101k k\u0101 divus termi\u0146us p\u0113c k\u0101rtas.<\/p>\n<p>Meisters no 2018. gada maija ir R\u012bgas tiesas apgabala prokurat\u016bras virsprokurors. 2023. gad\u0101 vi\u0146\u0161 iecelts \u0161aj\u0101 amat\u0101 uz otru termi\u0146u. No 2000. gada vi\u0146\u0161 str\u0101d\u0101jis da\u017e\u0101d\u0101s prokurat\u016bras strukt\u016brvien\u012bb\u0101s, tostarp bijis R\u012bgas pils\u0113tas Centra rajona prokurat\u016bras virsprokurors un Finan\u0161u un ekonomisko noziegumu izmekl\u0113\u0161anas prokurat\u016bras virsprokurors.<\/p>\n<p>Jau v\u0113st\u012bts, ka atk\u0101rtotaj\u0101 konkurs\u0101 uz \u0123ener\u0101lprokurora amatu pieteic\u0101s Meisters, l\u012bdz\u0161in\u0113jais \u0123ener\u0101lprokurors Juris Stuk\u0101ns, Satversmes tiesas tiesnesis, biju\u0161ais prokurors Juris Juriss un biju\u0161ais Organiz\u0113t\u0101s noziedz\u012bbas un citu nozaru specializ\u0113t\u0101s prokurat\u016bras prokurors J\u0101nis Ilsteris.<\/p>\n<p>Stuk\u0101nam 11. j\u016blij\u0101 nosl\u0113dz\u0101s pilnvaru termi\u0146\u0161, bet pirmaj\u0101 konkurs\u0101 \u0161\u012b gada pavasar\u012b jaunu \u0123ener\u0101lprokuroru izraudz\u012bties neizdev\u0101s, jo neviens no trim kandid\u0101tiem neguva Tieslietu padomes atbalstu un netika virz\u012bts apstiprin\u0101\u0161anai Saeim\u0101. Toreiz konkurs\u0101 bija pieteicies Stuk\u0101ns, \u0122ener\u0101lprokurat\u016bras Darb\u012bbas kontroles un starptautisk\u0101s sadarb\u012bbas departamenta Prokurat\u016bras funkciju \u012bsteno\u0161anas koordin\u0101cijas noda\u013cas prokurors Uvis Kozlovskis un \u0122ener\u0101lprokurat\u016bras Darb\u012bbas kontroles un starptautisk\u0101s sadarb\u012bbas departamenta virsprokurors Aivars Ostapko.<\/p>\n<p>K\u0101dreiz\u0113jo R\u012bgas apgabaltiesas Krimin\u0101llietu tiesas kol\u0113\u0123ijas priek\u0161s\u0113d\u0113t\u0101ju Stuk\u0101nu Saeima vienbals\u012bgi apstiprin\u0101ja \u0123ener\u0101lprokurora amat\u0101 2020. gada 18. j\u016bnij\u0101.<\/p>\n<p>L\u012bdz jauna \u0123ener\u0101lprokurora izraudz\u012b\u0161an\u0101s br\u012bdim \u0123ener\u0101lprokurora amata pien\u0101kumus pilda virsprokurors Arv\u012bds Kalni\u0146\u0161.<\/p>\n","protected":false},"excerpt":{"rendered":"Savuk\u0101rt biju\u0161ais Organiz\u0113t\u0101s noziedz\u012bbas un citu nozaru specializ\u0113t\u0101s prokurat\u016bras prokurors J\u0101nis Ilsteris pirms padomes balsojuma medijiem pauda atzin\u012bbu&hellip;\n","protected":false},"author":2,"featured_media":42753,"comment_status":"","ping_status":"","sticky":false,"template":"","format":"standard","meta":{"footnotes":""},"categories":[12],"tags":[23,12075,28,29,32,33,12073,22,30,31,35,39,38,36,37,34,40,20,26,27,12074,24,25,21],"class_list":{"0":"post-42752","1":"post","2":"type-post","3":"status-publish","4":"format-standard","5":"has-post-thumbnail","7":"category-latvija","8":"tag-aktualitates","9":"tag-armins-meisters","10":"tag-breaking-news","11":"tag-breakingnews","12":"tag-featured-news","13":"tag-featurednews","14":"tag-generalprokurors","15":"tag-headlines","16":"tag-latest-news","17":"tag-latestnews","18":"tag-latvia","19":"tag-latvian","20":"tag-latviesu","21":"tag-latviesu-valoda","22":"tag-latviesuvaloda","23":"tag-latvija","24":"tag-lv","25":"tag-news","26":"tag-popularakas-zinas","27":"tag-popularakaszinas","28":"tag-tieslietu-padome","29":"tag-top-stories","30":"tag-topstories","31":"tag-zinas"},"share_on_mastodon":{"url":"https:\/\/pubeurope.com\/@lv\/115509347326957640","error":""},"_links":{"self":[{"href":"https:\/\/www.europesays.com\/lv\/wp-json\/wp\/v2\/posts\/42752","targetHints":{"allow":["GET"]}}],"collection":[{"href":"https:\/\/www.europesays.com\/lv\/wp-json\/wp\/v2\/posts"}],"about":[{"href":"https:\/\/www.europesays.com\/lv\/wp-json\/wp\/v2\/types\/post"}],"author":[{"embeddable":true,"href":"https:\/\/www.europesays.com\/lv\/wp-json\/wp\/v2\/users\/2"}],"replies":[{"embeddable":true,"href":"https:\/\/www.europesays.com\/lv\/wp-json\/wp\/v2\/comments?post=42752"}],"version-history":[{"count":0,"href":"https:\/\/www.europesays.com\/lv\/wp-json\/wp\/v2\/posts\/42752\/revisions"}],"wp:featuredmedia":[{"embeddable":true,"href":"https:\/\/www.europesays.com\/lv\/wp-json\/wp\/v2\/media\/42753"}],"wp:attachment":[{"href":"https:\/\/www.europesays.com\/lv\/wp-json\/wp\/v2\/media?parent=42752"}],"wp:term":[{"taxonomy":"category","embeddable":true,"href":"https:\/\/www.europesays.com\/lv\/wp-json\/wp\/v2\/categories?post=42752"},{"taxonomy":"post_tag","embeddable":true,"href":"https:\/\/www.europesays.com\/lv\/wp-json\/wp\/v2\/tags?post=42752"}],"curies":[{"name":"wp","href":"https:\/\/api.w.org\/{rel}","templated":true}]}}