{"id":42754,"date":"2025-11-07T16:25:21","date_gmt":"2025-11-07T16:25:21","guid":{"rendered":"https:\/\/www.europesays.com\/lv\/42754\/"},"modified":"2025-11-07T16:25:21","modified_gmt":"2025-11-07T16:25:21","slug":"ta-bija-loti-loti-mazina-kamerina-smiltens-censas-attaisnot-lidakas-skandalozo-izteikumu-bet-varbut-labak-nevajadzeja","status":"publish","type":"post","link":"https:\/\/www.europesays.com\/lv\/42754\/","title":{"rendered":"\u201cT\u0101 bija \u013coti, \u013coti mazi\u0146a kameri\u0146a!\u201d Smilt\u0113ns cen\u0161as attaisnot L\u012bdakas skandalozo izteikumu, bet varb\u016bt lab\u0101k nevajadz\u0113ja?"},"content":{"rendered":"<p>    <img decoding=\"async\" src=\"https:\/\/www.europesays.com\/lv\/wp-content\/uploads\/2025\/11\/png-22-1024x683.png\" alt=\"&#10;\"\/><\/p>\n<p>Foto: LETA\/Ekr\u0101nuz\u0146\u0113mums no LTV video\n<\/p>\n<p>Pirms p\u0101ris dien\u0101m Saeimas Pilson\u012bbas, migr\u0101cijas un sabiedr\u012bbas salied\u0113t\u012bbas komisijas sekret\u0101rs Ingm\u0101rs L\u012bdaka (AS) non\u0101ca soci\u0101lo t\u012bklu un mediju uzman\u012bbas centr\u0101 ar \u012bpa\u0161i lakonisku koment\u0101ru par Stambulas konvenciju. <\/p>\n<p>        Las\u012bt\u0101kie<br \/>\n        <a data-imagesrc=\"{&quot;300&quot;:&quot;https:\\\/\\\/lastatic.ams3.cdn.digitaloceanspaces.com\\\/2025\\\/07\\\/afp_683m47j-300x200.jpg&quot;,&quot;1024&quot;:&quot;https:\\\/\\\/lastatic.ams3.cdn.digitaloceanspaces.com\\\/2025\\\/07\\\/afp_683m47j-1024x683.jpg&quot;,&quot;768&quot;:&quot;https:\\\/\\\/lastatic.ams3.cdn.digitaloceanspaces.com\\\/2025\\\/07\\\/afp_683m47j-768x512.jpg&quot;,&quot;1536&quot;:&quot;https:\\\/\\\/lastatic.ams3.cdn.digitaloceanspaces.com\\\/2025\\\/07\\\/afp_683m47j-1536x1024.jpg&quot;,&quot;2048&quot;:&quot;https:\\\/\\\/lastatic.ams3.cdn.digitaloceanspaces.com\\\/2025\\\/07\\\/afp_683m47j-2048x1365.jpg&quot;,&quot;200&quot;:&quot;https:\\\/\\\/lastatic.ams3.cdn.digitaloceanspaces.com\\\/2025\\\/07\\\/afp_683m47j-200x133.jpg&quot;,&quot;400&quot;:&quot;https:\\\/\\\/lastatic.ams3.cdn.digitaloceanspaces.com\\\/2025\\\/07\\\/afp_683m47j-400x267.jpg&quot;,&quot;500&quot;:&quot;https:\\\/\\\/lastatic.ams3.cdn.digitaloceanspaces.com\\\/2025\\\/07\\\/afp_683m47j-500x333.jpg&quot;,&quot;800&quot;:&quot;https:\\\/\\\/lastatic.ams3.cdn.digitaloceanspaces.com\\\/2025\\\/07\\\/afp_683m47j-800x533.jpg&quot;,&quot;1000&quot;:&quot;https:\\\/\\\/lastatic.ams3.cdn.digitaloceanspaces.com\\\/2025\\\/07\\\/afp_683m47j-1000x667.jpg&quot;,&quot;2560&quot;:&quot;https:\\\/\\\/lastatic.ams3.cdn.digitaloceanspaces.com\\\/2025\\\/07\\\/afp_683m47j-scaled.jpg&quot;}\" data-focuspoint=\"&quot;&quot;\" data-p=\"2462355\" href=\"https:\/\/www.la.lv\/tramps-sniedzis-negaiditu-pazinojumu-par-progresu-kara-izbeigsana\" class=\"content-item lazy-load\" wp_automatic_readability=\"26\" rel=\"nofollow noopener\" target=\"_blank\"><\/p>\n<p>                                <img decoding=\"async\" src=\"\" alt=\"\" style=\"\" data-imageid=\"\"\/><\/p>\n<p>\n                                                Tramps sniedzis negaid\u012btu pazi\u0146ojumu par progresu kara izbeig\u0161an\u0101\n                            <\/p>\n<p><\/a><a data-imagesrc=\"{&quot;300&quot;:&quot;https:\\\/\\\/lastatic.ams3.cdn.digitaloceanspaces.com\\\/2025\\\/11\\\/577609299_812127934898113_8155719312507424209_n-300x200.jpg&quot;,&quot;1024&quot;:&quot;https:\\\/\\\/lastatic.ams3.cdn.digitaloceanspaces.com\\\/2025\\\/11\\\/577609299_812127934898113_8155719312507424209_n-1024x683.jpg&quot;,&quot;1536&quot;:&quot;https:\\\/\\\/lastatic.ams3.cdn.digitaloceanspaces.com\\\/2025\\\/11\\\/577609299_812127934898113_8155719312507424209_n-1536x1025.jpg&quot;,&quot;500&quot;:&quot;https:\\\/\\\/lastatic.ams3.cdn.digitaloceanspaces.com\\\/2025\\\/11\\\/577609299_812127934898113_8155719312507424209_n-500x333.jpg&quot;,&quot;800&quot;:&quot;https:\\\/\\\/lastatic.ams3.cdn.digitaloceanspaces.com\\\/2025\\\/11\\\/577609299_812127934898113_8155719312507424209_n-800x534.jpg&quot;,&quot;2048&quot;:&quot;https:\\\/\\\/lastatic.ams3.cdn.digitaloceanspaces.com\\\/2025\\\/11\\\/577609299_812127934898113_8155719312507424209_n.jpg&quot;}\" data-focuspoint=\"&quot;&quot;\" data-p=\"2462170\" href=\"https:\/\/www.la.lv\/sads-skats-verojams-ilgu-laiku-saeimas-arkartas-sede-redzama-deputatu-attieksme-izsit-korkus\" class=\"content-item lazy-load\" wp_automatic_readability=\"26.5\" rel=\"nofollow noopener\" target=\"_blank\"><\/p>\n<p>                                <img decoding=\"async\" src=\"\" alt=\"\" style=\"\" data-imageid=\"\"\/><\/p>\n<p>\n                                                \u0160\u0101ds skats v\u0113rojams ilgu laiku\u2026 Saeimas \u0101rk\u0101rtas s\u0113d\u0113 redzam\u0101 deput\u0101tu attieksme \u201cizsit kor\u0137us\u201d\n                            <\/p>\n<p><\/a><a data-imagesrc=\"{&quot;300&quot;:&quot;https:\\\/\\\/lastatic.ams3.cdn.digitaloceanspaces.com\\\/2024\\\/09\\\/kovids-covid-19-viruss-rudnes-virusi-grupa-saslimsana-slima-meitene-300x200.jpg&quot;,&quot;768&quot;:&quot;https:\\\/\\\/lastatic.ams3.cdn.digitaloceanspaces.com\\\/2024\\\/09\\\/kovids-covid-19-viruss-rudnes-virusi-grupa-saslimsana-slima-meitene-768x512.jpg&quot;,&quot;200&quot;:&quot;https:\\\/\\\/lastatic.ams3.cdn.digitaloceanspaces.com\\\/2024\\\/09\\\/kovids-covid-19-viruss-rudnes-virusi-grupa-saslimsana-slima-meitene-200x133.jpg&quot;,&quot;400&quot;:&quot;https:\\\/\\\/lastatic.ams3.cdn.digitaloceanspaces.com\\\/2024\\\/09\\\/kovids-covid-19-viruss-rudnes-virusi-grupa-saslimsana-slima-meitene-400x267.jpg&quot;,&quot;500&quot;:&quot;https:\\\/\\\/lastatic.ams3.cdn.digitaloceanspaces.com\\\/2024\\\/09\\\/kovids-covid-19-viruss-rudnes-virusi-grupa-saslimsana-slima-meitene-500x334.jpg&quot;,&quot;800&quot;:&quot;https:\\\/\\\/lastatic.ams3.cdn.digitaloceanspaces.com\\\/2024\\\/09\\\/kovids-covid-19-viruss-rudnes-virusi-grupa-saslimsana-slima-meitene-800x534.jpg&quot;,&quot;1000&quot;:&quot;https:\\\/\\\/lastatic.ams3.cdn.digitaloceanspaces.com\\\/2024\\\/09\\\/kovids-covid-19-viruss-rudnes-virusi-grupa-saslimsana-slima-meitene.jpg&quot;}\" data-focuspoint=\"&quot;&quot;\" data-p=\"2461976\" href=\"https:\/\/www.la.lv\/eksperti-atklaj-5-uztura-bagatinatajus-kuri-soruden-glabs-tavu-imunitati-ne-saraksta-nav-d-vitamina\" class=\"content-item lazy-load\" wp_automatic_readability=\"27.5\" rel=\"nofollow noopener\" target=\"_blank\"><\/p>\n<p>                                <img decoding=\"async\" src=\"\" alt=\"\" style=\"\" data-imageid=\"\"\/><\/p>\n<p>                                Veselam<\/p>\n<p>\n                                                Eksperti atkl\u0101j 5 uztura bag\u0101tin\u0101t\u0101jus, kuri \u0161oruden gl\u0101bs tavu imunit\u0101ti: n\u0113, sarakst\u0101 nav D vitam\u012bna\n                            <\/p>\n<p><\/a><br \/>\n        <a class=\"read-more\" href=\"https:\/\/www.la.lv\/top\" rel=\"nofollow noopener\" target=\"_blank\">Las\u012bt citas zi\u0146as<\/a><\/p>\n<p>Atg\u0101din\u0101sim, ka koment\u0113jot \u0161o jaut\u0101jumu LTV raid\u012bjumam \u201cde facto\u201d, <a href=\"https:\/\/www.la.lv\/tas-ir-noticis-atbildot-uz-jautajumu-kapec-latvijai-jaizstajas-no-stambulas-konvencijas-ingmars-lidaka-parspejis-pats-savu-aizver-muti\" rel=\"noopener nofollow\" target=\"_blank\">L\u012bdaka<\/a> uz \u017eurn\u0101lista jaut\u0101jumu par to, k\u0101p\u0113c Latvijai b\u016btu j\u0101izst\u0101jas no Stambulas konvencijas, atbild\u0113ja pavisam lakoniski: \u201cT\u0101p\u0113c, ka man t\u0101 gribas.\u201d <\/p>\n<blockquote class=\"twitter-tweet\" data-media-max-width=\"560\" wp_automatic_readability=\"5.6170212765957\">\n<p lang=\"lv\" dir=\"ltr\">Ingm\u0101rs L\u012bdaka par izst\u0101\u0161anos no Stambulas konvencijas. <a href=\"https:\/\/t.co\/0S26faCqRD\" rel=\"nofollow\">pic.twitter.com\/0S26faCqRD<\/a><\/p>\n<p>\u2014 Nepareizais Emu\u0101rs (@n_karklinz) <a href=\"https:\/\/twitter.com\/n_karklinz\/status\/1985153345619693955?ref_src=twsrc%5Etfw\" rel=\"nofollow noopener\" target=\"_blank\">November 3, 2025<\/a><\/p>\n<\/blockquote>\n<p>    CITI \u0160OBR\u012aD LASA<\/p>\n<p>Soci\u0101laj\u0101 t\u012bkl\u0101 \u201cThreads\u201d k\u0101ds lietot\u0101js public\u0113jis fragmentu no LTV raid\u012bjuma \u201c\u0160odienas jaut\u0101jums\u201d, kur viesoj\u0101s Saeimas deput\u0101ts Edvards Smilt\u0113ns (AS). <\/p>\n<p>Vi\u0146\u0161 visnota\u013c amizant\u0101 veid\u0101 m\u0113\u0123in\u0101ja aizst\u0101v\u0113t partijas biedra sac\u012bto, pamatojoties uz to, ka \u017eurn\u0101lista \u201ckameri\u0146a bijusi \u013coti mazi\u0146a\u201d. <\/p>\n<p>Smilt\u0113ns raid\u012bjuma vad\u012bt\u0101jai teica: \u201cL\u012bdakas kungs, protams, p\u0101rdz\u012bvo to izteikumu, jo t\u0101 bija mazi\u0146a kameri\u0146a. Vi\u0146\u0161 dom\u0101ja, ka vi\u0146u nefilm\u0113. (..) T\u0101 tie\u0161\u0101m bija \u013coti maza kameri\u0146a, kas tika tur\u0113ta, es redz\u0113ju pats. L\u012bdakas kungs, protams, kamer\u0101 to neb\u016btu teicis. Vi\u0146\u0161 dom\u0101ja, ka run\u0101 ar \u017eurn\u0101listiem, kas netiek film\u0113ts.\u201d <\/p>\n<p>Smilt\u0113ns vair\u0101kas reizes demonstr\u0113ja ar roku \u017eestiem, cik tad \u013coti mazi\u0146a kamera bijusi.    <\/p>\n<p>Cilv\u0113ki \u201cThreads\u201d koment\u0113ja Smilt\u0113na sac\u012bto. K\u0101ds pat nol\u0113ma pie\u0161\u0137irt vi\u0146am balvu par mu\u013c\u0137\u012bg\u0101ko attaisnojumu, bet v\u0113l k\u0101ds izteic\u0101s, ka Smilt\u0113na izteikumi p\u0101rsp\u0113ja L\u012bdakas sac\u012bto. <\/p>\n<p><img decoding=\"async\" src=\"https:\/\/www.europesays.com\/lv\/wp-content\/uploads\/2025\/11\/Ekranuznemums-2025-11-07-131615.png\" alt=\"\"\/><br \/>\n<img decoding=\"async\" src=\"https:\/\/www.europesays.com\/lv\/wp-content\/uploads\/2025\/11\/Ekranuznemums-2025-11-07-131751.png\" alt=\"\"\/><\/p>\n<p>Joproj\u0101m daudzi noteikti atceras L\u012bdakas izsaucienu Saeimas s\u0113d\u0113 2009. gad\u0101 \u2013 \u201cAizver muti!\u201d\u2013 kas tolaik tika velt\u012bts kol\u0113\u0123iem parlamenta z\u0101l\u0113, kad Saeima izskat\u012bja groz\u012bjumus Latvijas valsts karoga likum\u0101. <\/p>\n<p>T\u0113mas<\/p>\n<p>    SAIST\u012aTIE RAKSTI<\/p>\n<p>                            <script async src=\"https:\/\/platform.twitter.com\/widgets.js\" charset=\"utf-8\"><\/script><\/p>\n","protected":false},"excerpt":{"rendered":"Foto: LETA\/Ekr\u0101nuz\u0146\u0113mums no LTV video Pirms p\u0101ris dien\u0101m Saeimas Pilson\u012bbas, migr\u0101cijas un sabiedr\u012bbas salied\u0113t\u012bbas komisijas sekret\u0101rs Ingm\u0101rs L\u012bdaka&hellip;\n","protected":false},"author":2,"featured_media":42755,"comment_status":"","ping_status":"","sticky":false,"template":"","format":"standard","meta":{"footnotes":""},"categories":[5],"tags":[23,28,29,32,33,22,30,31,35,39,38,36,37,34,40,20,26,27,24,25,21],"class_list":{"0":"post-42754","1":"post","2":"type-post","3":"status-publish","4":"format-standard","5":"has-post-thumbnail","7":"category-aktualitates","8":"tag-aktualitates","9":"tag-breaking-news","10":"tag-breakingnews","11":"tag-featured-news","12":"tag-featurednews","13":"tag-headlines","14":"tag-latest-news","15":"tag-latestnews","16":"tag-latvia","17":"tag-latvian","18":"tag-latviesu","19":"tag-latviesu-valoda","20":"tag-latviesuvaloda","21":"tag-latvija","22":"tag-lv","23":"tag-news","24":"tag-popularakas-zinas","25":"tag-popularakaszinas","26":"tag-top-stories","27":"tag-topstories","28":"tag-zinas"},"share_on_mastodon":{"url":"https:\/\/pubeurope.com\/@lv\/115509351180865216","error":""},"_links":{"self":[{"href":"https:\/\/www.europesays.com\/lv\/wp-json\/wp\/v2\/posts\/42754","targetHints":{"allow":["GET"]}}],"collection":[{"href":"https:\/\/www.europesays.com\/lv\/wp-json\/wp\/v2\/posts"}],"about":[{"href":"https:\/\/www.europesays.com\/lv\/wp-json\/wp\/v2\/types\/post"}],"author":[{"embeddable":true,"href":"https:\/\/www.europesays.com\/lv\/wp-json\/wp\/v2\/users\/2"}],"replies":[{"embeddable":true,"href":"https:\/\/www.europesays.com\/lv\/wp-json\/wp\/v2\/comments?post=42754"}],"version-history":[{"count":0,"href":"https:\/\/www.europesays.com\/lv\/wp-json\/wp\/v2\/posts\/42754\/revisions"}],"wp:featuredmedia":[{"embeddable":true,"href":"https:\/\/www.europesays.com\/lv\/wp-json\/wp\/v2\/media\/42755"}],"wp:attachment":[{"href":"https:\/\/www.europesays.com\/lv\/wp-json\/wp\/v2\/media?parent=42754"}],"wp:term":[{"taxonomy":"category","embeddable":true,"href":"https:\/\/www.europesays.com\/lv\/wp-json\/wp\/v2\/categories?post=42754"},{"taxonomy":"post_tag","embeddable":true,"href":"https:\/\/www.europesays.com\/lv\/wp-json\/wp\/v2\/tags?post=42754"}],"curies":[{"name":"wp","href":"https:\/\/api.w.org\/{rel}","templated":true}]}}