{"id":42756,"date":"2025-11-07T16:31:07","date_gmt":"2025-11-07T16:31:07","guid":{"rendered":"https:\/\/www.europesays.com\/lv\/42756\/"},"modified":"2025-11-07T16:31:07","modified_gmt":"2025-11-07T16:31:07","slug":"ostapenko-un-sje-piedzivo-zaudejumu-wta-finals-turnira-pusfinala","status":"publish","type":"post","link":"https:\/\/www.europesays.com\/lv\/42756\/","title":{"rendered":"Ostapenko un Sje piedz\u012bvo zaud\u0113jumu \u201cWTA Finals\u201d turn\u012bra pusfin\u0101l\u0101"},"content":{"rendered":"<p>Par iz\u0161\u0137iro\u0161o set\u0101 k\u013cuva desmitais geims, kur\u0101 Babo\u0161a\/Stefani realiz\u0113ja otro no trim setbumb\u0101m.<\/p>\n<p>Ar\u012b otro setu ar servi un uzvar\u0113tu geimu s\u0101ka Ung\u0101rijas\/Braz\u012blijas duets, bet Latvijas\/Taiv\u0101nas p\u0101ris p\u0113c trim uzvar\u0113tiem geimiem izvirz\u012bj\u0101s vad\u012bb\u0101 ar 4-2.<\/p>\n<p>N\u0101kamos tr\u012bs geimus uzvar\u0113ja Babo\u0161a un Stefani, bet desmitaj\u0101 geim\u0101 Ostapenko ar Sji atsp\u0113l\u0113ja divas ma\u010dbumbas p\u0113c k\u0101rtas \u2013 5:5.<\/p>\n<p>Taibreik\u0101 Ostapenko\/Sje atsp\u0113l\u0113j\u0101s no 2:5, ta\u010du p\u0113d\u0113j\u0101s div\u0101s izsp\u0113l\u0113s uzvar\u0113ja pretinieces.<\/p>\n<p>Ostapenko par startu Rij\u0101d\u0101 nopeln\u012bja 1200 pasaules dubultsp\u0113\u013cu ranga punktu.<\/p>\n<p>Ostapenko\/Sje Martinas Navr\u0101tilovas v\u0101rd\u0101 nosauktaj\u0101 apak\u0161grup\u0101 uzvar\u0113ja vis\u0101s tr\u012bs sp\u0113l\u0113s. Latvijas un Taiv\u0101nas duets ar 1-6, 7-5, 10:5 p\u0101rsp\u0113ja be\u013c\u0123ieti El\u012bzi Mertensu un krievieti Veroniku Kudermetovu (4.), ar 6-3, 6-4 \u2013 sacens\u012bbu galven\u0101s favor\u012btes Jasm\u012bni Paol\u012bni un S\u0101ru Err\u0101ni no It\u0101lijas, nodro\u0161inot vietu pusfin\u0101l\u0101, un ar 6-3, 6-1 \u2013 ASV un N\u012bderlandes duetu Ei\u017ea Muhammada\/Demi Sh\u016brsa (8.).<\/p>\n<p>Ar sept\u012bto numuru sacens\u012bb\u0101s izs\u0113t\u0101s Babo\u0161a un Stefani Lizeles H\u016bberes v\u0101rd\u0101 nosauktaj\u0101 grup\u0101 uzvar\u0113ja div\u0101s no trim sp\u0113l\u0113m un bija otr\u0101s.<\/p>\n<p>Otr\u0101 pusfin\u0101l\u0101 dubultsp\u0113\u013cu ranga l\u012bderes \u010dehiete Kater\u017eina Sinjakova un amerik\u0101niete Teilore Taunzenda, kuras turn\u012br\u0101 ir izs\u0113tas ar otro numuru, tiksies ar Kudermetovu un Mertensu.<\/p>\n<p>Pusfin\u0101l\u0101 iek\u013cuva grupu pirmo divu vietu ieguv\u0113jas.<\/p>\n<p>\u201cWTA Finals\u201d Sa\u016bda Ar\u0101bijas galvaspils\u0113t\u0101 Rij\u0101d\u0101 beigsies sestdien.<\/p>\n<p class=\"tv3-fw-500\">Zi\u0146o par k\u013c\u016bdu rakst\u0101<\/p>\n<p class=\"d-md-block d-none\">Iez\u012bm\u0113 k\u013c\u016bdaino tekstu un spied Ctrl+Enter.<\/p>\n<p class=\"d-md-none d-block\">Iez\u012bm\u0113 k\u013c\u016bdaino tekstu un zi\u0146o par to!<\/p>\n","protected":false},"excerpt":{"rendered":"Par iz\u0161\u0137iro\u0161o set\u0101 k\u013cuva desmitais geims, kur\u0101 Babo\u0161a\/Stefani realiz\u0113ja otro no trim setbumb\u0101m. Ar\u012b otro setu ar servi&hellip;\n","protected":false},"author":2,"featured_media":42757,"comment_status":"","ping_status":"","sticky":false,"template":"","format":"standard","meta":{"footnotes":""},"categories":[5],"tags":[23,12076,28,29,32,33,22,30,31,35,39,38,36,37,34,40,20,26,27,24,25,21],"class_list":{"0":"post-42756","1":"post","2":"type-post","3":"status-publish","4":"format-standard","5":"has-post-thumbnail","7":"category-aktualitates","8":"tag-aktualitates","9":"tag-alona-ostapenkoatpwta","10":"tag-breaking-news","11":"tag-breakingnews","12":"tag-featured-news","13":"tag-featurednews","14":"tag-headlines","15":"tag-latest-news","16":"tag-latestnews","17":"tag-latvia","18":"tag-latvian","19":"tag-latviesu","20":"tag-latviesu-valoda","21":"tag-latviesuvaloda","22":"tag-latvija","23":"tag-lv","24":"tag-news","25":"tag-popularakas-zinas","26":"tag-popularakaszinas","27":"tag-top-stories","28":"tag-topstories","29":"tag-zinas"},"share_on_mastodon":{"url":"https:\/\/pubeurope.com\/@lv\/115509374754002533","error":""},"_links":{"self":[{"href":"https:\/\/www.europesays.com\/lv\/wp-json\/wp\/v2\/posts\/42756","targetHints":{"allow":["GET"]}}],"collection":[{"href":"https:\/\/www.europesays.com\/lv\/wp-json\/wp\/v2\/posts"}],"about":[{"href":"https:\/\/www.europesays.com\/lv\/wp-json\/wp\/v2\/types\/post"}],"author":[{"embeddable":true,"href":"https:\/\/www.europesays.com\/lv\/wp-json\/wp\/v2\/users\/2"}],"replies":[{"embeddable":true,"href":"https:\/\/www.europesays.com\/lv\/wp-json\/wp\/v2\/comments?post=42756"}],"version-history":[{"count":0,"href":"https:\/\/www.europesays.com\/lv\/wp-json\/wp\/v2\/posts\/42756\/revisions"}],"wp:featuredmedia":[{"embeddable":true,"href":"https:\/\/www.europesays.com\/lv\/wp-json\/wp\/v2\/media\/42757"}],"wp:attachment":[{"href":"https:\/\/www.europesays.com\/lv\/wp-json\/wp\/v2\/media?parent=42756"}],"wp:term":[{"taxonomy":"category","embeddable":true,"href":"https:\/\/www.europesays.com\/lv\/wp-json\/wp\/v2\/categories?post=42756"},{"taxonomy":"post_tag","embeddable":true,"href":"https:\/\/www.europesays.com\/lv\/wp-json\/wp\/v2\/tags?post=42756"}],"curies":[{"name":"wp","href":"https:\/\/api.w.org\/{rel}","templated":true}]}}