{"id":42766,"date":"2025-11-07T16:39:07","date_gmt":"2025-11-07T16:39:07","guid":{"rendered":"https:\/\/www.europesays.com\/lv\/42766\/"},"modified":"2025-11-07T16:39:07","modified_gmt":"2025-11-07T16:39:07","slug":"talantiga-dailslidotaja-izcina-uzvaru-volvo-open-junioru-sacensibas","status":"publish","type":"post","link":"https:\/\/www.europesays.com\/lv\/42766\/","title":{"rendered":"Talant\u012bg\u0101 dai\u013cslidot\u0101ja izc\u012bna uzvaru \u201cVolvo Open\u201d junioru sacens\u012bb\u0101s"},"content":{"rendered":"<p>Otr\u0101 ar 159,66 punktiem fini\u0161\u0113ja lietuviete Milana Si\u0146ausk\u012bte, kura p\u0113c ceturt\u0101s vietas ceturtdien \u012bsaj\u0101 programm\u0101 dienu v\u0113l\u0101k ar 106,38 punktiem ie\u0146\u0113ma otro vietu izv\u0113les slidojum\u0101, bet tre\u0161\u0101 kopv\u0113rt\u0113jum\u0101 ar 157,48 punktiem bija somiete Venla Sinisalo, kura p\u0113c otr\u0101s vietas pirmaj\u0101 sacens\u012bbu dien\u0101 izv\u0113les programm\u0101 sasniedza piekto lab\u0101ko rezult\u0101tu.<\/p>\n<p>Tre\u0161\u0101 izv\u0113les programm\u0101 bija Lielbrit\u0101nijas dai\u013cslidot\u0101ja Elisa Smita, kura pirmaj\u0101 sacens\u012bbu dien\u0101 bija tikai astot\u0101, kopv\u0113rt\u0113jum\u0101 ar 153,39 punktiem ie\u0146emot piekto vietu, bet ceturto vietu summ\u0101 ar tie\u0161i 154 punktiem ie\u0146\u0113ma Ung\u0101riju p\u0101rst\u0101vo\u0161\u0101 Po\u013cina D\u017eumanjijazova, kura p\u0113c tre\u0161\u0101s dienas \u012bsaj\u0101 programm\u0101 piektdien sasniedza sesto lab\u0101ko rezult\u0101tu.<\/p>\n<p>Desmito vietu divu dienu summ\u0101 ar 127,59 punktiem ie\u0146\u0113ma Paula Be\u013c\u0113vi\u010da, Taisia Krivo\u0161eja ar 123,29 punktiem fini\u0161\u0113ja 11., Miriama Sosina ar 123,15 punktiem \u2013 12., Viktorija Lange ar 99,70 punktiem \u2013 14., Sofija Basina ar 94,91 punktu \u2013 17., Adelija Matju\u0146ina ar 87,55 punktiem \u2013 18., Simona Kupl\u0101 ar 79,86 punktiem \u2013 21. viet\u0101 22 sportistu vid\u016b, bet Nata\u0161a Jermo\u013cicka sacens\u012bbas nepabeidza.<\/p>\n<p>Jau zi\u0146ots, ka \u012bsaj\u0101 programm\u0101 Baranovska sakr\u0101ja 58,27 punktus.<\/p>\n<p>Otr\u0101 ar 56,26 punktiem bija Sinisalo, bet tre\u0161\u0101 ar 55,06 punktiem \u2013 D\u017eumanjijazova.<\/p>\n<p>Jermo\u013cicka ar 51,56 punktiem ie\u0146\u0113ma sesto vietu, Be\u013c\u0113vi\u010da ar 44,38 punktiem \u2013 11., Krivo\u0161eja ar 39,41 punktu \u2013 12., Sosina ar 39,39 punktiem \u2013 13., Lange ar 35,40 punktiem \u2013 17., Basina ar 35,31 punktu \u2013 18., Matju\u0146ina ar 31,58 punktiem \u2013 19. un Kupl\u0101 ar 27,89 punktiem \u2013 21. vietu 22 sportistu vid\u016b.<\/p>\n<p>Junioriem J\u0101nis Znoti\u0146\u0161 piektdien ar 116,62 punktiem ierindoj\u0101s tre\u0161aj\u0101 viet\u0101 izv\u0113les programm\u0101 un divu dienu sacens\u012bbu summ\u0101 ar 170,33 punktiem ie\u0146\u0113ma ceturto vietu.<\/p>\n<p class=\"ad-desc ad-desc-main\">Saturs turpin\u0101s p\u0113c rekl\u0101mas<\/p>\n<p class=\"ad-desc ad-desc-sec\">Rekl\u0101ma<\/p>\n<p>Uzvaru ar 209,28 punktiem izc\u012bn\u012bja abas dienas lab\u0101ko rezult\u0101tu sasniegu\u0161ais Be\u013c\u0123ijas p\u0101rst\u0101vis Deniss Kruglovs, otrais ar 179,88 punktiem bija Lietuvu p\u0101rst\u0101vo\u0161ais Luka Imeda\u0161vili, bet tre\u0161ais ar 177,18 punktiem \u2013 Igaunijas dai\u013cslidot\u0101js Vladislavs \u010curakovs.<\/p>\n<p>Otrs Latvijas sportists Nikolajs Krivo\u0161eja piektdien izv\u0113les programm\u0101 ar 96,06 punktiem bija sestais, ar\u012b divu dienu sacens\u012bbu summ\u0101 ar 148,96 ie\u0146emot sesto vietu.<\/p>\n<p>Jau zi\u0146ots, ka \u012bsaj\u0101 programm\u0101 Znoti\u0146\u0161 ar 53,71 punktu ie\u0146\u0113ma sesto vietu desmit sportistu sacens\u012bb\u0101s.<\/p>\n<p>Lab\u0101ko rezult\u0101tu 72,52 punkti sasniedza Kruglovs.<\/p>\n<p>Krivo\u0161eja ar 52,90 punktiem ie\u0146\u0113ma astoto vietu.<\/p>\n<p>\u201cVolvo\u201d kauss tiek r\u012bkots 56. reizi.<\/p>\n<p class=\"tv3-fw-500\">Zi\u0146o par k\u013c\u016bdu rakst\u0101<\/p>\n<p class=\"d-md-block d-none\">Iez\u012bm\u0113 k\u013c\u016bdaino tekstu un spied Ctrl+Enter.<\/p>\n<p class=\"d-md-none d-block\">Iez\u012bm\u0113 k\u013c\u016bdaino tekstu un zi\u0146o par to!<\/p>\n","protected":false},"excerpt":{"rendered":"Otr\u0101 ar 159,66 punktiem fini\u0161\u0113ja lietuviete Milana Si\u0146ausk\u012bte, kura p\u0113c ceturt\u0101s vietas ceturtdien \u012bsaj\u0101 programm\u0101 dienu v\u0113l\u0101k ar&hellip;\n","protected":false},"author":2,"featured_media":42767,"comment_status":"","ping_status":"","sticky":false,"template":"","format":"standard","meta":{"footnotes":""},"categories":[17],"tags":[1295,35,39,38,36,37,34,40,67],"class_list":{"0":"post-42766","1":"post","2":"type-post","3":"status-publish","4":"format-standard","5":"has-post-thumbnail","7":"category-sports","8":"tag-dailslidosana","9":"tag-latvia","10":"tag-latvian","11":"tag-latviesu","12":"tag-latviesu-valoda","13":"tag-latviesuvaloda","14":"tag-latvija","15":"tag-lv","16":"tag-sports"},"share_on_mastodon":{"url":"https:\/\/pubeurope.com\/@lv\/115509406096694052","error":""},"_links":{"self":[{"href":"https:\/\/www.europesays.com\/lv\/wp-json\/wp\/v2\/posts\/42766","targetHints":{"allow":["GET"]}}],"collection":[{"href":"https:\/\/www.europesays.com\/lv\/wp-json\/wp\/v2\/posts"}],"about":[{"href":"https:\/\/www.europesays.com\/lv\/wp-json\/wp\/v2\/types\/post"}],"author":[{"embeddable":true,"href":"https:\/\/www.europesays.com\/lv\/wp-json\/wp\/v2\/users\/2"}],"replies":[{"embeddable":true,"href":"https:\/\/www.europesays.com\/lv\/wp-json\/wp\/v2\/comments?post=42766"}],"version-history":[{"count":0,"href":"https:\/\/www.europesays.com\/lv\/wp-json\/wp\/v2\/posts\/42766\/revisions"}],"wp:featuredmedia":[{"embeddable":true,"href":"https:\/\/www.europesays.com\/lv\/wp-json\/wp\/v2\/media\/42767"}],"wp:attachment":[{"href":"https:\/\/www.europesays.com\/lv\/wp-json\/wp\/v2\/media?parent=42766"}],"wp:term":[{"taxonomy":"category","embeddable":true,"href":"https:\/\/www.europesays.com\/lv\/wp-json\/wp\/v2\/categories?post=42766"},{"taxonomy":"post_tag","embeddable":true,"href":"https:\/\/www.europesays.com\/lv\/wp-json\/wp\/v2\/tags?post=42766"}],"curies":[{"name":"wp","href":"https:\/\/api.w.org\/{rel}","templated":true}]}}