{"id":42781,"date":"2025-11-07T16:55:08","date_gmt":"2025-11-07T16:55:08","guid":{"rendered":"https:\/\/www.europesays.com\/lv\/42781\/"},"modified":"2025-11-07T16:55:08","modified_gmt":"2025-11-07T16:55:08","slug":"mekle-sevi-%e2%9f%a9-plasi-apmekleta-filmas-tikla-ttt-legendas-dzimsana-pirmizrade-apollo-lv","status":"publish","type":"post","link":"https:\/\/www.europesays.com\/lv\/42781\/","title":{"rendered":"MEKL\u0112 SEVI! \u27e9 Pla\u0161i apmekl\u0113ta filmas &quot;T\u012bkl\u0101. TTT le\u0123endas dzim\u0161ana&quot; pirmizr\u0101de &#8211; Apollo.lv"},"content":{"rendered":"<ol>\n<li><a href=\"https:\/\/news.google.com\/rss\/articles\/CBMipAFBVV95cUxOWTVlQkZlRy1HNDJPbk1VaXJ2dnBJWU1CNTJJNU9xdGNscTBzRG05TDJRMTJONTZrUlQ1dmdhNjFiRmdOcVRLWjk3aENGTHZzUE1feEI5LVhOQ2NmWlJfSmw5ajFrNU4tRDdJOTREdkxqQ2MxaVdjRFhMa1RTODVrcnJRZW5jRngzSVBBem1KT1ZYUWFiek9YTDZxM2lTNjh3VTNNXw?oc=5\" target=\"_blank\" rel=\"nofollow noopener\">MEKL\u0112 SEVI! \u27e9 Pla\u0161i apmekl\u0113ta filmas &#8220;T\u012bkl\u0101. TTT le\u0123endas dzim\u0161ana&#8221; pirmizr\u0101de<\/a>&nbsp;&nbsp;Apollo.lv<\/li>\n<li><a href=\"https:\/\/news.google.com\/rss\/articles\/CBMi5gFBVV95cUxQbDFoN3lHLUFMRU5yV3RSTDVaTzlDM2xIMXN4c25PT1BCaEd4WGItSVZjcnhhTmNYWlBmOFZVazRwSFFLVjctd1BDcVV3WE95MkJzQjd2TWFlSDR5RVJGX0picjlVYXR2NER3Y3FOaXRQTFNZQXV4dTAzeXpnc2tYWXlGVVBwV3N6UmVWWFpEaHVPSy1oMmd1SnZnWDBfRkdWbWsxeTNEbzZxMFRHWER0Q1R5UXU2WWZDNkQ2eTlQSFBoUzZqZzd3TGdmZ1dfaVBhTHFjdjdwVHpNRG53VjJtX09DRjkxQQ?oc=5\" target=\"_blank\" rel=\"nofollow noopener\">\u013bau\u017eu j\u016bra kinote\u0101tr\u012b &#8220;Forum Cinemas&#8221; apmekl\u0113 jaun\u0101s sp\u0113lfilmas &#8220;T\u012bkl\u0101. TTT le\u0123endas dzim\u0161ana&#8221; pirmizr\u0101di. FOTO, VIDEO<\/a>&nbsp;&nbsp;Jauns.lv<\/li>\n<li><a href=\"https:\/\/news.google.com\/rss\/articles\/CBMi4AFBVV95cUxNYU45Sm9GT1pfUEd1RnY1THRDS29GRTlKRTFNbWRVdWR0bmMzRDVJb2dnWnBoNE12aklWdUJEYkNGMG5RVnRQeHE5QzR3dXVSNEN2QWg2S2QxY1NHbVRKYzZlYlUzRFZuMktaOFVEejJVU1hTTEMzeG42V1M5Vy1taFhVeEZoUGFaUVdRT3I5by1WdEpqQ1pOZHZCSklOLTBIOW5qM3ZIaGxUMnJYYlZaRTdDMURPLTNyZ0ZOVXlRZG41dzE5TjBYMnROZEw4UHVSV1ZtUTdDbWcwZm1OZjJmYg?oc=5\" target=\"_blank\" rel=\"nofollow noopener\">&#8220;Vai zin\u0101ji, ka vi\u0146a ir filmu zvaigzne?&#8221; Evel\u012bna Otto uzmirdz basketbola laukum\u0101 un uz liel\u0101 ekr\u0101na<\/a>&nbsp;&nbsp;Delfi<\/li>\n<li><a href=\"https:\/\/news.google.com\/rss\/articles\/CBMipgJBVV95cUxPZTY2VXY0VU5qV24za0dEYmc4UXM3QVkzVFBnUHpFX0poWW9jOTFGRjAyNU1GR1AwSWdZaGVHQW5sMTYzZXpvaFQxeTZKRXF0dHRocXpaQTNQck00b0VVbVN5WjhyLTVPd1hRWlZ5ZHR2Z1FoRmZrNVlmc1MxWTY4UGJaV1gxQXV6eEZOTDVLUlpNeVpuZmRuUTJOTi1QWmxyd2ZWcWRtRGx4R0h1TmdVSFlhcnJiQ19IX0VLR2lhWWlVN3M5NHlCamhiMjkzUTVOdW1OMkx1bnR1VTB3cjBxMHVXeTA2dTlKcUhfOG9WM1k0aUtZZWZpLUhxcmFjaGt2Rl9vNkpLaGFzYUlKS0lOZXpnRjROc1NsZzRKcndCVnFZbm5kY0E?oc=5\" target=\"_blank\" rel=\"nofollow noopener\">Z\u012bmju valod\u0101. Kult\u016brdeva. Re\u017eisors Dzintars Dreibergs un festiv\u0101la &#8220;Riga Music Week&#8221; organiz\u0113t\u0101jas<\/a>&nbsp;&nbsp;REplay.lv<\/li>\n<li><a href=\"https:\/\/news.google.com\/rss\/articles\/CBMi0wFBVV95cUxOWTVYeXo1eHljRUhVZTNHaTZESi1FQ3paR28xRkhBVWdhT3dBOEFxRzh2YWVpWGFFTVp3ME5OTzJtNlRUT1ZZZm9pSFZIVGUza3RCSzZ6MjZRWVhVbjZOVzAtZTNkV0Fxa1M4ZkcxT0kxbUhwVW9uWGF6TmVyWDZwMzJ1U1RadTAyUHJUMnZ2blliYmF2SVotSWJySkQzYldqYVFreFpZZmVwSzZhSDE0MUUxZVlsd2NNWG5vbTlWTnVFNW9XZHRDTU5SNThiWW1wMUxv?oc=5\" target=\"_blank\" rel=\"nofollow noopener\">FOTO: Ar sarkano pakl\u0101ju un slaveniem viesiem nosvin \u00abT\u012bkl\u0101. TTT le\u0123endas dzim\u0161ana\u00bb pirmizr\u0101di<\/a>&nbsp;&nbsp;Santa.lv<\/li>\n<\/ol>\n","protected":false},"excerpt":{"rendered":"MEKL\u0112 SEVI! \u27e9 Pla\u0161i apmekl\u0113ta filmas &#8220;T\u012bkl\u0101. TTT le\u0123endas dzim\u0161ana&#8221; pirmizr\u0101de&nbsp;&nbsp;Apollo.lv \u013bau\u017eu j\u016bra kinote\u0101tr\u012b &#8220;Forum Cinemas&#8221; apmekl\u0113 jaun\u0101s&hellip;\n","protected":false},"author":2,"featured_media":40779,"comment_status":"","ping_status":"","sticky":false,"template":"","format":"standard","meta":{"footnotes":""},"categories":[5],"tags":[23,65,28,29,1900,1901,32,33,1898,22,760,1899,90,1897,30,31,35,39,38,36,37,34,40,20,26,27,1896,67,1895,24,25,285,21],"class_list":{"0":"post-42781","1":"post","2":"type-post","3":"status-publish","4":"format-standard","5":"has-post-thumbnail","7":"category-aktualitates","8":"tag-aktualitates","9":"tag-auto","10":"tag-breaking-news","11":"tag-breakingnews","12":"tag-brivbridis","13":"tag-daba-un-dzivnieki","14":"tag-featured-news","15":"tag-featurednews","16":"tag-galerijas","17":"tag-headlines","18":"tag-horoskopi","19":"tag-itech","20":"tag-izklaide","21":"tag-kriminalzinas","22":"tag-latest-news","23":"tag-latestnews","24":"tag-latvia","25":"tag-latvian","26":"tag-latviesu","27":"tag-latviesu-valoda","28":"tag-latviesuvaloda","29":"tag-latvija","30":"tag-lv","31":"tag-news","32":"tag-popularakas-zinas","33":"tag-popularakaszinas","34":"tag-sieviete","35":"tag-sports","36":"tag-tava-balss","37":"tag-top-stories","38":"tag-topstories","39":"tag-zala-dzive","40":"tag-zinas"},"share_on_mastodon":{"url":"https:\/\/pubeurope.com\/@lv\/115509469203752089","error":""},"_links":{"self":[{"href":"https:\/\/www.europesays.com\/lv\/wp-json\/wp\/v2\/posts\/42781","targetHints":{"allow":["GET"]}}],"collection":[{"href":"https:\/\/www.europesays.com\/lv\/wp-json\/wp\/v2\/posts"}],"about":[{"href":"https:\/\/www.europesays.com\/lv\/wp-json\/wp\/v2\/types\/post"}],"author":[{"embeddable":true,"href":"https:\/\/www.europesays.com\/lv\/wp-json\/wp\/v2\/users\/2"}],"replies":[{"embeddable":true,"href":"https:\/\/www.europesays.com\/lv\/wp-json\/wp\/v2\/comments?post=42781"}],"version-history":[{"count":0,"href":"https:\/\/www.europesays.com\/lv\/wp-json\/wp\/v2\/posts\/42781\/revisions"}],"wp:featuredmedia":[{"embeddable":true,"href":"https:\/\/www.europesays.com\/lv\/wp-json\/wp\/v2\/media\/40779"}],"wp:attachment":[{"href":"https:\/\/www.europesays.com\/lv\/wp-json\/wp\/v2\/media?parent=42781"}],"wp:term":[{"taxonomy":"category","embeddable":true,"href":"https:\/\/www.europesays.com\/lv\/wp-json\/wp\/v2\/categories?post=42781"},{"taxonomy":"post_tag","embeddable":true,"href":"https:\/\/www.europesays.com\/lv\/wp-json\/wp\/v2\/tags?post=42781"}],"curies":[{"name":"wp","href":"https:\/\/api.w.org\/{rel}","templated":true}]}}